{"id":436101,"date":"2025-10-03T11:59:16","date_gmt":"2025-10-03T11:59:16","guid":{"rendered":"https:\/\/www.europesays.com\/fr\/436101\/"},"modified":"2025-10-03T11:59:16","modified_gmt":"2025-10-03T11:59:16","slug":"la-nouvelle-saison-2025-2026-du-tnba","status":"publish","type":"post","link":"https:\/\/www.europesays.com\/fr\/436101\/","title":{"rendered":"La nouvelle saison 2025 2026 du TnBA"},"content":{"rendered":"<p>Si le monde est un spectacle, et que les spectacles se jouent au tnba, alors le monde se joue au tnba.<br class=\"autobr\"\/><br \/>\nQUELQUES TEMPS FORTS<\/p>\n<p><strong>Gathering<\/strong> <br class=\"manualbr\"\/>amar Haddad King Yaa Samar\u00a0! Dance Theatre\u00a0;                                                 Gathering c\u2019est une f\u00eate, une c\u00e9l\u00e9bration, une exp\u00e9rience. Un rassemblement immersif pour le public dans lequel une femme tente de r\u00e9concilier ses souvenirs morcel\u00e9s. Ce Gathering, ce rassemblement, c\u2019est \u00ab\u00a0le sens de la communaut\u00e9 et la force de notre peuple\u00a0\u00bb selon Samar Haddad King. Artiste touche-\u00e0-tout, palestino-am\u00e9ricaine travaillant entre la Palestine et les \u00c9tats-Unis, elle fait le pari de la diversit\u00e9 des formes esth\u00e9tiques, des corps et des origines. <br class=\"autobr\"\/><br \/>\nMer. 08 Oct. 2025 au Sam. 11 Oct. 2025  <\/p>\n<p><strong>L\u2019\u00c9tang  Gis\u00e8le Vienne \/ Robert Walser   <\/strong>                                                                                                    Ad\u00e8le Haenel et Julie Shanahan plongent dans les eaux troubles d\u2019un amour filial dont elles habitent magistralement toutes les voix. Exhumant ce texte de jeunesse de Robert Walser, Gis\u00e8le Vienne continue de creuser ses obsessions de l\u2019enfance et des violences. Dans un cube blanc, sept poup\u00e9es g\u00e9antes attendent dans un lit d\u00e9fait d\u2019adolescent. Celui du jeune Fritz, si mal-aim\u00e9 qu\u2019il simule un suicide dans l\u2019\u00e9tang pour tester l\u2019amour maternel. Ce geste d\u00e9sesp\u00e9r\u00e9 ouvre un dialogue entre le fils et la m\u00e8re, duo incarn\u00e9 par Ad\u00e8le Haenel et et Julie Shanahan, endossant tous les autres r\u00f4les dans un ballet de voix int\u00e9rieures \u00e0 la tension contenue. Du th\u00e9\u00e2tre de sensations, qui nous tient en apn\u00e9e.<br class=\"autobr\"\/><br \/>\nMer. 15 Oct. 2025 au Ven. 17 Oct. 2025<\/p>\n<p><strong>Reconstitution\u00a0: le Proc\u00e8s de Bobigny<\/strong>   <br class=\"manualbr\"\/>\u00c9milie Rousset et Maya BoquetNovembre 1972    Sur d\u00e9nonciation du gar\u00e7on qui l\u2019avait viol\u00e9e, l\u2019\u00c9tat fran\u00e7ais juge Marie-Claire Chevalier, alors mineure, pour avortement ill\u00e9gal. Gr\u00e2ce \u00e0 Gis\u00e8le Halimi, son avocate, ce proc\u00e8s marque un pas d\u00e9cisif dans la marche pour la l\u00e9galisation de l\u2019avortement. Y interviennent des artistes, des politiques, des m\u00e9decins. De cet \u00e9v\u00e9nement majeur pour les droits des femmes en France, .     Y interviennent des artistes, des politiques, des m\u00e9decins. \u00c0 ces contributions, \u00c9milie Rousset et Maya Boquet ont ajout\u00e9 d\u2019autres t\u00e9moignages, dessinant un tour du monde actualis\u00e9. Lesquels souhaitez-vous entendre\u00a0? Dans le dispositif original pens\u00e9 par les deux artistes, vous menez votre propre chemin, en naviguant entre quinze interpr\u00e8tes<br class=\"autobr\"\/><br \/>\ncharg\u00e9\u00b7es de rejouer archives anciennes et entretiens r\u00e9cents. Casque sur les oreilles, vous construisez votre propre cheminement de pens\u00e9e, bousculez vos certitudes et mesurez le chemin qu\u2019il reste \u00e0 parcourir.<br class=\"autobr\"\/><br \/>\nMar. 25 Nov. 2025 au Ven. 28 Nov. 2025  Production\u00a0: tnba Dur\u00e9e 2h30<\/p>\n<p><strong>Le Sommet<\/strong> Christoph Marthaler   [Cr\u00e9ation\u00a0\/\u00a0coproduction]                                                                Comment faire soci\u00e9t\u00e9 lorsqu\u2019on est diff\u00e9rent\u00b7es, que l\u2019on ne se comprend pas et que l\u2019on fait partie des puissant\u00b7es\u00a0? Le grand metteur en sc\u00e8ne suisse reformule avec fantaisie et humour ce que nous pouvons attendre du vivre-ensemble. Six alpinistes de carte postale arrivent dans une sorte de chalet ou de refuge. Elles et ils parlent italien, allemand, anglais (d\u2019\u00c9cosse) et fran\u00e7ais mais sans \u00eatre certain\u00b7es de se comprendre tout \u00e0 fait. Pourtant, un congr\u00e8s semble se pr\u00e9parer\u00a0: un sommet au sommet\u00a0! Le metteur en sc\u00e8ne suisse rel\u00e8ve l\u2019extravagance et l\u2019inattendu dans le banal de la vie quotidienne en d\u00e9tournant les situations et \u00e9clairant les double-sens. Ce Sommet dessine une m\u00e9taphore infaillible des<br class=\"autobr\"\/><br \/>\nr\u00e9unions diplomatiques inop\u00e9rantes&#8230; Jusqu\u2019\u00e0 ce que, peut-\u00eatre, une autre fa\u00e7on d\u2019\u00eatre s\u2019impose\u00a0? D\u00e9licieusement absurde.<br class=\"autobr\"\/><br \/>\nMer. 03 D\u00e9c. 2025 au Ven. 05 D\u00e9c. 2025  Production\u00a0: tnba Dur\u00e9e 1h50<\/p>\n<p>Infos pratiques <\/p>\n<p>R\u00e9servation sur tnba.org, au guichet ou par t\u00e9l\u00e9phone 05 56 33 36 60.<br class=\"autobr\"\/><br \/>\nOuverture du mardi au vendredi de 14h \u00e0 18h\u00a0<br class=\"autobr\"\/><br \/>\net les soirs de spectacle 1 heure avant la repr\u00e9sentation.<br class=\"autobr\"\/><br \/>\nLe tnba poursuit son engagement pour une culture accessible \u00e0 tous\u00b7tes.<br class=\"autobr\"\/><br \/>\nPour toutes questions\u00a0: billetterie@tnba.org\u00a0<\/p>\n<p><strong>Et nous nous retrouvons en Janvier prochain pour la suite et fin de la saison<\/strong><\/p>\n","protected":false},"excerpt":{"rendered":"Si le monde est un spectacle, et que les spectacles se jouent au tnba, alors le monde se&hellip;\n","protected":false},"author":2,"featured_media":436102,"comment_status":"","ping_status":"","sticky":false,"template":"","format":"standard","meta":{"footnotes":""},"categories":[2817],"tags":[1111,11,1997,1777,674,1011,27,12,2219,25],"class_list":{"0":"post-436101","1":"post","2":"type-post","3":"status-publish","4":"format-standard","5":"has-post-thumbnail","7":"category-bordeaux","8":"tag-actu","9":"tag-actualites","10":"tag-bordeaux","11":"tag-eu","12":"tag-europe","13":"tag-fr","14":"tag-france","15":"tag-news","16":"tag-nouvelle-aquitaine","17":"tag-republique-francaise"},"share_on_mastodon":{"url":"https:\/\/pubeurope.com\/@fr\/115310124303183955","error":""},"_links":{"self":[{"href":"https:\/\/www.europesays.com\/fr\/wp-json\/wp\/v2\/posts\/436101","targetHints":{"allow":["GET"]}}],"collection":[{"href":"https:\/\/www.europesays.com\/fr\/wp-json\/wp\/v2\/posts"}],"about":[{"href":"https:\/\/www.europesays.com\/fr\/wp-json\/wp\/v2\/types\/post"}],"author":[{"embeddable":true,"href":"https:\/\/www.europesays.com\/fr\/wp-json\/wp\/v2\/users\/2"}],"replies":[{"embeddable":true,"href":"https:\/\/www.europesays.com\/fr\/wp-json\/wp\/v2\/comments?post=436101"}],"version-history":[{"count":0,"href":"https:\/\/www.europesays.com\/fr\/wp-json\/wp\/v2\/posts\/436101\/revisions"}],"wp:featuredmedia":[{"embeddable":true,"href":"https:\/\/www.europesays.com\/fr\/wp-json\/wp\/v2\/media\/436102"}],"wp:attachment":[{"href":"https:\/\/www.europesays.com\/fr\/wp-json\/wp\/v2\/media?parent=436101"}],"wp:term":[{"taxonomy":"category","embeddable":true,"href":"https:\/\/www.europesays.com\/fr\/wp-json\/wp\/v2\/categories?post=436101"},{"taxonomy":"post_tag","embeddable":true,"href":"https:\/\/www.europesays.com\/fr\/wp-json\/wp\/v2\/tags?post=436101"}],"curies":[{"name":"wp","href":"https:\/\/api.w.org\/{rel}","templated":true}]}}