{"id":436103,"date":"2025-10-03T12:00:18","date_gmt":"2025-10-03T12:00:18","guid":{"rendered":"https:\/\/www.europesays.com\/fr\/436103\/"},"modified":"2025-10-03T12:00:18","modified_gmt":"2025-10-03T12:00:18","slug":"stade-poitevin-bordeaux-3-joueurs-absents-chez-les-girondins","status":"publish","type":"post","link":"https:\/\/www.europesays.com\/fr\/436103\/","title":{"rendered":"Stade Poitevin-Bordeaux : 3 joueurs absents chez les Girondins"},"content":{"rendered":"<p><img decoding=\"async\" src=\"https:\/\/www.europesays.com\/fr\/wp-content\/uploads\/2025\/10\/671_9a06290e10df72b5e761a6ecee9a16cf.jpg\" alt=\"Stade Poitevin-Bordeaux : 3 joueurs absents chez les Girondins\" class=\"img-responsive mt-3\"\/><\/p>\n<p class=\"text-center mb-3\" style=\"font-size: 14px\">\u00a9 Iconsport<\/p>\n<p>      <strong>Ciss\u00e9, Rizaldos et Diop absents pour Stade Poitevin \u2013 Girondins de Bordeaux<\/strong><\/p>\n<p style=\"text-align: justify;\">Du c\u00f4t\u00e9 des bless\u00e9s, le d\u00e9panneur central Nadjib Ciss\u00e9 est toujours sur le flanc apr\u00e8s son op\u00e9ration du genou. De m\u00eame, le jeune attaquant Luigi Rizaldos consolide une fracture de la main droite. Il est en r\u00e9athl\u00e9tisation. Les deux joueurs sont forfaits pour affronter le Stade Poitevin.<\/p>\n<p style=\"text-align: justify;\">\u00c0 ces deux absences, s&rsquo;ajoute celle d&rsquo;Adama Diop, milieu de terrain qui purge un match de suspension apr\u00e8s accumulation de 3 cartons jaunes.<\/p>\n<p style=\"text-align: justify;\">Concernant Royce Openda et \u00c9tienne Beugre, ils sont \u00e0 disposition de l&rsquo;entra\u00eeneur Bruno Irl\u00e8s. Les deux hommes se sont entrain\u00e9s normalement sur la plaine des Sports du Haillan ce jeudi apr\u00e8s-midi.<\/p>\n<p style=\"text-align: justify;\">\u00c0 lire aussi &gt;&gt; <strong>Entretien.<\/strong> <strong><a href=\"https:\/\/www.webgirondins.com\/actualite-girondins-entretien-luc-davaillon-stade-poitevin-previent-les-girondins-avant-le-match-de-samedi-130660\" target=\"_blank\" rel=\"noopener\">Luc Davaillon (Stade Poitevin) pr\u00e9vient les Girondins avant le match de samedi<\/a><\/strong><\/p>\n<p style=\"text-align: justify;\">\u00c9coutez notre podcast court sur l&rsquo;actu des Girondins :<\/p>\n<p>\u00a0<\/p>\n<p>\u00a0<\/p>\n","protected":false},"excerpt":{"rendered":"\u00a9 Iconsport Ciss\u00e9, Rizaldos et Diop absents pour Stade Poitevin \u2013 Girondins de Bordeaux Du c\u00f4t\u00e9 des bless\u00e9s,&hellip;\n","protected":false},"author":2,"featured_media":436104,"comment_status":"","ping_status":"","sticky":false,"template":"","format":"standard","meta":{"footnotes":""},"categories":[2817],"tags":[56357,53470,1111,11,3396,1997,3530,56356,45895,1777,674,2823,1011,27,1987,4059,3465,3238,12,2219,36302,471,25,3982,2858,1100],"class_list":{"0":"post-436103","1":"post","2":"type-post","3":"status-publish","4":"format-standard","5":"has-post-thumbnail","7":"category-bordeaux","8":"tag-absences","9":"tag-absents","10":"tag-actu","11":"tag-actualites","12":"tag-avec","13":"tag-bordeaux","14":"tag-chez","15":"tag-composer","16":"tag-devront","17":"tag-eu","18":"tag-europe","19":"tag-face","20":"tag-fr","21":"tag-france","22":"tag-girondins","23":"tag-joueurs","24":"tag-journee","25":"tag-national","26":"tag-news","27":"tag-nouvelle-aquitaine","28":"tag-poitevin","29":"tag-pour","30":"tag-republique-francaise","31":"tag-samedi","32":"tag-stade","33":"tag-trois"},"share_on_mastodon":{"url":"https:\/\/pubeurope.com\/@fr\/115310128715540648","error":""},"_links":{"self":[{"href":"https:\/\/www.europesays.com\/fr\/wp-json\/wp\/v2\/posts\/436103","targetHints":{"allow":["GET"]}}],"collection":[{"href":"https:\/\/www.europesays.com\/fr\/wp-json\/wp\/v2\/posts"}],"about":[{"href":"https:\/\/www.europesays.com\/fr\/wp-json\/wp\/v2\/types\/post"}],"author":[{"embeddable":true,"href":"https:\/\/www.europesays.com\/fr\/wp-json\/wp\/v2\/users\/2"}],"replies":[{"embeddable":true,"href":"https:\/\/www.europesays.com\/fr\/wp-json\/wp\/v2\/comments?post=436103"}],"version-history":[{"count":0,"href":"https:\/\/www.europesays.com\/fr\/wp-json\/wp\/v2\/posts\/436103\/revisions"}],"wp:featuredmedia":[{"embeddable":true,"href":"https:\/\/www.europesays.com\/fr\/wp-json\/wp\/v2\/media\/436104"}],"wp:attachment":[{"href":"https:\/\/www.europesays.com\/fr\/wp-json\/wp\/v2\/media?parent=436103"}],"wp:term":[{"taxonomy":"category","embeddable":true,"href":"https:\/\/www.europesays.com\/fr\/wp-json\/wp\/v2\/categories?post=436103"},{"taxonomy":"post_tag","embeddable":true,"href":"https:\/\/www.europesays.com\/fr\/wp-json\/wp\/v2\/tags?post=436103"}],"curies":[{"name":"wp","href":"https:\/\/api.w.org\/{rel}","templated":true}]}}