{"id":436107,"date":"2025-10-03T12:02:09","date_gmt":"2025-10-03T12:02:09","guid":{"rendered":"https:\/\/www.europesays.com\/fr\/436107\/"},"modified":"2025-10-03T12:02:09","modified_gmt":"2025-10-03T12:02:09","slug":"toulouse-un-proces-dune-semaine-souvre-pour-une-importante-affaire-de-traite-detre-humains-et-prostitution","status":"publish","type":"post","link":"https:\/\/www.europesays.com\/fr\/436107\/","title":{"rendered":"Toulouse. Un proc\u00e8s d&rsquo;une semaine s&rsquo;ouvre pour une importante affaire de traite d&rsquo;\u00eatre humains et prostitution"},"content":{"rendered":"<p>            Par<br \/>\n        <strong><br \/>\n            <a href=\"https:\/\/actu.fr\/auteur\/mareva-laville-actu-fr\" title=\"Consulter tous les articles de Mar\u00e9va Laville\" rel=\"nofollow noopener\" target=\"_blank\">Mar\u00e9va Laville<\/a><br \/>\n        <\/strong><\/p>\n<p>        Publi\u00e9 le<\/p>\n<p>            3 oct. 2025 \u00e0 13h52        <\/p>\n<p>Une semaine compl\u00e8te d\u2019audience s\u2019ouvrira lundi 6 octobre 2025 au <strong>palais de justice de Toulouse,<\/strong> pour une affaire d\u2019ampleur. <strong>Du lundi 6 au vendredi 10 octobre<\/strong>, 14 pr\u00e9venus seront jug\u00e9s au <strong>tribunal correctionnel<\/strong>. La raison ? \u00ab\u00a0Une importante <strong>affaire de traite d\u2019\u00eatre humains<\/strong>\u00ab\u00a0, indique le parquet de Toulouse.\u00a0<\/p>\n<p>Un long travail d\u2019enqu\u00eate sur des r\u00e9seaux de prostitution<\/p>\n<p class=\" wall-content\">Le vaste dossier fait au travail d\u2019enqu\u00eate men\u00e9 par les gendarmes de la <strong><a href=\"https:\/\/actu.fr\/occitanie\/cagnac-les-mines_81048\/proces-jubillar-a-cagnac-les-mines-ces-zones-non-fouillees-qui-auraient-pu-servir-a-dissimuler-un-corps_63239421.html\" rel=\"nofollow noopener\" target=\"_blank\">section de recherches de Toulouse<\/a>.<\/strong> Les militaires ont r\u00e9ussi \u00e0 d\u00e9manteler en simultan\u00e9 deux r\u00e9seaux criminels ayant <a href=\"https:\/\/actu.fr\/occitanie\/toulouse_31555\/toulouse-qui-est-s-ce-jeune-de-19-ans-accuse-d-avoir-pousse-deux-femmes-a-se-prostituer-dont-une-mineure_62622863.html\" rel=\"nofollow noopener\" target=\"_blank\"><strong>prostitu\u00e9 des jeunes filles<\/strong> <\/a>dans de nombreuses villes en France et \u00e0 l\u2019\u00e9tranger sur une p\u00e9riode de plusieurs mois.<\/p>\n<p class=\" wall-content\">\u00ab\u00a0Les investigations portaient initialement sur un premier r\u00e9seau qui recrutait principalement \u00e0 Toulouse des <strong>adolescentes mineures<\/strong> plac\u00e9es ou suivies par <strong>l\u2019Aide Sociale \u00e0 l\u2019Enfance (ASE)<\/strong>\u00ab\u00a0, explique le procureur de la R\u00e9publique de Toulouse, David Charmatz.<\/p>\n<p class=\" wall-content\">Ce, dans le but de les <strong>prostituer en France, en Belgique et en Suisse,<\/strong> \u00ab\u00a0dans des h\u00f4tels ou des locations meubl\u00e9es de courte dur\u00e9e sous la surveillance de souteneurs, dont un grand nombre \u00e9taient \u00e9galement mineurs\u00a0\u00bb.<\/p>\n<p>La t\u00eate du r\u00e9seau \u00e9tait d\u00e9j\u00e0 en prison<\/p>\n<p class=\" wall-content\">Selon les informations communiqu\u00e9es par le parquet, ce r\u00e9seau toulousain \u00e9tait<strong> dirig\u00e9 par un homme<\/strong>\u00a0<strong>d\u00e9j\u00e0 condamn\u00e9<\/strong> par la justice et qui orchestrait cette activit\u00e9 <strong>depuis son lieu d\u2019incarc\u00e9ration.\u00a0<\/strong><\/p>\n<p>Vid\u00e9os : en ce moment sur Actu<\/p>\n<p class=\" wall-content\">Mais en dessous, ils \u00e9taient plusieurs. Durant l\u2019enqu\u00eate, il a \u00e9t\u00e9 constat\u00e9 que \u00ab\u00a0des cadres de ce r\u00e9seau d\u00e9cidaient de se mettre \u00e0 leur compte et de cr\u00e9er un r\u00e9seau concurrent\u00a0\u00bb, rapporte le procureur de la R\u00e9publique de Toulouse. Ces mouvements ont entra\u00een\u00e9 \u00ab\u00a0de vives tensions entre d\u00e9linquants conduisant \u00e0 des menaces et des repr\u00e9sailles\u00a0\u00bb. La plupart de ces membres ont \u00e9t\u00e9 arr\u00eat\u00e9s par la Gendarmerie nationale.\u00a0<\/p>\n<p>18 personnes plac\u00e9es en d\u00e9tention provisoire<\/p>\n<p class=\" wall-content\">Au total, le parquet compte <strong>22 personnes mises en examen<\/strong>, dont <strong>18 plac\u00e9es en d\u00e9tention provisoire<\/strong> au d\u00e9but de l\u2019information judiciaire.<\/p>\n<p>Votre r\u00e9gion, votre actu !<\/p>\n<p>Recevez chaque jour les infos qui comptent pour vous.<\/p>\n<p>\t<a href=\"https:\/\/actu.fr\/newsletter\" class=\"ac-btn ac-btn--corner ac-btn--medium ac-btn--blue800\" rel=\"nofollow noopener\" target=\"_blank\">S&rsquo;incrire<\/a><\/p>\n<p class=\" wall-content\">Au bout du compte, <strong>14 adultes et huit mineurs sont poursuivis.<\/strong> Les 14 pr\u00e9venus comparaitront devant le tribunal correctionnel la semaine prochaine \u00ab\u00a0pour r\u00e9pondre de leur implication dans ces r\u00e9seaux\u00a0\u00bb. Les huit mineurs, quant \u00e0 eux, seront renvoy\u00e9s ult\u00e9rieurement devant le tribunal pour enfants de Toulouse.<\/p>\n<p class=\" wall-content\">Personnalisez votre actualit\u00e9 en ajoutant vos villes et m\u00e9dias en favori avec <a href=\"https:\/\/moncompte.actu.fr\" title=\"D\u00e9couvez Mon Actu\" rel=\"nofollow noopener\" data-trk=\"{&quot;cta&quot;:{&quot;action&quot;:&quot;https:\\\/\\\/moncompte.actu.fr&quot;,&quot;category&quot;:&quot;mon compte&quot;,&quot;from&quot;:&quot;article footer&quot;,&quot;name&quot;:&quot;Mon actu&quot;,&quot;type&quot;:&quot;cta&quot;}}\" target=\"_blank\">Mon Actu<\/a>.<\/p>\n","protected":false},"excerpt":{"rendered":"Par Mar\u00e9va Laville Publi\u00e9 le 3 oct. 2025 \u00e0 13h52 Une semaine compl\u00e8te d\u2019audience s\u2019ouvrira lundi 6 octobre&hellip;\n","protected":false},"author":2,"featured_media":436108,"comment_status":"","ping_status":"","sticky":false,"template":"","format":"standard","meta":{"footnotes":""},"categories":[2816],"tags":[1111,11,1777,674,118,1011,27,3381,303,12,2680,25,2312],"class_list":{"0":"post-436107","1":"post","2":"type-post","3":"status-publish","4":"format-standard","5":"has-post-thumbnail","7":"category-toulouse","8":"tag-actu","9":"tag-actualites","10":"tag-eu","11":"tag-europe","12":"tag-faits-divers","13":"tag-fr","14":"tag-france","15":"tag-gendarmerie","16":"tag-justice","17":"tag-news","18":"tag-occitanie","19":"tag-republique-francaise","20":"tag-toulouse"},"share_on_mastodon":{"url":"https:\/\/pubeurope.com\/@fr\/115310136259773674","error":""},"_links":{"self":[{"href":"https:\/\/www.europesays.com\/fr\/wp-json\/wp\/v2\/posts\/436107","targetHints":{"allow":["GET"]}}],"collection":[{"href":"https:\/\/www.europesays.com\/fr\/wp-json\/wp\/v2\/posts"}],"about":[{"href":"https:\/\/www.europesays.com\/fr\/wp-json\/wp\/v2\/types\/post"}],"author":[{"embeddable":true,"href":"https:\/\/www.europesays.com\/fr\/wp-json\/wp\/v2\/users\/2"}],"replies":[{"embeddable":true,"href":"https:\/\/www.europesays.com\/fr\/wp-json\/wp\/v2\/comments?post=436107"}],"version-history":[{"count":0,"href":"https:\/\/www.europesays.com\/fr\/wp-json\/wp\/v2\/posts\/436107\/revisions"}],"wp:featuredmedia":[{"embeddable":true,"href":"https:\/\/www.europesays.com\/fr\/wp-json\/wp\/v2\/media\/436108"}],"wp:attachment":[{"href":"https:\/\/www.europesays.com\/fr\/wp-json\/wp\/v2\/media?parent=436107"}],"wp:term":[{"taxonomy":"category","embeddable":true,"href":"https:\/\/www.europesays.com\/fr\/wp-json\/wp\/v2\/categories?post=436107"},{"taxonomy":"post_tag","embeddable":true,"href":"https:\/\/www.europesays.com\/fr\/wp-json\/wp\/v2\/tags?post=436107"}],"curies":[{"name":"wp","href":"https:\/\/api.w.org\/{rel}","templated":true}]}}