{"id":436109,"date":"2025-10-03T12:03:09","date_gmt":"2025-10-03T12:03:09","guid":{"rendered":"https:\/\/www.europesays.com\/fr\/436109\/"},"modified":"2025-10-03T12:03:09","modified_gmt":"2025-10-03T12:03:09","slug":"lille-attire-toujours-autant-les-neobacheliers-de-la-region-mais-pas-seulement","status":"publish","type":"post","link":"https:\/\/www.europesays.com\/fr\/436109\/","title":{"rendered":"Lille attire toujours autant les n\u00e9obacheliers de la r\u00e9gion, mais pas seulement"},"content":{"rendered":"<p>            Par<br \/>\n        <strong><br \/>\n            <a href=\"https:\/\/actu.fr\/auteur\/raphael-mahlmann\" title=\"Consulter tous les articles de Rapha\u00ebl Mahlmann\" target=\"_blank\" rel=\"noopener\">Rapha\u00ebl Mahlmann<\/a><br \/>\n        <\/strong><\/p>\n<p>        Publi\u00e9 le<\/p>\n<p>            3 oct. 2025 \u00e0 12h50        <\/p>\n<p>Parmi les quelque 40\u2009000 n\u00e9obacheliers de la r\u00e9gion poursuivant leurs \u00e9tudes dans l\u2019enseignement sup\u00e9rieur en 2022, <b>seuls 10,7\u2009% d\u2019entre eux <\/b>partent des <a href=\"https:\/\/actu.fr\/societe\/hauts-de-france-voici-comment-la-population-a-plus-que-double-en-deux-siecles_63232927.html\" target=\"_blank\" rel=\"noopener\">Hauts-de-France<\/a>, r\u00e9v\u00e8le une r\u00e9cente \u00e9tude de l\u2019Insee. C\u2019est bien en de\u00e7\u00e0 de la moyenne nationale \u00e9tablie \u00e0 16,9\u2009%. <b>La mobilit\u00e9 au sein de la r\u00e9gion<\/b> est en revanche importante et nombreux sont les \u00e9tudiants \u00e0 se diriger vers <a href=\"https:\/\/actu.fr\/hauts-de-france\/lille_59350\" target=\"_blank\" rel=\"noopener\">Lille<\/a> ou <a href=\"https:\/\/actu.fr\/hauts-de-france\/amiens_80021\" target=\"_blank\" rel=\"noopener\">Amiens<\/a>. Ces \u00e9l\u00e8ves sont donc amen\u00e9s \u00e0 d\u00e9m\u00e9nager ou effectuer des navettes quotidiennes. On fait le point.<\/p>\n<p>Lille, une ville tr\u00e8s attractive pour les \u00e9tudiants<\/p>\n<p data-end=\"1621\" class=\" wall-content\">\u00c0 elle seule, la zone de Lille concentre<b> <\/b><b>43\u2009% des places de la r\u00e9gion<\/b> et se distingue par une forte offre priv\u00e9e. Les zones d\u2019Amiens, <a href=\"https:\/\/actu.fr\/hauts-de-france\/valenciennes_59606\" target=\"_blank\" rel=\"noopener\">Valenciennes<\/a> et <a href=\"https:\/\/actu.fr\/hauts-de-france\/calais_62193\" target=\"_blank\" rel=\"noopener\">Calais<\/a> disposent \u00e9galement d\u2019un large \u00e9ventail de formations, mais moins \u00e9tendu que celle de Lille o\u00f9 on peut retrouver des formations non pr\u00e9sentes dans le reste de la r\u00e9gion (IEP, ESJ, LAS\u2026). Lille dispose \u00e9galement d\u2019un important r\u00e9seau routier et de transports en commun, favorisant les d\u00e9placements au sein m\u00eame de l\u2019acad\u00e9mie, notamment pour les \u00e9tudiants de <a href=\"https:\/\/actu.fr\/hauts-de-france\/roubaix_59512\" target=\"_blank\" rel=\"noopener\">Roubaix<\/a> et <a href=\"https:\/\/actu.fr\/hauts-de-france\/tourcoing_59599\" target=\"_blank\" rel=\"noopener\">Tourcoing<\/a>.<\/p>\n<p data-end=\"1621\" class=\" wall-content\">La zone de Lille reste donc tr\u00e8s attractive pour les n\u00e9obacheliers de la r\u00e9gion, mais aussi pour certains venant d\u2019autres r\u00e9gions comme la <b>Normandie ou l\u2019\u00cele-de-France<\/b>. Une attractivit\u00e9 qui lui a permis de gagner <b>12\u2009400 n\u00e9obacheliers<\/b>, soit le solde le plus \u00e9lev\u00e9 de la r\u00e9gion.<\/p>\n<p data-end=\"1621\" class=\" wall-content\">En dehors de Lille, deux zones de la r\u00e9gion parviennent \u00e0 attirer plus d\u2019\u00e9tudiants qu\u2019ils n\u2019en partent. Il s\u2019agit des zones d\u2019<b>Arras <\/b>et de <b>Valenciennes<\/b>. \u00c0 l\u2019inverse, tr\u00e8s peu de n\u00e9obacheliers venant d\u2019autres zones s\u2019inscrivent dans celles de Maubeuge et Dunkerque.<\/p>\n<p>Votre r\u00e9gion, votre actu !<\/p>\n<p>Recevez chaque jour les infos qui comptent pour vous.<\/p>\n<p>\t<a href=\"https:\/\/actu.fr\/newsletter\" class=\"ac-btn ac-btn--corner ac-btn--medium ac-btn--blue800\" target=\"_blank\" rel=\"noopener\">S&rsquo;incrire<\/a><\/p>\n<p data-end=\"1621\" class=\" wall-content\">Par ailleurs, les Hauts-de-France ont attir\u00e9 7\u2009800 n\u00e9obacheliers originaires d\u2019autres r\u00e9gions. En prenant en compte les d\u00e9parts, les Hauts-de-France est la <b>2e r\u00e9gion de France avec le solde le plus \u00e9lev\u00e9<\/b> en effectifs derri\u00e8re l\u2019\u00cele-de-France.<\/p>\n<p>Les \u00e9l\u00e8ves favoris\u00e9s sont plus mobiles<\/p>\n<p data-end=\"1921\" class=\" wall-content\">Les bacheliers issus d\u2019un bac g\u00e9n\u00e9ral, en particulier ceux ayant <b>obtenu une mention tr\u00e8s bien<\/b>, sont les plus mobiles. En revanche, ceux issus des fili\u00e8res technologiques et professionnels ont tendance \u00e0 plut\u00f4t rester au sein de leur zone ou de leur acad\u00e9mie. L\u2019\u00e9tude montre \u00e9galement que plus la mention est \u00e9lev\u00e9e, plus la mobilit\u00e9 est forte.<\/p>\n<p data-end=\"2171\" class=\" wall-content\"><b>L\u2019origine sociale<\/b> joue \u00e9galement dans leur mobilit\u00e9. Les \u00e9l\u00e8ves d\u2019origine tr\u00e8s favoris\u00e9e sont plus amen\u00e9s \u00e0 changer d\u2019acad\u00e9mie voire de r\u00e9gion pour s\u2019inscrire dans des fili\u00e8res s\u00e9lectives comme les classes pr\u00e9paratoires, les \u00e9coles de commerce, de sciences politiques et d\u2019ing\u00e9nieurs.<\/p>\n<p data-end=\"2171\" class=\" wall-content\">Certaines formations sont parfois plus rares et in\u00e9galement r\u00e9parties dans la r\u00e9gion. Les parcours d\u2019acc\u00e8s sp\u00e9cifiques sant\u00e9 (PASS) se situent dans les si\u00e8ges d\u2019acad\u00e9mie et les Licences Acc\u00e8s Sant\u00e9 (LAS) sont in\u00e9galement r\u00e9parties sur le territoire. \u00c0 l\u2019inverse, les DE infirmier, les BTS services et les BTS production sont pr\u00e9sents sur l\u2019ensemble de la r\u00e9gion, limitant ainsi les d\u00e9parts des \u00e9tudiants hors de leur zone.<\/p>\n<p class=\" wall-content\">Personnalisez votre actualit\u00e9 en ajoutant vos villes et m\u00e9dias en favori avec <a href=\"https:\/\/moncompte.actu.fr\" title=\"D\u00e9couvez Mon Actu\" rel=\"nofollow noopener\" data-trk=\"{&quot;cta&quot;:{&quot;action&quot;:&quot;https:\\\/\\\/moncompte.actu.fr&quot;,&quot;category&quot;:&quot;mon compte&quot;,&quot;from&quot;:&quot;article footer&quot;,&quot;name&quot;:&quot;Mon actu&quot;,&quot;type&quot;:&quot;cta&quot;}}\" target=\"_blank\">Mon Actu<\/a>.<\/p>\n","protected":false},"excerpt":{"rendered":"Par Rapha\u00ebl Mahlmann Publi\u00e9 le 3 oct. 2025 \u00e0 12h50 Parmi les quelque 40\u2009000 n\u00e9obacheliers de la r\u00e9gion&hellip;\n","protected":false},"author":2,"featured_media":436110,"comment_status":"","ping_status":"","sticky":false,"template":"","format":"standard","meta":{"footnotes":""},"categories":[2815],"tags":[1111,11,1064,1777,674,1011,27,811,1307,12,25,104],"class_list":{"0":"post-436109","1":"post","2":"type-post","3":"status-publish","4":"format-standard","5":"has-post-thumbnail","7":"category-lille","8":"tag-actu","9":"tag-actualites","10":"tag-etudiantses","11":"tag-eu","12":"tag-europe","13":"tag-fr","14":"tag-france","15":"tag-hauts-de-france","16":"tag-lille","17":"tag-news","18":"tag-republique-francaise","19":"tag-societe"},"share_on_mastodon":{"url":"https:\/\/pubeurope.com\/@fr\/115310140146276398","error":""},"_links":{"self":[{"href":"https:\/\/www.europesays.com\/fr\/wp-json\/wp\/v2\/posts\/436109","targetHints":{"allow":["GET"]}}],"collection":[{"href":"https:\/\/www.europesays.com\/fr\/wp-json\/wp\/v2\/posts"}],"about":[{"href":"https:\/\/www.europesays.com\/fr\/wp-json\/wp\/v2\/types\/post"}],"author":[{"embeddable":true,"href":"https:\/\/www.europesays.com\/fr\/wp-json\/wp\/v2\/users\/2"}],"replies":[{"embeddable":true,"href":"https:\/\/www.europesays.com\/fr\/wp-json\/wp\/v2\/comments?post=436109"}],"version-history":[{"count":0,"href":"https:\/\/www.europesays.com\/fr\/wp-json\/wp\/v2\/posts\/436109\/revisions"}],"wp:featuredmedia":[{"embeddable":true,"href":"https:\/\/www.europesays.com\/fr\/wp-json\/wp\/v2\/media\/436110"}],"wp:attachment":[{"href":"https:\/\/www.europesays.com\/fr\/wp-json\/wp\/v2\/media?parent=436109"}],"wp:term":[{"taxonomy":"category","embeddable":true,"href":"https:\/\/www.europesays.com\/fr\/wp-json\/wp\/v2\/categories?post=436109"},{"taxonomy":"post_tag","embeddable":true,"href":"https:\/\/www.europesays.com\/fr\/wp-json\/wp\/v2\/tags?post=436109"}],"curies":[{"name":"wp","href":"https:\/\/api.w.org\/{rel}","templated":true}]}}