{"id":436111,"date":"2025-10-03T12:04:11","date_gmt":"2025-10-03T12:04:11","guid":{"rendered":"https:\/\/www.europesays.com\/fr\/436111\/"},"modified":"2025-10-03T12:04:11","modified_gmt":"2025-10-03T12:04:11","slug":"une-grosse-confirmation-tombe-pour-doue-et-kvaratskhelia-avant-lille-psg","status":"publish","type":"post","link":"https:\/\/www.europesays.com\/fr\/436111\/","title":{"rendered":"Une grosse confirmation tombe pour Dou\u00e9 et Kvaratskhelia avant Lille-PSG"},"content":{"rendered":"<p>Malgr\u00e9 les blessures et les doutes, ce Paris Saint-Germain reste sur sa lanc\u00e9e. Sans trembler, les Rouge et Bleu se sont froidement impos\u00e9s \u00e0 Barcelone ce mercredi apr\u00e8s avoir \u00e9trill\u00e9 l\u2019Atalanta au Parc des Princes. R\u00e9sultat : 6 points sur 6 en Ligue des Champions, en plus d\u2019une premi\u00e8re place en Ligue 1.<\/p>\n<p>En parlant de Ligue 1, le club de la capitale doit encore faire face \u00e0 un rude adversaire avec le LOSC du c\u00f4t\u00e9 de Mauroy ce dimanche soir (20h45, 7e journ\u00e9e). Une derni\u00e8re \u00e9ch\u00e9ance avant le lancement de la tr\u00eave internationale, dernier \u00e9tape avant de nombreux retours dans l\u2019effectif. L\u00e0, on pense notamment \u00e0 Demb\u00e9l\u00e9, Marquinhos, Dou\u00e9 et Kvaratskhelia.<\/p>\n<p>Khvicha Kvaratskhelia et D\u00e9sir\u00e9 Dou\u00e9 out<\/p>\n<p>Concernant ces deux derniers cit\u00e9s, un espoir existait encore de les voir figurer dans le groupe de Luis Enrique pour se rendre dans le Nord. Espoir tu\u00e9 dans l\u2019\u0153uf par <a href=\"https:\/\/www.leparisien.fr\/\" target=\"_blank\" rel=\"noopener\">Le Parisien<\/a>. Selon cette source, <a href=\"https:\/\/allezparis.fr\/joueurs\/khvicha-kvaratskhelia\" target=\"_blank\" rel=\"noopener\">Khvicha Kvaratskhelia<\/a> est bien out pour les prochaines semaines. Il rejoindra d\u2019ailleurs bient\u00f4t sa s\u00e9lection afin de faire constater sa blessure au staff g\u00e9orgien.<\/p>\n<p>La suite apr\u00e8s la publicit\u00e9<\/p>\n<p>Une fois cela fait, il rentrera \u00e0 Paris pour se reposer. M\u00eame constat, ou presque, pour <a href=\"https:\/\/allezparis.fr\/joueurs\/desire-doue\" target=\"_blank\" rel=\"noopener\">D\u00e9sir\u00e9 Dou\u00e9<\/a>. Le crack fran\u00e7ais est ainsi sur le chemin du retour. Il ne lui manque pas grand-chose afin d\u2019\u00eatre pr\u00eat, mais cela devrait tout de m\u00eame \u00eatre trop juste pour le choc \u00e0 Lille ce dimanche. Luis Enrique ne devrait donc prendre aucun risque et laisser son joueur r\u00e9cup\u00e9rer tranquillement pour revenir \u00e0 100% au sortir de la tr\u00eave d\u2019octobre.<\/p>\n<p>On attend d\u00e9sormais le communiqu\u00e9 m\u00e9dical du PSG, pr\u00e9vu ce samedi matin, pour d\u00e9finitivement \u00e9clairer notre lanterne. L\u2019occasion \u00e9galement d\u2019en savoir un peu plus au sujet de Joao Neves. Car oui, le milieu portugais a pr\u00e9f\u00e9r\u00e9 jeter l\u2019\u00e9ponge juste avant le coup d\u2019envoi \u00e0 Barcelone, <a href=\"https:\/\/allezparis.fr\/coupes\/ligue-des-champions\/nomme-pour-stopper-pedri-neves-avait-peur-de-voir-son-corps-peter-48296\" target=\"_blank\" rel=\"noopener\">lui qui ne se sentait pas bien physiquement.<\/a> L\u00e0 aussi, il est fort probable que Lucho ne tire pas sur la corde. <a href=\"https:\/\/allezparis.fr\/selections\/completement-hs-fabian-ruiz-reste-a-paris-pendant-la-treve-48313\" target=\"_blank\" rel=\"noopener\">M\u00eame constat pour Fabian Ruiz non retenu avec la Roja et touch\u00e9 \u00e0 la cuisse mercredi.<\/a><\/p>\n<p>Quelle composition pour le PSG \u00e0 Lille ?<\/p>\n<p>Vous l\u2019aurez compris, un nouveau casse-t\u00eate de composition d\u2019\u00e9quipe se profile pour Lucho. Surtout qu\u2019apr\u00e8s un match XXL en Catalogne, les organismes doivent \u00eatre bien \u00e9prouv\u00e9s. Hakimi et Nuno pourraient peut-\u00eatre souffler, tandis que Mayulu encha\u00eenerait plut\u00f4t au milieu. Gon\u00e7alo Ramos, Kang-In Lee et Ibrahim Mbaye pourraient \u00e9galement \u00eatre titulaires sachant que Barcola para\u00eet bien fatigu\u00e9 \u00e9galement. Mais dans l\u2019\u00e9tat actuel des choses, tout \u00e7a semble bien flou.<\/p>\n<p>Pour rappel, Luis Enrique se pr\u00e9sentera en conf\u00e9rence de presse ce samedi \u00e0 partir de 13 heures.<\/p>\n<p>Une composition possible du PSG \u00e0 Lille : Chevalier \u2013 Hakimi, Zabarnyi, Beraldo, Lucas \u2013 Za\u00efre-Emery, Vitinha, Mayulu \u2013 Lee, Ramos, Mbaye<\/p>\n<p>Les absents : Demb\u00e9l\u00e9, Dou\u00e9, Marquinhos, Kvaratskhelia, Joao Neves (incertain), Fabian Ruiz (incertain)<\/p>\n<p>Pub. le 03\/10\/2025 &#8211; 13:36\t\t &#8211; MAJ 03\/10\/2025 &#8211; 13:38\t<\/p>\n<p>Passionn\u00e9 et autodidacte, je dirige la r\u00e9daction de AllezParis.fr. Journaliste sp\u00e9cialis\u00e9 sur le PSG, je couvre au quotidien les infos du club avec des news, des \u00e9ditos ou encore des conf\u00e9rences de presse.<\/p>\n","protected":false},"excerpt":{"rendered":"Malgr\u00e9 les blessures et les doutes, ce Paris Saint-Germain reste sur sa lanc\u00e9e. Sans trembler, les Rouge et&hellip;\n","protected":false},"author":2,"featured_media":436112,"comment_status":"","ping_status":"","sticky":false,"template":"","format":"standard","meta":{"footnotes":""},"categories":[2815],"tags":[1111,11,1640,1777,674,1011,27,811,13297,66,1307,56358,12,25],"class_list":{"0":"post-436111","1":"post","2":"type-post","3":"status-publish","4":"format-standard","5":"has-post-thumbnail","7":"category-lille","8":"tag-actu","9":"tag-actualites","10":"tag-desire-doue","11":"tag-eu","12":"tag-europe","13":"tag-fr","14":"tag-france","15":"tag-hauts-de-france","16":"tag-khvicha-kvaratskhelia","17":"tag-ligue-1","18":"tag-lille","19":"tag-lille-psg","20":"tag-news","21":"tag-republique-francaise"},"share_on_mastodon":{"url":"https:\/\/pubeurope.com\/@fr\/115310144061420163","error":""},"_links":{"self":[{"href":"https:\/\/www.europesays.com\/fr\/wp-json\/wp\/v2\/posts\/436111","targetHints":{"allow":["GET"]}}],"collection":[{"href":"https:\/\/www.europesays.com\/fr\/wp-json\/wp\/v2\/posts"}],"about":[{"href":"https:\/\/www.europesays.com\/fr\/wp-json\/wp\/v2\/types\/post"}],"author":[{"embeddable":true,"href":"https:\/\/www.europesays.com\/fr\/wp-json\/wp\/v2\/users\/2"}],"replies":[{"embeddable":true,"href":"https:\/\/www.europesays.com\/fr\/wp-json\/wp\/v2\/comments?post=436111"}],"version-history":[{"count":0,"href":"https:\/\/www.europesays.com\/fr\/wp-json\/wp\/v2\/posts\/436111\/revisions"}],"wp:featuredmedia":[{"embeddable":true,"href":"https:\/\/www.europesays.com\/fr\/wp-json\/wp\/v2\/media\/436112"}],"wp:attachment":[{"href":"https:\/\/www.europesays.com\/fr\/wp-json\/wp\/v2\/media?parent=436111"}],"wp:term":[{"taxonomy":"category","embeddable":true,"href":"https:\/\/www.europesays.com\/fr\/wp-json\/wp\/v2\/categories?post=436111"},{"taxonomy":"post_tag","embeddable":true,"href":"https:\/\/www.europesays.com\/fr\/wp-json\/wp\/v2\/tags?post=436111"}],"curies":[{"name":"wp","href":"https:\/\/api.w.org\/{rel}","templated":true}]}}