{"id":436113,"date":"2025-10-03T12:05:13","date_gmt":"2025-10-03T12:05:13","guid":{"rendered":"https:\/\/www.europesays.com\/fr\/436113\/"},"modified":"2025-10-03T12:05:13","modified_gmt":"2025-10-03T12:05:13","slug":"meetup-innovprovence-special-sante-metropole-aix-marseille-provence","status":"publish","type":"post","link":"https:\/\/www.europesays.com\/fr\/436113\/","title":{"rendered":"Meetup InnovProvence sp\u00e9cial sant\u00e9 &#8211; M\u00e9tropole Aix-Marseille-Provence"},"content":{"rendered":"<p>La M\u00e9tropole Aix-Marseille-Provence organise une \u00e9dition sp\u00e9ciale sant\u00e9 du Meetup InnovProvence. En partenariat avec Eurobiomed, les H\u00f4pitaux Universitaires de Marseille (AP-HM) et DocCity, cette rencontre est une occasion de connecter talents, id\u00e9es et technologies en lien avec le monde m\u00e9dical.<\/p>\n<p>Cet \u00e9v\u00e9nement cr\u00e9e un espace de rencontres et de dialogue, r\u00e9unissant d\u00e9cideurs, professionnels de sant\u00e9, chercheurs et entreprises innovantes pour explorer des enjeux strat\u00e9giques du secteur m\u00e9dical et m\u00e9dico-social.<\/p>\n<p>Au programme\u00a0: des pitchs inspirants autour de th\u00e9matiques cl\u00e9s\u00a0: \u00e9conomie circulaire du biom\u00e9dical, optimisation des parcours de soins, donn\u00e9es et intelligence artificielle, pr\u00e9vention et accompagnement du vieillissement ou encore sant\u00e9 mentale.<\/p>\n<p><strong><a href=\"https:\/\/innovation.ampmetropole.fr\/participation\/252\/4-les-appels-a-innovation.htm?tab=1020&amp;form=1\" rel=\"nofollow noopener\" target=\"_blank\">Inscription gratuite <\/a><\/strong><\/p>\n<p>\u00a0<\/p>\n","protected":false},"excerpt":{"rendered":"La M\u00e9tropole Aix-Marseille-Provence organise une \u00e9dition sp\u00e9ciale sant\u00e9 du Meetup InnovProvence. En partenariat avec Eurobiomed, les H\u00f4pitaux Universitaires&hellip;\n","protected":false},"author":2,"featured_media":436114,"comment_status":"","ping_status":"","sticky":false,"template":"","format":"standard","meta":{"footnotes":""},"categories":[2814],"tags":[1111,11,1777,674,1011,27,884,12,882,25],"class_list":{"0":"post-436113","1":"post","2":"type-post","3":"status-publish","4":"format-standard","5":"has-post-thumbnail","7":"category-marseille","8":"tag-actu","9":"tag-actualites","10":"tag-eu","11":"tag-europe","12":"tag-fr","13":"tag-france","14":"tag-marseille","15":"tag-news","16":"tag-provence-alpes-cote-dazur","17":"tag-republique-francaise"},"share_on_mastodon":{"url":"https:\/\/pubeurope.com\/@fr\/115310147913223645","error":""},"_links":{"self":[{"href":"https:\/\/www.europesays.com\/fr\/wp-json\/wp\/v2\/posts\/436113","targetHints":{"allow":["GET"]}}],"collection":[{"href":"https:\/\/www.europesays.com\/fr\/wp-json\/wp\/v2\/posts"}],"about":[{"href":"https:\/\/www.europesays.com\/fr\/wp-json\/wp\/v2\/types\/post"}],"author":[{"embeddable":true,"href":"https:\/\/www.europesays.com\/fr\/wp-json\/wp\/v2\/users\/2"}],"replies":[{"embeddable":true,"href":"https:\/\/www.europesays.com\/fr\/wp-json\/wp\/v2\/comments?post=436113"}],"version-history":[{"count":0,"href":"https:\/\/www.europesays.com\/fr\/wp-json\/wp\/v2\/posts\/436113\/revisions"}],"wp:featuredmedia":[{"embeddable":true,"href":"https:\/\/www.europesays.com\/fr\/wp-json\/wp\/v2\/media\/436114"}],"wp:attachment":[{"href":"https:\/\/www.europesays.com\/fr\/wp-json\/wp\/v2\/media?parent=436113"}],"wp:term":[{"taxonomy":"category","embeddable":true,"href":"https:\/\/www.europesays.com\/fr\/wp-json\/wp\/v2\/categories?post=436113"},{"taxonomy":"post_tag","embeddable":true,"href":"https:\/\/www.europesays.com\/fr\/wp-json\/wp\/v2\/tags?post=436113"}],"curies":[{"name":"wp","href":"https:\/\/api.w.org\/{rel}","templated":true}]}}