{"id":436119,"date":"2025-10-03T12:08:20","date_gmt":"2025-10-03T12:08:20","guid":{"rendered":"https:\/\/www.europesays.com\/fr\/436119\/"},"modified":"2025-10-03T12:08:20","modified_gmt":"2025-10-03T12:08:20","slug":"un-suspect-arrete-en-italie","status":"publish","type":"post","link":"https:\/\/www.europesays.com\/fr\/436119\/","title":{"rendered":"un suspect arr\u00eat\u00e9 en Italie"},"content":{"rendered":"<p>Ashur Sarnaya, un chr\u00e9tien d\u2019Irak en fauteuil roulant, a \u00e9t\u00e9 <a href=\"https:\/\/www.ledauphine.com\/faits-divers-justice\/2025\/09\/11\/un-homme-en-fauteuil-roulant-tue-a-coups-de-couteau-a-lyon\" target=\"_blank\" rel=\"noopener\">tu\u00e9 par arme blanche d\u00e9but septembre \u00e0 Lyon (Rh\u00f4ne)<\/a>. Un homme soup\u00e7onn\u00e9 d\u2019\u00eatre impliqu\u00e9 dans le meurtre a \u00e9t\u00e9 arr\u00eat\u00e9 jeudi dans le sud de l\u2019Italie, selon une information de <a href=\"https:\/\/www.parismatch.com\/actu\/faits-divers\/exclusif-paris-match-meurtre-dashur-sarnaya-a-lyon-un-suspect-interpelle-en-italie-258024\" target=\"_blank\" rel=\"nofollow noopener\">Paris Match<\/a> confirm\u00e9e par <a href=\"https:\/\/www.leprogres.fr\/faits-divers-justice\/2025\/10\/03\/meurtre-d-ashur-sarnaya-chretien-irakien-a-lyon-un-suspect-arrete-en-italie\" target=\"_blank\" rel=\"nofollow noopener\">Le Progr\u00e8s<\/a>.<\/p>\n<p>L&rsquo;individu, un Alg\u00e9rien de 28 ans, vis\u00e9 par un mandat d\u2019arr\u00eat europ\u00e9en, a \u00e9t\u00e9 interpell\u00e9 pr\u00e8s de Bari dans la r\u00e9gion des Pouilles. Identifi\u00e9 pr\u00e8s du lieu du crime par la DCOS (division de la criminalit\u00e9 organis\u00e9e et sp\u00e9cialis\u00e9e) de Lyon, il est d\u00e9sormais consid\u00e9r\u00e9 comme le principal suspect.<\/p>\n<p>Ce contenu est bloqu\u00e9 car vous n&rsquo;avez pas accept\u00e9 les cookies et autres traceurs.<\/p>\n<p>En cliquant sur \u00ab J\u2019accepte \u00bb, les cookies et autres traceurs seront d\u00e9pos\u00e9s et vous pourrez visualiser les contenus  (<a href=\"\" class=\"consentModule_policy\" target=\"_blank\" title=\"Consulter la politique de protection des donn\u00e9es du fournisseur\">plus d&rsquo;informations<\/a>).<\/p>\n<p>En cliquant sur \u00ab J\u2019accepte tous les cookies \u00bb, vous autorisez des d\u00e9p\u00f4ts de cookies et autres traceurs pour le stockage de vos donn\u00e9es sur nos sites et applications \u00e0 des fins de personnalisation et de ciblage publicitaire.<\/p>\n<p class=\"consentModule_secondaryText\">Vous gardez la possibilit\u00e9 de retirer votre consentement \u00e0 tout moment en consultant notre <a href=\"https:\/\/www.ledauphine.com\/protection-des-donnees\" target=\"_blank\" title=\"Consulter notre politique de protection des donn\u00e9es\" rel=\"noopener\">politique de protection des donn\u00e9es<\/a>. <br \/>&#13;<br \/>\n            <a href=\"https:\/\/www.ledauphine.com\/faits-divers-justice\/2025\/10\/03\/javascript:Didomi.notice.show()\" class=\"consentModule_cmp\" target=\"_blank\" rel=\"noopener\">G\u00e9rer mes choix<\/a>&#13;\n        <\/p>\n<p>&#13;<br \/>\n                        J&rsquo;accepte&#13;<br \/>\n            J&rsquo;accepte tous les cookies&#13;\n        <\/p>\n<p>  Un live sur la religion chr\u00e9tienne<\/p>\n<p>Le 10 septembre au soir, la victime, \u00e2g\u00e9e de 45 ans, a \u00e9t\u00e9 agress\u00e9e au pied de son immeuble alors qu\u2019elle animait un live sur TikTok consacr\u00e9e \u00e0 la religion, comme elle en avait l&rsquo;habitude. Un individu lui a plant\u00e9 un couteau dans la gorge avant de s\u2019enfuir. Touch\u00e9 \u00e0 la carotide, l&rsquo;homme en arr\u00eat cardio-respiratoire n\u2019a pas pu \u00eatre ranim\u00e9.<\/p>\n<p class=\"note\">&gt;&gt; Lire l&rsquo;article du <a href=\"https:\/\/www.leprogres.fr\/faits-divers-justice\/2025\/10\/03\/meurtre-d-ashur-sarnaya-chretien-irakien-a-lyon-un-suspect-arrete-en-italie\" target=\"_blank\" rel=\"noopener\">Progr\u00e8s<\/a>.<\/p>\n","protected":false},"excerpt":{"rendered":"Ashur Sarnaya, un chr\u00e9tien d\u2019Irak en fauteuil roulant, a \u00e9t\u00e9 tu\u00e9 par arme blanche d\u00e9but septembre \u00e0 Lyon&hellip;\n","protected":false},"author":2,"featured_media":436120,"comment_status":"","ping_status":"","sticky":false,"template":"","format":"standard","meta":{"footnotes":""},"categories":[1889],"tags":[1111,11,2430,271,272,1777,674,274,107,1011,27,329,2428,12,25],"class_list":{"0":"post-436119","1":"post","2":"type-post","3":"status-publish","4":"format-standard","5":"has-post-thumbnail","7":"category-lyon","8":"tag-actu","9":"tag-actualites","10":"tag-auvergne-rhone-alpes","11":"tag-crime","12":"tag-delit-et-contravention","13":"tag-eu","14":"tag-europe","15":"tag-faits-divers-justice","16":"tag-fil-info","17":"tag-fr","18":"tag-france","19":"tag-france-monde","20":"tag-lyon","21":"tag-news","22":"tag-republique-francaise"},"share_on_mastodon":{"url":"https:\/\/pubeurope.com\/@fr\/115310160043930310","error":""},"_links":{"self":[{"href":"https:\/\/www.europesays.com\/fr\/wp-json\/wp\/v2\/posts\/436119","targetHints":{"allow":["GET"]}}],"collection":[{"href":"https:\/\/www.europesays.com\/fr\/wp-json\/wp\/v2\/posts"}],"about":[{"href":"https:\/\/www.europesays.com\/fr\/wp-json\/wp\/v2\/types\/post"}],"author":[{"embeddable":true,"href":"https:\/\/www.europesays.com\/fr\/wp-json\/wp\/v2\/users\/2"}],"replies":[{"embeddable":true,"href":"https:\/\/www.europesays.com\/fr\/wp-json\/wp\/v2\/comments?post=436119"}],"version-history":[{"count":0,"href":"https:\/\/www.europesays.com\/fr\/wp-json\/wp\/v2\/posts\/436119\/revisions"}],"wp:featuredmedia":[{"embeddable":true,"href":"https:\/\/www.europesays.com\/fr\/wp-json\/wp\/v2\/media\/436120"}],"wp:attachment":[{"href":"https:\/\/www.europesays.com\/fr\/wp-json\/wp\/v2\/media?parent=436119"}],"wp:term":[{"taxonomy":"category","embeddable":true,"href":"https:\/\/www.europesays.com\/fr\/wp-json\/wp\/v2\/categories?post=436119"},{"taxonomy":"post_tag","embeddable":true,"href":"https:\/\/www.europesays.com\/fr\/wp-json\/wp\/v2\/tags?post=436119"}],"curies":[{"name":"wp","href":"https:\/\/api.w.org\/{rel}","templated":true}]}}