{"id":436121,"date":"2025-10-03T12:09:09","date_gmt":"2025-10-03T12:09:09","guid":{"rendered":"https:\/\/www.europesays.com\/fr\/436121\/"},"modified":"2025-10-03T12:09:09","modified_gmt":"2025-10-03T12:09:09","slug":"spectaculaire-incendie-nouvel-hopital-en-construction-linfo-a-midi-en-ile-de-france","status":"publish","type":"post","link":"https:\/\/www.europesays.com\/fr\/436121\/","title":{"rendered":"Spectaculaire incendie, nouvel h\u00f4pital en construction\u2026 l\u2019info \u00e0 midi en \u00cele-de-France"},"content":{"rendered":"<p>            Par<br \/>\n        <strong><br \/>\n            <a href=\"https:\/\/actu.fr\/auteur\/l-bourven\" title=\"Consulter tous les articles de Laura Bourven\" rel=\"nofollow noopener\" target=\"_blank\">Laura Bourven<\/a><br \/>\n        <\/strong><\/p>\n<p>        Publi\u00e9 le<\/p>\n<p>            3 oct. 2025 \u00e0 12h04        <\/p>\n<p>Que s\u2019est-il pass\u00e9 ce\u00a0<b>vendredi 3\u00a0octobre 2025\u2009<\/b>? Voici l\u2019essentiel de l\u2019actualit\u00e9 \u00e0 midi en \u00cele-de-France\u2009: six bus d\u00e9truits dans un violent incendie dans les Yvelines, une nouvelle enseigne vend du poulet brais\u00e9 avec un menu \u00e0 7\u00a0\u20ac dans l\u2019Essonne, un nouvel h\u00f4pital en construction en Seine-et-Marne\u2026<\/p>\n<p>Les informations \u00e0 retenir ce vendredi 3\u00a0octobre, \u00e0 midi, en \u00cele-de-France<\/p>\n<p class=\" wall-content\"><b>Yvelines.\u00a0<a href=\"https:\/\/actu.fr\/ile-de-france\/rambouillet_78517\/spectaculaire-incendie-dans-un-depot-de-bus-des-yvelines-bilan-causes-intervention-ce-que-lon-sait_63249341.html\" rel=\"nofollow noopener\" target=\"_blank\">Spectaculaire incendie dans un d\u00e9p\u00f4t de bus des Yvelines\u2009: bilan, causes, intervention\u2026 Ce que l\u2019on sait<\/a><\/b><\/p>\n<p class=\" wall-content\">Six bus ont \u00e9t\u00e9 d\u00e9truits par le feu, dans la nuit du jeudi\u00a02 au vendredi 3\u00a0octobre 2025, sur le d\u00e9p\u00f4t de Transdev Sud Yvelines, \u00e0 Rambouillet. Criminel ou accidentel\u2009?<\/p>\n<p class=\" wall-content\"><b>Essonne.\u00a0<a href=\"https:\/\/actu.fr\/ile-de-france\/la-ville-du-bois_91665\/poulet-braise-menu-a-7-euros-decouvrez-pouletos-la-nouvelle-enseigne-qui-s-installe-en-essonne_63243353.html\" rel=\"nofollow noopener\" target=\"_blank\">Poulet brais\u00e9, menu \u00e0 7\u00a0euros\u2009: d\u00e9couvrez Pouletos, la nouvelle enseigne qui s\u2019installe en Essonne<\/a><\/b><\/p>\n<p class=\" wall-content\">L\u2019enseigne Pouletos a ouvert son premier restaurant dans le d\u00e9partement de l\u2019Essonne le 25\u00a0septembre 2025. Une deuxi\u00e8me adresse doit ouvrir \u00e0 la fin de l\u2019ann\u00e9e.<\/p>\n<p class=\" wall-content\"><b>Paris. <a href=\"https:\/\/actu.fr\/ile-de-france\/paris_75056\/sncf-paris-importants-retards-sur-les-tgv-entre-la-gare-montparnasse-et-l-ouest-de-la-france_63249348.html\" rel=\"nofollow noopener\" target=\"_blank\">SNCF\u2009: importants retards sur les TGV entre la gare Montparnasse et l\u2019ouest de la France<\/a><\/b><\/p>\n<p class=\" wall-content\">La circulation sur la ligne TGV sud-ouest est fortement perturb\u00e9e ce vendredi 3\u00a0octobre 2025 depuis la gare Montparnasse \u00e0 Paris. D\u2019importants retards sont \u00e0 pr\u00e9voir.<\/p>\n<p class=\" wall-content\"><b>Seine-et-Marne. <a href=\"https:\/\/actu.fr\/ile-de-france\/jossigny_77237\/seine-et-marne-cest-quoi-ce-batiment-en-construction-face-a-lhopital-de-jossigny_63247985.html\" rel=\"nofollow noopener\" target=\"_blank\">C\u2019est quoi ce b\u00e2timent en construction face \u00e0 l\u2019h\u00f4pital de Jossigny\u2009?<\/a><\/b><\/p>\n<p class=\" wall-content\">D\u2019ici la fin de l\u2019\u00e9t\u00e9 2026, un nouveau b\u00e2timent, qui s\u2019\u00e9tendra sur pr\u00e8s de 10\u2009000 m\u00b2 et trois \u00e9tages, fera face \u00e0 l\u2019h\u00f4pital de Jossigny. \u00c0 quoi servira-t-il\u2009? On vous explique.<\/p>\n<p class=\" wall-content\"><b>Val-de-Marne.\u00a0<\/b><a href=\"https:\/\/actu.fr\/ile-de-france\/alfortville_94002\/en-images-grand-paris-express-a-quoi-ressemblera-la-gare-du-vert-de-maisons-sur-la-ligne-15_63247578.html\" rel=\"nofollow noopener\" target=\"_blank\"><b>EN IMAGES. Grand Paris Express\u2009: \u00e0 quoi ressemblera la gare du Vert-de-Maisons sur la ligne 15<\/b><\/a><\/p>\n<p class=\" wall-content\">La gare du Vert-de-Maisons situ\u00e9e entre Alfortville et Maisons-Alfort (Val-de-Marne) devrait ressembler \u00e0 une vaste carri\u00e8re de calcaire. Un clin d\u2019\u0153il \u00e0 l\u2019histoire locale.<\/p>\n<p>Vid\u00e9os : en ce moment sur Actu<\/p>\n<p class=\" wall-content\"><b>Suivez-nous pour en savoir plus\u2009!<\/b><\/p>\n<p class=\" wall-content\">Vous voulez plus d\u2019infos sur l\u2019\u00cele-de-France\u2009? Vous pouvez nous retrouver sur actu \u00cele-de-France. Pour nous suivre sur les r\u00e9seaux sociaux, dans vos d\u00e9partements\u2009:<\/p>\n<p class=\" wall-content\"><b>Paris<\/b>\u2009: retrouvez\u00a0actu\u00a0Paris\u00a0sur\u00a0<a href=\"https:\/\/www.facebook.com\/actufr.paris\/\" rel=\"nofollow noopener\" target=\"_blank\">Facebook\u00a0<\/a>et\u00a0<a href=\"https:\/\/twitter.com\/actufrparis\" rel=\"nofollow noopener\" target=\"_blank\">Twitter\u2009<\/a>;<\/p>\n<p>Votre r\u00e9gion, votre actu !<\/p>\n<p>Recevez chaque jour les infos qui comptent pour vous.<\/p>\n<p>\t<a href=\"https:\/\/actu.fr\/newsletter\" class=\"ac-btn ac-btn--corner ac-btn--medium ac-btn--blue800\" rel=\"nofollow noopener\" target=\"_blank\">S&rsquo;incrire<\/a><\/p>\n<p class=\" wall-content\"><b>Seine-et-Marne<\/b>\u2009: retrouvez\u00a0La R\u00e9publique de Seine-et-Marne (sud) sur\u00a0<a href=\"https:\/\/www.facebook.com\/RepubliqueSeineMarne\/\" rel=\"nofollow noopener\" target=\"_blank\">Facebook\u00a0<\/a>et\u00a0<a href=\"https:\/\/twitter.com\/LaRep77\" rel=\"nofollow noopener\" target=\"_blank\">Twitter\u2009<\/a>; La Marne (nord) sur <a href=\"https:\/\/www.facebook.com\/journallarmarne\/?__tn__=%2Cd%2CP-R&amp;eid=ARDLZc91LaHbXzDwChLLLQJVMBLx_ABJremTC2-RG0CYvg0f4f8CLvbV5G1Lli4g_6QoXDcKkU1_LX1W\" rel=\"nofollow noopener\" target=\"_blank\">Facebook<\/a>, <a href=\"https:\/\/twitter.com\/JournalLaMarne\" rel=\"nofollow noopener\" target=\"_blank\">Twitter <\/a>et <a href=\"https:\/\/www.instagram.com\/lamarne77\/\" rel=\"nofollow noopener\" target=\"_blank\">Instagram\u2009<\/a>; et Le Pays Briard\u00a0sur\u00a0<a href=\"https:\/\/www.facebook.com\/LePaysBriard\/?ref=bookmarks\" rel=\"nofollow noopener\" target=\"_blank\">Facebook\u00a0<\/a>et\u00a0<a href=\"https:\/\/twitter.com\/LePaysBriard\" rel=\"nofollow noopener\" target=\"_blank\">Twitter\u2009<\/a>;<\/p>\n<p class=\" wall-content\"><b>Yvelines\u2009:<\/b> retrouvez\u00a078actu\u00a0sur\u00a0<a href=\"https:\/\/www.facebook.com\/78actu\/\" rel=\"nofollow noopener\" target=\"_blank\">Facebook\u00a0<\/a>et\u00a0<a href=\"https:\/\/x.com\/78actu\" rel=\"nofollow\">Twitter\u2009<\/a>;<\/p>\n<p class=\" wall-content\"><b>Essonne\u2009:<\/b> retrouvez\u00a0actu Essonne\u00a0sur\u00a0<a href=\"https:\/\/www.facebook.com\/actuessonne\/?ref=br_rs\" rel=\"nofollow noopener\" target=\"_blank\">Facebook\u00a0<\/a>et\u00a0<a href=\"https:\/\/twitter.com\/ActuEssonne\" rel=\"nofollow noopener\" target=\"_blank\">Twitter\u2009<\/a>;<\/p>\n<p class=\" wall-content\"><b>Hauts-de-Seine\u2009:<\/b> retrouvez\u00a0actu\u00a0Hauts-de-Seine\u00a0sur\u00a0<a href=\"https:\/\/www.facebook.com\/actufr.hautsdeseine\/\" rel=\"nofollow noopener\" target=\"_blank\">Facebook\u00a0<\/a>et\u00a0<a href=\"https:\/\/twitter.com\/actufr92\" rel=\"nofollow noopener\" target=\"_blank\">Twitter\u2009<\/a>;<\/p>\n<p class=\" wall-content\"><b>Seine-Saint-Denis\u2009:<\/b> retrouvez actu Seine-Saint-Denis sur\u00a0<a href=\"https:\/\/www.facebook.com\/actufr.seinesaintdenis\/\" rel=\"nofollow noopener\" target=\"_blank\">Facebook\u00a0<\/a>et\u00a0<a href=\"https:\/\/x.com\/Actufr93\" rel=\"nofollow\">Twitter\u2009<\/a>;<\/p>\n<p class=\" wall-content\"><b>Val-de-Marne\u2009: <\/b>retrouvez actu Val-de-Marne sur\u00a0<a href=\"https:\/\/www.facebook.com\/actu94.valdemarne\/\" rel=\"nofollow noopener\" target=\"_blank\">Facebook\u00a0<\/a>et\u00a0<a href=\"https:\/\/x.com\/actufr94\" rel=\"nofollow\">Twitter\u2009<\/a>;<\/p>\n<p class=\" wall-content\"><b>Val-d\u2019Oise\u2009:<\/b> retrouvez La Gazette du Val-d\u2019Oise sur\u00a0<a href=\"https:\/\/x.com\/actufr94\" rel=\"nofollow\">Twitter<\/a><\/p>\n<p class=\" wall-content\">Personnalisez votre actualit\u00e9 en ajoutant vos villes et m\u00e9dias en favori avec <a href=\"https:\/\/moncompte.actu.fr\" title=\"D\u00e9couvez Mon Actu\" rel=\"nofollow noopener\" data-trk=\"{&quot;cta&quot;:{&quot;action&quot;:&quot;https:\\\/\\\/moncompte.actu.fr&quot;,&quot;category&quot;:&quot;mon compte&quot;,&quot;from&quot;:&quot;article footer&quot;,&quot;name&quot;:&quot;Mon actu&quot;,&quot;type&quot;:&quot;cta&quot;}}\" target=\"_blank\">Mon Actu<\/a>.<\/p>\n<p>                    <script async src=\"https:\/\/platform.twitter.com\/widgets.js\" charset=\"utf-8\"><\/script><script async src=\"\/\/www.instagram.com\/embed.js\"><\/script><\/p>\n","protected":false},"excerpt":{"rendered":"Par Laura Bourven Publi\u00e9 le 3 oct. 2025 \u00e0 12h04 Que s\u2019est-il pass\u00e9 ce\u00a0vendredi 3\u00a0octobre 2025\u2009? Voici l\u2019essentiel&hellip;\n","protected":false},"author":2,"featured_media":436122,"comment_status":"","ping_status":"","sticky":false,"template":"","format":"standard","meta":{"footnotes":""},"categories":[1592],"tags":[1111,11,1777,674,1011,27,662,12,626,25,104],"class_list":{"0":"post-436121","1":"post","2":"type-post","3":"status-publish","4":"format-standard","5":"has-post-thumbnail","7":"category-ile-de-france","8":"tag-actu","9":"tag-actualites","10":"tag-eu","11":"tag-europe","12":"tag-fr","13":"tag-france","14":"tag-ile-de-france","15":"tag-news","16":"tag-paris","17":"tag-republique-francaise","18":"tag-societe"},"share_on_mastodon":{"url":"https:\/\/pubeurope.com\/@fr\/115310163646051246","error":""},"_links":{"self":[{"href":"https:\/\/www.europesays.com\/fr\/wp-json\/wp\/v2\/posts\/436121","targetHints":{"allow":["GET"]}}],"collection":[{"href":"https:\/\/www.europesays.com\/fr\/wp-json\/wp\/v2\/posts"}],"about":[{"href":"https:\/\/www.europesays.com\/fr\/wp-json\/wp\/v2\/types\/post"}],"author":[{"embeddable":true,"href":"https:\/\/www.europesays.com\/fr\/wp-json\/wp\/v2\/users\/2"}],"replies":[{"embeddable":true,"href":"https:\/\/www.europesays.com\/fr\/wp-json\/wp\/v2\/comments?post=436121"}],"version-history":[{"count":0,"href":"https:\/\/www.europesays.com\/fr\/wp-json\/wp\/v2\/posts\/436121\/revisions"}],"wp:featuredmedia":[{"embeddable":true,"href":"https:\/\/www.europesays.com\/fr\/wp-json\/wp\/v2\/media\/436122"}],"wp:attachment":[{"href":"https:\/\/www.europesays.com\/fr\/wp-json\/wp\/v2\/media?parent=436121"}],"wp:term":[{"taxonomy":"category","embeddable":true,"href":"https:\/\/www.europesays.com\/fr\/wp-json\/wp\/v2\/categories?post=436121"},{"taxonomy":"post_tag","embeddable":true,"href":"https:\/\/www.europesays.com\/fr\/wp-json\/wp\/v2\/tags?post=436121"}],"curies":[{"name":"wp","href":"https:\/\/api.w.org\/{rel}","templated":true}]}}