{"id":436123,"date":"2025-10-03T12:10:10","date_gmt":"2025-10-03T12:10:10","guid":{"rendered":"https:\/\/www.europesays.com\/fr\/436123\/"},"modified":"2025-10-03T12:10:10","modified_gmt":"2025-10-03T12:10:10","slug":"seulement-30-de-velos-utilisables-en-station-les-vrais-chiffres-des-velib","status":"publish","type":"post","link":"https:\/\/www.europesays.com\/fr\/436123\/","title":{"rendered":"Seulement 30\u00a0% de v\u00e9los utilisables en station\u00a0: les vrais chiffres des V\u00e9lib\u2019"},"content":{"rendered":"<p class=\"paragraph text_align_left lp-f-body-02\">C\u2019est un chiffre un peu confidentiel sur lequel personne n\u2019a vraiment voulu communiquer tant il est d\u00e9licat \u00e0 manier politiquement\u2026 Mais, le 18 septembre, jour de l\u2019appel unitaire \u00e0 la gr\u00e8ve, <a href=\"https:\/\/www.leparisien.fr\/info-paris-ile-de-france-oise\/transports\/grand-paris-velibest-lappli-qui-localise-les-meilleurs-velib-disponibles-et-simplifie-la-vie-des-usagers-15-09-2025-PCBHVD5CTJHQBGQOZPJ43BDGUE.php\" target=\"_blank\" rel=\"noreferrer noopener\">les V\u00e9lib\u2019<\/a> ont battu leur record de fr\u00e9quentation. En 24 heures, les v\u00e9los en libre-service de la Ville de <a href=\"https:\/\/www.leparisien.fr\/paris-75\/\" target=\"_blank\" rel=\"noreferrer noopener\">Paris<\/a>, g\u00e9r\u00e9s par Smovengo, ont r\u00e9alis\u00e9 230 000 courses. Un record mondial \u00e0 l\u2019\u00e9chelle de l\u2019Occident. \u00ab M\u00eame \u00e0 New York, ils n\u2019ont jamais atteint ces chiffres \u00bb, murmure un connaisseur du march\u00e9.<\/p>\n<p class=\"paragraph text_align_left lp-f-body-02\">En passant quotidiennement devant les stations pourtant, on est loin de s\u2019imaginer que le service pourrait avoir une telle aura internationale vu l\u2019<a href=\"https:\/\/www.leparisien.fr\/info-paris-ile-de-france-oise\/transports\/velos-en-mauvais-etat-stations-pleines-velib-repond-aux-critiques-de-ses-usagers-09-10-2024-LZHJZQIDM5HPTELK7BQCJ43IFQ.php\" target=\"_self\" rel=\"noopener\">\u00e9tat souvent d\u00e9grad\u00e9<\/a> de ses bicyclettes bleues ou vertes. Cha\u00eene gisant au sol, absence de poign\u00e9e, selle en vrac, batterie \u00e0 plat\u2026 La recherche d\u2019un v\u00e9lo en bon \u00e9tat de marche peut souvent virer \u00e0 la qu\u00eate du Graal pour les milliers d\u2019usagers qui ont l\u2019habitude de fr\u00e9quenter les 1 500 stations de la m\u00e9tropole du Grand Paris.<\/p>\n","protected":false},"excerpt":{"rendered":"C\u2019est un chiffre un peu confidentiel sur lequel personne n\u2019a vraiment voulu communiquer tant il est d\u00e9licat \u00e0&hellip;\n","protected":false},"author":2,"featured_media":436124,"comment_status":"","ping_status":"","sticky":false,"template":"","format":"standard","meta":{"footnotes":""},"categories":[1592],"tags":[1111,11,1777,674,1011,27,662,1944,12,626,25,2382],"class_list":{"0":"post-436123","1":"post","2":"type-post","3":"status-publish","4":"format-standard","5":"has-post-thumbnail","7":"category-ile-de-france","8":"tag-actu","9":"tag-actualites","10":"tag-eu","11":"tag-europe","12":"tag-fr","13":"tag-france","14":"tag-ile-de-france","15":"tag-ma-ville","16":"tag-news","17":"tag-paris","18":"tag-republique-francaise","19":"tag-transport-idf-oise"},"share_on_mastodon":{"url":"https:\/\/pubeurope.com\/@fr\/115310167764395981","error":""},"_links":{"self":[{"href":"https:\/\/www.europesays.com\/fr\/wp-json\/wp\/v2\/posts\/436123","targetHints":{"allow":["GET"]}}],"collection":[{"href":"https:\/\/www.europesays.com\/fr\/wp-json\/wp\/v2\/posts"}],"about":[{"href":"https:\/\/www.europesays.com\/fr\/wp-json\/wp\/v2\/types\/post"}],"author":[{"embeddable":true,"href":"https:\/\/www.europesays.com\/fr\/wp-json\/wp\/v2\/users\/2"}],"replies":[{"embeddable":true,"href":"https:\/\/www.europesays.com\/fr\/wp-json\/wp\/v2\/comments?post=436123"}],"version-history":[{"count":0,"href":"https:\/\/www.europesays.com\/fr\/wp-json\/wp\/v2\/posts\/436123\/revisions"}],"wp:featuredmedia":[{"embeddable":true,"href":"https:\/\/www.europesays.com\/fr\/wp-json\/wp\/v2\/media\/436124"}],"wp:attachment":[{"href":"https:\/\/www.europesays.com\/fr\/wp-json\/wp\/v2\/media?parent=436123"}],"wp:term":[{"taxonomy":"category","embeddable":true,"href":"https:\/\/www.europesays.com\/fr\/wp-json\/wp\/v2\/categories?post=436123"},{"taxonomy":"post_tag","embeddable":true,"href":"https:\/\/www.europesays.com\/fr\/wp-json\/wp\/v2\/tags?post=436123"}],"curies":[{"name":"wp","href":"https:\/\/api.w.org\/{rel}","templated":true}]}}