{"id":436125,"date":"2025-10-03T12:11:14","date_gmt":"2025-10-03T12:11:14","guid":{"rendered":"https:\/\/www.europesays.com\/fr\/436125\/"},"modified":"2025-10-03T12:11:14","modified_gmt":"2025-10-03T12:11:14","slug":"la-marque-de-pret-a-porter-francaise-ikks-placee-en-redressement-judiciaire-plus-de-1-000-emplois-menaces","status":"publish","type":"post","link":"https:\/\/www.europesays.com\/fr\/436125\/","title":{"rendered":"La marque de pr\u00eat-\u00e0-porter fran\u00e7aise IKKS plac\u00e9e en redressement judiciaire, plus de 1 000 emplois menac\u00e9s"},"content":{"rendered":"\n<p class=\"c-chapo \">\n  De nombreuses enseignes embl\u00e9matiques des centres-villes et des zones commerciales sont en difficult\u00e9 depuis la pand\u00e9mie de Covid-19.\n<\/p>\n<p>      lire plus tard<\/p>\n<p id=\"dialog__title\" class=\"dialog__title\">Pour sauvegarder cet article, connectez-vous ou cr\u00e9ez un compte franceinfo<\/p>\n<p class=\"dialog__description\">Sans paiement. Sans abonnement.<\/p>\n<p>        Fermer la fen\u00eatre d\u2019activation des notifications France Info<\/p>\n<p>      cr\u00e9er votre compte<\/p>\n<p>      se connecter<\/p>\n<p>        Fermer la fen\u00eatre de pr\u00e9sentation<\/p>\n<p>    <img loading=\"lazy\" decoding=\"async\" class=\"signature__image lazyload\" width=\"100\" height=\"100\" data- alt=\"\" src=\"https:\/\/www.europesays.com\/fr\/wp-content\/uploads\/2025\/05\/64a68815cd1a7_placeholder-36b69ec8.png\"\/><\/p>\n<p>    Publi\u00e9 le 03\/10\/2025 12:48<\/p>\n<p>      Mis \u00e0 jour le 03\/10\/2025 13:18<\/p>\n<p>        Temps de lecture : 1min<\/p>\n<p>    <img decoding=\"async\"  alt=\"Une enseigne IKKS \u00e0 Paris, le 6 f\u00e9vrier 2024. (VALERIE DUBOIS \/ HANS LUCAS \/ AFP)\" width=\"432\" height=\"243\" src=\"https:\/\/www.europesays.com\/fr\/wp-content\/uploads\/2025\/10\/080-hl-vdubois-2284406-68dfa9ff5fe67604117710.jpg\" fetchpriority=\"high\"\/><\/p>\n<p>      Une enseigne IKKS \u00e0 Paris, le 6 f\u00e9vrier 2024. (VALERIE DUBOIS \/ HANS LUCAS \/ AFP)<\/p>\n<p>Une mauvaise nouvelle de plus dans le secteur de la mode. La <a href=\"https:\/\/france3-regions.franceinfo.fr\/pays-de-la-loire\/maine-et-loire\/cholet\/reduction-d-effectifs-chez-ikks-ca-a-ete-brutal-parce-que-ca-a-ete-annonce-de-but-en-blanc-comme-ca-2920014.html\" rel=\"nofollow noopener\" target=\"_blank\">marque fran\u00e7aise IKKS<\/a> a \u00e9t\u00e9 plac\u00e9e en redressement judiciaire jeudi 2 octobre, a annonc\u00e9 le tribunal des activit\u00e9s \u00e9conomiques de Paris, confirmant une information des <a href=\"https:\/\/www.lesechos.fr\/pme-regions\/pays-de-la-loire\/ikks-frappe-a-son-tour-par-la-crise-du-pret-a-porter-2189933\" target=\"_blank\" rel=\"noopener nofollow\">Echos<\/a>. L&rsquo;enseigne en cessation de paiements, d\u00e9j\u00e0 en difficult\u00e9 il y a quelques ann\u00e9es, avait obtenu en 2024 de ses cr\u00e9anciers l&rsquo;abandon des dettes et de ses investisseurs l&rsquo;injection de liquidit\u00e9s. Le groupe d\u00e9tenu par le fonds am\u00e9ricain Avenue Capital cherche un repreneur. Plus de 1\u00a0000 emplois sont menac\u00e9s.<\/p>\n<p>Cette d\u00e9cision intervient alors que de nombreux commerces de pr\u00eat-\u00e0-porter embl\u00e9matiques des centres-villes et des zones commerciales sont en difficult\u00e9 apr\u00e8s avoir subi la pand\u00e9mie de Covid-19, puis l&rsquo;inflation, la hausse des co\u00fbts de l&rsquo;\u00e9nergie, des mati\u00e8res premi\u00e8res, des loyers et des salaires.\u00a0\u00ab\u00a0Le secteur de l&rsquo;industrie textile traverse une crise sans pr\u00e9c\u00e9dent\u00a0\u00bb, a expliqu\u00e9 Ludovic Manzon, le directeur g\u00e9n\u00e9ral du groupe, dans <a href=\"https:\/\/www.lesechos.fr\/pme-regions\/pays-de-la-loire\/ikks-frappe-a-son-tour-par-la-crise-du-pret-a-porter-2189933\" target=\"_blank\" rel=\"noopener nofollow\">Les Echos<\/a>. \u00ab\u00a0La crise du Covid a entra\u00een\u00e9 un changement dans les habitudes de consommation, notamment l&rsquo;acc\u00e9l\u00e9ration de la seconde main sur la cat\u00e9gorie junior\u00a0\u00bb, compl\u00e8te-t-il.<\/p>\n","protected":false},"excerpt":{"rendered":"De nombreuses enseignes embl\u00e9matiques des centres-villes et des zones commerciales sont en difficult\u00e9 depuis la pand\u00e9mie de Covid-19.&hellip;\n","protected":false},"author":2,"featured_media":436126,"comment_status":"","ping_status":"","sticky":false,"template":"","format":"standard","meta":{"footnotes":""},"categories":[1888],"tags":[1111,1928,11,1927,1777,674,1011,27,12,1926,626,1925,25],"class_list":{"0":"post-436125","1":"post","2":"type-post","3":"status-publish","4":"format-standard","5":"has-post-thumbnail","7":"category-paris","8":"tag-actu","9":"tag-actu-paris","10":"tag-actualites","11":"tag-actualites-paris","12":"tag-eu","13":"tag-europe","14":"tag-fr","15":"tag-france","16":"tag-news","17":"tag-news-paris","18":"tag-paris","19":"tag-paris-news","20":"tag-republique-francaise"},"share_on_mastodon":{"url":"https:\/\/pubeurope.com\/@fr\/115310171960756332","error":""},"_links":{"self":[{"href":"https:\/\/www.europesays.com\/fr\/wp-json\/wp\/v2\/posts\/436125","targetHints":{"allow":["GET"]}}],"collection":[{"href":"https:\/\/www.europesays.com\/fr\/wp-json\/wp\/v2\/posts"}],"about":[{"href":"https:\/\/www.europesays.com\/fr\/wp-json\/wp\/v2\/types\/post"}],"author":[{"embeddable":true,"href":"https:\/\/www.europesays.com\/fr\/wp-json\/wp\/v2\/users\/2"}],"replies":[{"embeddable":true,"href":"https:\/\/www.europesays.com\/fr\/wp-json\/wp\/v2\/comments?post=436125"}],"version-history":[{"count":0,"href":"https:\/\/www.europesays.com\/fr\/wp-json\/wp\/v2\/posts\/436125\/revisions"}],"wp:featuredmedia":[{"embeddable":true,"href":"https:\/\/www.europesays.com\/fr\/wp-json\/wp\/v2\/media\/436126"}],"wp:attachment":[{"href":"https:\/\/www.europesays.com\/fr\/wp-json\/wp\/v2\/media?parent=436125"}],"wp:term":[{"taxonomy":"category","embeddable":true,"href":"https:\/\/www.europesays.com\/fr\/wp-json\/wp\/v2\/categories?post=436125"},{"taxonomy":"post_tag","embeddable":true,"href":"https:\/\/www.europesays.com\/fr\/wp-json\/wp\/v2\/tags?post=436125"}],"curies":[{"name":"wp","href":"https:\/\/api.w.org\/{rel}","templated":true}]}}