{"id":436131,"date":"2025-10-03T12:14:11","date_gmt":"2025-10-03T12:14:11","guid":{"rendered":"https:\/\/www.europesays.com\/fr\/436131\/"},"modified":"2025-10-03T12:14:11","modified_gmt":"2025-10-03T12:14:11","slug":"linaction-de-paris-denoncee-par-les-avocats-dune-trentaine-de-francais","status":"publish","type":"post","link":"https:\/\/www.europesays.com\/fr\/436131\/","title":{"rendered":"l\u2019inaction de Paris d\u00e9nonc\u00e9e par les avocats d&rsquo;une trentaine de Fran\u00e7ais"},"content":{"rendered":"<p>Ces avocats ont annonc\u00e9 vendredi vouloir porter plainte pour \u00abd\u00e9tournement de navire\u00bb et \u00abd\u00e9tention arbitraire\u00bb.<\/p>\n<p class=\"fig-paragraph\">L\u2019inaction des autorit\u00e9s fran\u00e7aises est d\u00e9nonc\u00e9e par les avocats de\u00a0<a href=\"http:\/\/www.lefigaro.fr\/international\/flottille-pour-gaza-qui-sont-les-parlementaires-francais-interceptes-par-l-armee-israelienne-20251002\" target=\"_blank\" data-fig-type=\"NewsFlash\" rel=\"noopener nofollow\" data-gtm-custom-categorie=\"navigation\" data-gtm-custom-action=\"crossclick\" data-gtm-custom-label=\"Contextuel\" data-gtm-event=\"customEventSPE\" data-fig-domain=\"LEFIGARO\">35 Fran\u00e7ais<\/a>\u00a0qui avaient embarqu\u00e9 \u00e0 bord de la\u00a0<a href=\"http:\/\/www.lefigaro.fr\/international\/flottille-pour-gaza-arrestation-de-plus-de-20-journalistes-selon-rsf-20251003\" target=\"_blank\" data-fig-type=\"NewsFlash\" rel=\"noopener nofollow\" data-gtm-custom-categorie=\"navigation\" data-gtm-custom-action=\"crossclick\" data-gtm-custom-label=\"Contextuel\" data-gtm-event=\"customEventSPE\" data-fig-domain=\"LEFIGARO\">flottille internationale<\/a>\u00a0d&rsquo;aide pour Gaza, intercept\u00e9e par les\u00a0<a href=\"http:\/\/www.lefigaro.fr\/international\/benyamin-netanyahou-felicite-la-marine-israelienne-pour-avoir-intercepte-la-flottille-pour-gaza-20251002\" target=\"_blank\" data-fig-type=\"NewsFlash\" rel=\"noopener nofollow\" data-gtm-custom-categorie=\"navigation\" data-gtm-custom-action=\"crossclick\" data-gtm-custom-label=\"Contextuel\" data-gtm-event=\"customEventSPE\" data-fig-domain=\"LEFIGARO\">forces isra\u00e9liennes<\/a>\u00a0et ont annonc\u00e9 vendredi 3 octobre vouloir porter plainte pour \u00abd\u00e9tention arbitraire\u00bb. \u00abNous sommes sans aucune nouvelle, ni aucun lien avec ces 35 ressortissants\u00bb fran\u00e7ais, qui avaient donn\u00e9 mandat \u00e0 des avocats de les repr\u00e9senter, a d\u00e9clar\u00e9 lors d&rsquo;une conf\u00e9rence de presse Ma\u00eetre Anouck Michelin, qui les d\u00e9fend aux c\u00f4t\u00e9s de Me Rapha\u00ebl Kempf, Ma\u00eetre Romain Ruiz, et Ma\u00eetre Chirinne Ardakani. \u00abIls avaient un objectif parfaitement licite, l\u00e9gal et pacifique d&rsquo;acheminer des vivres et m\u00e9dicaments \u00e0 la population gazaouie dans un contexte g\u00e9nocidaire\u00bb, a soulign\u00e9 Ma\u00eetre Ardakani.<\/p>\n<p class=\"fig-paragraph\">Ces avocats, qui reprochent aux autorit\u00e9s consulaires de ne pas leur donner de nouvelles, entendent porter plainte pour \u00abd\u00e9tournement de navire\u00bb et \u00abd\u00e9tention arbitraire\u00bb. Ces Fran\u00e7ais \u00absont d\u00e9tenus aujourd&rsquo;hui en Isra\u00ebl alors m\u00eame qu&rsquo;Isra\u00ebl (n&rsquo;a) aucun titre permettant de les priver de libert\u00e9\u00bb, a soulign\u00e9 Ma\u00eetre Kempf.<\/p>\n<p>                                    <a class=\"fig-a11y-skip a11y-hidden\" href=\"#fig-a11y-skip-main-inarticle\"><br \/>\n        Passer la publicit\u00e9<br \/>\n    <\/a><\/p>\n<p class=\"fig-paragraph\">Les avocats demandent aussi \u00e0 la France de se joindre \u00e0 la proc\u00e9dure initi\u00e9e fin d\u00e9cembre 2023 par l&rsquo;Afrique du Sud au sujet de la situation \u00e0 Gaza devant la Cour internationale de justice (CIJ). Cette derni\u00e8re a appel\u00e9, en janvier 2014, Isra\u00ebl \u00e0 pr\u00e9venir tout \u00e9ventuel acte relevant du \u00abg\u00e9nocide\u00bb, mettant en garde contre un \u00abrisque r\u00e9el et imminent\u00bb de \u00abpr\u00e9judice irr\u00e9parable\u00bb pour les Palestiniens. Isra\u00ebl rejette l&rsquo;accusation de g\u00e9nocide. En ne portant pas secours aux Fran\u00e7ais embarqu\u00e9s sur la flottille, la France \u00abmanque \u00e0 ses obligations internationales\u00bb et \u00abse rend complice des violations des droits de l&rsquo;homme\u00bb par Isra\u00ebl, a affirm\u00e9 Ma\u00eetre Romain Ruiz.<\/p>\n<p>\u00abRespecter\u00bb le droit international<\/p>\n<p class=\"fig-paragraph\">Jeudi \u00e0 Copenhague, le pr\u00e9sident Emmanuel Macron avait demand\u00e9 aux autorit\u00e9s isra\u00e9liennes de \u00abrespecter\u00bb le droit international concernant la flottille et de faire en sorte que les Fran\u00e7ais \u00e0 bord des bateaux soient \u00abprot\u00e9g\u00e9s\u00bb.<\/p>\n<p class=\"fig-paragraph\">La flottille Global Sumud de 45 bateaux, o\u00f9 se trouvaient des personnalit\u00e9s politiques et des militants, \u00e9tait partie d&rsquo;Espagne en septembre dans le but de briser le blocus impos\u00e9 par Isra\u00ebl au territoire palestinien en guerre, en proie \u00e0 la famine selon l&rsquo;ONU.<\/p>\n<p class=\"fig-body-link\">\n            \u00c0 lire aussi<br \/>\n        <a class=\"fig-body-link__link fig-premium-mark\" href=\"http:\/\/www.lefigaro.fr\/international\/mauvais-temps-attaques-de-drones-arraisonnement-avant-l-echec-final-les-rebondissements-de-la-flottille-pour-gaza-20251002\" target=\"_blank\" data-fig-type=\"Article\" rel=\"noopener nofollow\" data-gtm-custom-categorie=\"navigation\" data-gtm-custom-action=\"crossclick\" data-gtm-custom-label=\"Contextuel\" data-gtm-event=\"customEventSPE\" data-fig-domain=\"LEFIGARO\">Mauvais temps, attaques de drones, arraisonnement&#8230; Avant l\u2019\u00e9chec final, les rebondissements de la flottille pour Gaza<br \/>\n    <\/a>\n<\/p>\n<p class=\"fig-paragraph\">Mercredi soir, la Marine isra\u00e9lienne a commenc\u00e9 \u00e0 intercepter les bateaux apr\u00e8s avoir averti les \u00e9quipages qu&rsquo;ils entraient dans des eaux dont Isra\u00ebl revendique le contr\u00f4le. Plus de 400 militants \u00e0 bord de 41 navires de la flottille ont \u00e9t\u00e9 arr\u00eat\u00e9s lors d&rsquo;une op\u00e9ration d&rsquo;environ douze heures, a pr\u00e9cis\u00e9 jeudi soir un responsable isra\u00e9lien. Vendredi matin, la flottille pour Gaza a annonc\u00e9 que son dernier bateau en route pour le territoire palestinien avait \u00e9t\u00e9 \u00abintercept\u00e9\u00bb.<\/p>\n","protected":false},"excerpt":{"rendered":"Ces avocats ont annonc\u00e9 vendredi vouloir porter plainte pour \u00abd\u00e9tournement de navire\u00bb et \u00abd\u00e9tention arbitraire\u00bb. L\u2019inaction des autorit\u00e9s&hellip;\n","protected":false},"author":2,"featured_media":436132,"comment_status":"","ping_status":"","sticky":false,"template":"","format":"standard","meta":{"footnotes":""},"categories":[1888],"tags":[11,1777,674,1011,27,665,303,12,626,25],"class_list":{"0":"post-436131","1":"post","2":"type-post","3":"status-publish","4":"format-standard","5":"has-post-thumbnail","7":"category-paris","8":"tag-actualites","9":"tag-eu","10":"tag-europe","11":"tag-fr","12":"tag-france","13":"tag-gaza","14":"tag-justice","15":"tag-news","16":"tag-paris","17":"tag-republique-francaise"},"share_on_mastodon":{"url":"https:\/\/pubeurope.com\/@fr\/115310183399714114","error":""},"_links":{"self":[{"href":"https:\/\/www.europesays.com\/fr\/wp-json\/wp\/v2\/posts\/436131","targetHints":{"allow":["GET"]}}],"collection":[{"href":"https:\/\/www.europesays.com\/fr\/wp-json\/wp\/v2\/posts"}],"about":[{"href":"https:\/\/www.europesays.com\/fr\/wp-json\/wp\/v2\/types\/post"}],"author":[{"embeddable":true,"href":"https:\/\/www.europesays.com\/fr\/wp-json\/wp\/v2\/users\/2"}],"replies":[{"embeddable":true,"href":"https:\/\/www.europesays.com\/fr\/wp-json\/wp\/v2\/comments?post=436131"}],"version-history":[{"count":0,"href":"https:\/\/www.europesays.com\/fr\/wp-json\/wp\/v2\/posts\/436131\/revisions"}],"wp:featuredmedia":[{"embeddable":true,"href":"https:\/\/www.europesays.com\/fr\/wp-json\/wp\/v2\/media\/436132"}],"wp:attachment":[{"href":"https:\/\/www.europesays.com\/fr\/wp-json\/wp\/v2\/media?parent=436131"}],"wp:term":[{"taxonomy":"category","embeddable":true,"href":"https:\/\/www.europesays.com\/fr\/wp-json\/wp\/v2\/categories?post=436131"},{"taxonomy":"post_tag","embeddable":true,"href":"https:\/\/www.europesays.com\/fr\/wp-json\/wp\/v2\/tags?post=436131"}],"curies":[{"name":"wp","href":"https:\/\/api.w.org\/{rel}","templated":true}]}}