{"id":436133,"date":"2025-10-03T12:15:18","date_gmt":"2025-10-03T12:15:18","guid":{"rendered":"https:\/\/www.europesays.com\/fr\/436133\/"},"modified":"2025-10-03T12:15:18","modified_gmt":"2025-10-03T12:15:18","slug":"une-terreur-deliberee-la-russie-a-lance-sa-plus-grande-attaque-sur-des-sites-gaziers-ukrainiens","status":"publish","type":"post","link":"https:\/\/www.europesays.com\/fr\/436133\/","title":{"rendered":"\u00ab\u00a0Une terreur d\u00e9lib\u00e9r\u00e9e\u00a0\u00bb: la Russie a lanc\u00e9 sa plus grande attaque sur des sites gaziers ukrainiens"},"content":{"rendered":"<p class=\"text-left ap-StoryElement ap-StoryElement--mb ap-StoryText\">Les principales frappes ont eu lieu dans la r\u00e9gion centrale de Poltava et dans la r\u00e9gion orientale de Kharkiv, a d\u00e9j\u00e0 rapport\u00e9 l&rsquo;arm\u00e9e de l&rsquo;air <a href=\"https:\/\/www.lalibre.be\/international\/europe\/guerre-ukraine-russie\/2025\/10\/02\/guerre-en-ukraine-le-changement-radical-dans-la-position-americaine-va-t-il-avoir-un-impact-important-sur-le-conflit-54LYZRHASFDHVNOYZI4EJJUTSU\/\" target=\"_blank\" rel=\"noopener\">ukrainienne<\/a> via Telegram. Des d\u00e9g\u00e2ts ont \u00e9galement \u00e9t\u00e9 signal\u00e9s dans les r\u00e9gions de Soumy, Dnipropetrovsk, Odessa et autour de Kiev.<\/p>\n<p class=\"ap-StoryElement ap-StoryElement--mb ap-StoryText\">\u00ab\u00a0Une partie importante de nos installations est endommag\u00e9e. Certains d\u00e9g\u00e2ts sont critiques\u00a0\u00bb, a d\u00e9plor\u00e9 le PDG du groupe Sergui\u00ef Koretsky sur Facebook, d\u00e9non\u00e7ant \u00ab\u00a0la terreur d\u00e9lib\u00e9r\u00e9e\u00a0\u00bb de Moscou visant des sites civils.<\/p>\n","protected":false},"excerpt":{"rendered":"Les principales frappes ont eu lieu dans la r\u00e9gion centrale de Poltava et dans la r\u00e9gion orientale de&hellip;\n","protected":false},"author":2,"featured_media":436134,"comment_status":"","ping_status":"","sticky":false,"template":"","format":"standard","meta":{"footnotes":""},"categories":[1591],"tags":[11,2120,893,1887,12,1885,1886,132,220],"class_list":{"0":"post-436133","1":"post","2":"type-post","3":"status-publish","4":"format-standard","5":"has-post-thumbnail","7":"category-russie","8":"tag-actualites","9":"tag-conflit","10":"tag-energie","11":"tag-federation-de-russie","12":"tag-news","13":"tag-russia","14":"tag-russian-federation","15":"tag-russie","16":"tag-ukraine"},"share_on_mastodon":{"url":"https:\/\/pubeurope.com\/@fr\/115310187323230699","error":""},"_links":{"self":[{"href":"https:\/\/www.europesays.com\/fr\/wp-json\/wp\/v2\/posts\/436133","targetHints":{"allow":["GET"]}}],"collection":[{"href":"https:\/\/www.europesays.com\/fr\/wp-json\/wp\/v2\/posts"}],"about":[{"href":"https:\/\/www.europesays.com\/fr\/wp-json\/wp\/v2\/types\/post"}],"author":[{"embeddable":true,"href":"https:\/\/www.europesays.com\/fr\/wp-json\/wp\/v2\/users\/2"}],"replies":[{"embeddable":true,"href":"https:\/\/www.europesays.com\/fr\/wp-json\/wp\/v2\/comments?post=436133"}],"version-history":[{"count":0,"href":"https:\/\/www.europesays.com\/fr\/wp-json\/wp\/v2\/posts\/436133\/revisions"}],"wp:featuredmedia":[{"embeddable":true,"href":"https:\/\/www.europesays.com\/fr\/wp-json\/wp\/v2\/media\/436134"}],"wp:attachment":[{"href":"https:\/\/www.europesays.com\/fr\/wp-json\/wp\/v2\/media?parent=436133"}],"wp:term":[{"taxonomy":"category","embeddable":true,"href":"https:\/\/www.europesays.com\/fr\/wp-json\/wp\/v2\/categories?post=436133"},{"taxonomy":"post_tag","embeddable":true,"href":"https:\/\/www.europesays.com\/fr\/wp-json\/wp\/v2\/tags?post=436133"}],"curies":[{"name":"wp","href":"https:\/\/api.w.org\/{rel}","templated":true}]}}