{"id":436140,"date":"2025-10-03T12:19:12","date_gmt":"2025-10-03T12:19:12","guid":{"rendered":"https:\/\/www.europesays.com\/fr\/436140\/"},"modified":"2025-10-03T12:19:12","modified_gmt":"2025-10-03T12:19:12","slug":"allemagne-pmi-le-secteur-des-services-progresse-legerement-en-septembre-03-10-2025-a-1259","status":"publish","type":"post","link":"https:\/\/www.europesays.com\/fr\/436140\/","title":{"rendered":"Allemagne\/PMI: Le secteur des services progresse l\u00e9g\u00e8rement en septembre &#8211; 03\/10\/2025 \u00e0 12:59"},"content":{"rendered":"<p>        <img fetchpriority=\"high\" decoding=\"async\" src=\"https:\/\/www.europesays.com\/fr\/wp-content\/uploads\/2025\/10\/2d9432bd8a8b0e4b673af91e69affc2a-760x507.jpg\" alt=\"Un drapeau allemand devant le b\u00e2timent du Reichstag \u00e0 Berlin\" loading=\"eager\" width=\"760\" height=\"507\" style=\"max-width: 100%!important; height: auto;\"\/><\/p>\n<p class=\"c-image-news__legend\">Un drapeau allemand devant le b\u00e2timent du Reichstag \u00e0 Berlin<\/p>\n<p>\n Le secteur des services allemand a enregistr\u00e9 sa croissance la plus rapide depuis huit mois en septembre, malgr\u00e9 une baisse de nouvelles commandes et une r\u00e9duction notable de l&#8217;emploi, selon une enqu\u00eate publi\u00e9e vendredi.\n<\/p>\n<p>\n L&rsquo;indice PMI HCOB d\u00e9finitif des services est pass\u00e9 \u00e0 51,5 en septembre, l\u00e9g\u00e8rement en dessous d&rsquo;une estimation pr\u00e9liminaire de 52,5, mais toujours en territoire d&rsquo;expansion apr\u00e8s un chiffre de 49,3 en ao\u00fbt.\n<\/p>\n<p>\n Une valeur sup\u00e9rieure \u00e0 50,0 indique une expansion, tandis qu&rsquo;une valeur inf\u00e9rieure \u00e0 ce chiffre indique une baisse de l&rsquo;activit\u00e9 globale.\n<\/p>\n<p>\n La reprise de l&rsquo;expansion dans les services, ainsi que la croissance plus forte de la production manufacturi\u00e8re, ont contribu\u00e9 \u00e0 porter l&rsquo;indice d\u00e9finitif PMI HCOB composite, qui suit les deux secteurs, \u00e0 52,0 un plus haut de 16 mois.\n<\/p>\n<p>\n Si les chiffres peuvent sembler encourageants \u00e0 premi\u00e8re vue, certains aspects n\u00e9gatifs indiquent que la production du secteur priv\u00e9 n&rsquo;augmentera pas de mani\u00e8re durable dans les mois \u00e0 venir, \u00e0 moins que la demande ne s&rsquo;am\u00e9liore, a d\u00e9clar\u00e9 Cyrus de la Rubia, \u00e9conomiste en chef de la Hamburg Commercial Bank.\n<\/p>\n<p>\n \u00ab\u00a0Dans le secteur manufacturier, les nouvelles commandes ont chut\u00e9 en septembre, mettant fin \u00e0 une s\u00e9rie de trois mois de croissance. Et dans le secteur des services, les nouvelles affaires ont de nouveau recul\u00e9\u00a0\u00bb, a d\u00e9clar\u00e9 Cyrus de la Rubia.\n<\/p>\n<p>\n L&#8217;emploi dans le secteur des services a recul\u00e9 pour le deuxi\u00e8me mois cons\u00e9cutif en septembre, enregistrant sa plus forte baisse en plus de cinq ans en raison de la diminution des carnets de commandes et de la faiblesse persistante de la demande.\n<\/p>\n<p>\n Cette baisse cons\u00e9cutive n&rsquo;annonce pas n\u00e9cessairement une phase de suppressions d&#8217;emplois, mais elle m\u00e9rite d&rsquo;\u00eatre surveill\u00e9e en raison des discussions croissantes sur la question de savoir si l&rsquo;intelligence artificielle entra\u00eene des licenciements \u00e0 grande \u00e9chelle, estime Cyrus de la Rubia.\n<\/p>\n<p>\n Cependant, malgr\u00e9 ces d\u00e9fis, les prestataires de services sont rest\u00e9s optimistes quant aux perspectives pour l&rsquo;ann\u00e9e \u00e0 venir, les pr\u00e9visions des entreprises atteignant leur plus haut niveau depuis mai 2024.\n<\/p>\n<p>\n (Miranda Murray, Mara V\u00eelcu pour la version fran\u00e7aise, \u00e9dit\u00e9 par Augustin Turpin)<\/p>\n","protected":false},"excerpt":{"rendered":"Un drapeau allemand devant le b\u00e2timent du Reichstag \u00e0 Berlin Le secteur des services allemand a enregistr\u00e9 sa&hellip;\n","protected":false},"author":2,"featured_media":436141,"comment_status":"","ping_status":"","sticky":false,"template":"","format":"standard","meta":{"footnotes":""},"categories":[1587],"tags":[400,11,672,398,408,1804,405,1805,1803,1777,674,1801,403,402,399,404,12,1802,401,406,407],"class_list":{"0":"post-436140","1":"post","2":"type-post","3":"status-publish","4":"format-standard","5":"has-post-thumbnail","7":"category-allemagne","8":"tag-action-cac-40","9":"tag-actualites","10":"tag-allemagne","11":"tag-bourse-de-paris","12":"tag-boursorama","13":"tag-bundesrepublik-deutschland","14":"tag-cotations","15":"tag-de","16":"tag-deutschland","17":"tag-eu","18":"tag-europe","19":"tag-germany","20":"tag-indices-devises","21":"tag-investir","22":"tag-investissement","23":"tag-marche-boursier","24":"tag-news","25":"tag-republique-federale-dallemagne","26":"tag-sicav","27":"tag-trackers","28":"tag-warrants"},"share_on_mastodon":{"url":"https:\/\/pubeurope.com\/@fr\/115310203611598284","error":""},"_links":{"self":[{"href":"https:\/\/www.europesays.com\/fr\/wp-json\/wp\/v2\/posts\/436140","targetHints":{"allow":["GET"]}}],"collection":[{"href":"https:\/\/www.europesays.com\/fr\/wp-json\/wp\/v2\/posts"}],"about":[{"href":"https:\/\/www.europesays.com\/fr\/wp-json\/wp\/v2\/types\/post"}],"author":[{"embeddable":true,"href":"https:\/\/www.europesays.com\/fr\/wp-json\/wp\/v2\/users\/2"}],"replies":[{"embeddable":true,"href":"https:\/\/www.europesays.com\/fr\/wp-json\/wp\/v2\/comments?post=436140"}],"version-history":[{"count":0,"href":"https:\/\/www.europesays.com\/fr\/wp-json\/wp\/v2\/posts\/436140\/revisions"}],"wp:featuredmedia":[{"embeddable":true,"href":"https:\/\/www.europesays.com\/fr\/wp-json\/wp\/v2\/media\/436141"}],"wp:attachment":[{"href":"https:\/\/www.europesays.com\/fr\/wp-json\/wp\/v2\/media?parent=436140"}],"wp:term":[{"taxonomy":"category","embeddable":true,"href":"https:\/\/www.europesays.com\/fr\/wp-json\/wp\/v2\/categories?post=436140"},{"taxonomy":"post_tag","embeddable":true,"href":"https:\/\/www.europesays.com\/fr\/wp-json\/wp\/v2\/tags?post=436140"}],"curies":[{"name":"wp","href":"https:\/\/api.w.org\/{rel}","templated":true}]}}