{"id":436142,"date":"2025-10-03T12:20:23","date_gmt":"2025-10-03T12:20:23","guid":{"rendered":"https:\/\/www.europesays.com\/fr\/436142\/"},"modified":"2025-10-03T12:20:23","modified_gmt":"2025-10-03T12:20:23","slug":"le-sommet-des-dirigeants-de-lue-a-copenhague-se-termine-par-un-nouveau-veto-de-viktor-orban","status":"publish","type":"post","link":"https:\/\/www.europesays.com\/fr\/436142\/","title":{"rendered":"Le sommet des dirigeants de l&rsquo;UE \u00e0 Copenhague se termine par un nouveau veto de Viktor Orb\u00e1n"},"content":{"rendered":"<p>          <img decoding=\"async\" class=\"c-ad__placeholder__logo\" src=\"https:\/\/static.euronews.com\/website\/images\/logos\/logo-euronews-stacked-outlined-72x72-grey-9.svg\" width=\"72\" height=\"72\" alt=\"\" loading=\"lazy\"\/><br \/>\n          PUBLICIT\u00c9<\/p>\n<p>Les dirigeants europ\u00e9ens ont conclu jeudi deux jours de sommets cons\u00e9cutifs \u00e0 Copenhague, marqu\u00e9s par de nouvelles obstructions de Viktor Orb\u00e1n. <\/p>\n<p>Le veto du Premier ministre hongrois a, une fois de plus, entrav\u00e9 le soutien collectif \u00e0 Kyiv et remis en question l&rsquo;unit\u00e9 de l&rsquo;UE alors que la Russie intensifie ses bombardements en Ukraine.<\/p>\n<p>Malgr\u00e9 les appels d&rsquo;autres chefs d&rsquo;\u00c9tat et de gouvernement, Viktor Orb\u00e1n a refus\u00e9 cat\u00e9goriquement de lever son veto sur la demande d&rsquo;adh\u00e9sion de l&rsquo;Ukraine \u00e0 l&rsquo;Union europ\u00e9enne, qui <a href=\"https:\/\/fr.euronews.com\/my-europe\/2025\/09\/02\/lue-soppose-au-decouplage-difficile-des-demandes-dadhesion-de-lukraine-et-de-la-moldavie\" target=\"_blank\" rel=\"noopener\"><strong>emp\u00eache \u00e9galement la Moldavie<\/strong><\/a> d&rsquo;avancer dans les n\u00e9gociations.<\/p>\n<p>Tout \u00e9largissement de l&rsquo;Union europ\u00e9enne doit \u00eatre approuv\u00e9 \u00e0 l&rsquo;unanimit\u00e9 par les \u00c9tats membres. La r\u00e9cente tentative du pr\u00e9sident du Conseil europ\u00e9en, Ant\u00f3nio Costa, de <a href=\"https:\/\/fr.euronews.com\/my-europe\/2025\/09\/29\/adhesion-de-lukraine-lue-envisage-de-modifier-les-regles-pour-contourner-le-veto-hongrois\" target=\"_blank\" rel=\"noopener\"><strong>modifier les r\u00e8gles de vote<\/strong><\/a> pour passer \u00e0 la majorit\u00e9 qualifi\u00e9e a \u00e9t\u00e9 rapidement rejet\u00e9e par le dirigeant hongrois.<\/p>\n<p>La question sensible des fonds gel\u00e9s de la Russie<\/p>\n<p>Viktor Orb\u00e1n a \u00e9galement oppos\u00e9 son veto \u00e0 une nouvelle initiative de Bruxelles visant \u00e0 accorder <a href=\"https:\/\/fr.euronews.com\/my-europe\/2025\/10\/02\/peut-on-manger-le-poulet-le-premier-ministre-belge-exige-des-reponses-sur-les-avoirs-russe\" target=\"_blank\" rel=\"noopener\"><strong>un pr\u00eat de 140 milliards d&rsquo;euros \u00e0 l&rsquo;Ukraine<\/strong><\/a> en utilisant les actifs gel\u00e9s de la Banque centrale russe.<\/p>\n<p>Ce plan est soutenu par la majorit\u00e9 des pays membres, mais le Premier ministre belge, Bart De Wever, a exprim\u00e9 des inqui\u00e9tudes, appelant \u00e0 un partage des risques. <\/p>\n<p>La Belgique abrite en effet Euroclear, le d\u00e9positaire central de titres qui d\u00e9tient la majeure partie des actifs russes, ce qui en ferait la cible principale des repr\u00e9sailles potentielles du Kremlin.<\/p>\n<p>\u00ab\u00a0Je veux un maximum de s\u00e9curit\u00e9 juridique. Je veux de la solidarit\u00e9\u00a0\u00bb, a d\u00e9clar\u00e9 Bart De Wever jeudi matin. \u00ab\u00a0Je ne pense pas que cette position soit d\u00e9raisonnable\u00a0\u00bb.<\/p>\n<p>Un partage des risques qui a \u00e9t\u00e9 imm\u00e9diatement rejet\u00e9 par Viktor Orb\u00e1n.<\/p>\n<p>\u00ab\u00a0La Belgique a besoin d&rsquo;une mutualisation de la responsabilit\u00e9. Il n&rsquo;en est pas question. Nous ne faisons pas partie de l&rsquo;accord\u00a0\u00bb, a-t-il d\u00e9clar\u00e9, qualifiant les arguments de son homologue belge de \u00ab\u00a0tr\u00e8s \u00e9ducatifs\u00a0\u00bb.<\/p>\n<p>\u00ab\u00a0Si l&rsquo;Union europ\u00e9enne d\u00e9cide de toucher et de prendre l&rsquo;argent de quelqu&rsquo;un d&rsquo;autre, nous ne ferons pas partie de cet accord et nous n&rsquo;aurons donc aucune responsabilit\u00e9 \u00e0 l&rsquo;avenir\u00a0\u00bb.<\/p>\n<p>L&rsquo;absence d&rsquo;unanimit\u00e9 menace de compliquer ce qui s&rsquo;annonce d\u00e9j\u00e0 comme un projet complexe. Sans le soutien des 27 \u00c9tats membres, la Commission europ\u00e9enne ne pourrait pas utiliser le budget de l&rsquo;UE comme garant ultime.<\/p>\n<p>L&rsquo;ex\u00e9cutif de l&rsquo;UE tente \u00e9galement de modifier les modalit\u00e9s de renouvellement des sanctions afin de rendre le gel des avoirs plus pr\u00e9visible. Mais une telle mesure n\u00e9cessiterait \u00e9galement l&rsquo;unanimit\u00e9 des Vingt-sept.<\/p>\n<p>L&rsquo;opposition de Viktor Orb\u00e1n exasp\u00e8re les alli\u00e9s europ\u00e9ens de Kyiv<\/p>\n<p>Lors de la conf\u00e9rence de presse de cl\u00f4ture \u00e0 Copenhague, la Premi\u00e8re ministre danoise, Mette Frederiksen, n&rsquo;a pas cach\u00e9 sa frustration face aux obstructions r\u00e9p\u00e9t\u00e9es de Viktor Orb\u00e1n.<\/p>\n<p>\u00ab\u00a0Je pense que nous devons nous en tenir \u00e0 la strat\u00e9gie, et l&rsquo;\u00e9largissement de l&rsquo;Union europ\u00e9enne fait partie de notre strat\u00e9gie. C&rsquo;est une question qui concerne l&rsquo;ensemble de l&rsquo;Union europ\u00e9enne et, au-del\u00e0, l&rsquo;ensemble du continent europ\u00e9en\u00a0\u00bb, a-t-elle d\u00e9clar\u00e9.<\/p>\n<p>\u00ab\u00a0Nous devons construire une Europe aussi forte que possible, ce qui, selon moi, signifie \u00e9largir l&rsquo;Union europ\u00e9enne, et je ne permettrai pas \u00e0 un pays, et certainement pas \u00e0 Viktor Orb\u00e1n, de prendre des d\u00e9cisions sur l&rsquo;ensemble de l&rsquo;avenir de l&rsquo;Europe\u00a0\u00bb.<\/p>\n<p>Mette Frederiksen conseille \u00e0 Kyiv de faire avancer ses travaux techniques en attendant la lev\u00e9e du veto et l&rsquo;ouverture du premier groupe de n\u00e9gociations d&rsquo;adh\u00e9sion, dit des \u00ab\u00a0Fondamentaux\u00a0\u00bb. <\/p>\n<p>\u00ab\u00a0Si nous ne parvenons pas \u00e0 convaincre Viktor Orb\u00e1n, je pense simplement que nous devrons poursuivre le travail entre l&rsquo;Ukraine et la Commission europ\u00e9enne\u00a0\u00bb, a d\u00e9clar\u00e9 la Premi\u00e8re ministre danoise.<\/p>\n<p>En d\u00e9but de semaine, la Commission europ\u00e9enne a annonc\u00e9 que l&rsquo;Ukraine avait achev\u00e9 l&rsquo;examen de sa l\u00e9gislation pour les six groupes \u00ab\u00a0\u00e0 une vitesse record\u00a0\u00bb.<\/p>\n<p>Les mots forts de Volodymyr Zelensky<\/p>\n<p>Aux c\u00f4t\u00e9s de Mette Frederiksen, le pr\u00e9sident ukrainien Volodymyr Zelensky a ouvertement accus\u00e9 Viktor Orb\u00e1n de faire de la propagande \u00e9lectorale.<\/p>\n<p>\u00ab\u00a0Oui, nous avons des probl\u00e8mes avec la Hongrie. Nous pouvons en parler ouvertement parce que Viktor Orb\u00e1n fait face \u00e0 des \u00e9lections\u00a0\u00bb, a-t-il d\u00e9clar\u00e9. \u00ab\u00a0Et je pense que ce n&rsquo;est pas intelligent, juste parce que l&rsquo;on a des \u00e9lections, de bloquer une grande nation de 40 millions d&rsquo;habitants sur le chemin de l&rsquo;UE\u00a0\u00bb.<\/p>\n<p>\u00ab\u00a0La Russie a commenc\u00e9 cette guerre \u00e0 cause de notre volont\u00e9 et de notre choix d&rsquo;aller directement vers l&rsquo;Europe. Parce que nous partageons les m\u00eames valeurs que tous les autres pays europ\u00e9ens\u00a0\u00bb, a-t-il ajout\u00e9, faisant r\u00e9f\u00e9rence \u00e0 la r\u00e9volution de Ma\u00efdan de 2014.<\/p>\n<p>Viktor Orb\u00e1n, au pouvoir en Hongrie depuis 15 ann\u00e9es ininterrompues, fait face \u00e0 son d\u00e9fi \u00e9lectoral le plus redoutable en la personne <a href=\"https:\/\/fr.euronews.com\/2025\/09\/08\/hongrie-lancement-de-la-campagne-electorale-le-pouvoir-de-viktor-orban-plus-que-jamais-men\" target=\"_blank\" rel=\"noopener\"><strong>du chef de l&rsquo;opposition, P\u00e9ter Magyar<\/strong><\/a>, qui a pris une avance consid\u00e9rable dans les sondages d&rsquo;opinion. <\/p>\n<p>Les \u00e9lecteurs hongrois se rendront aux urnes en avril 2026.<\/p>\n<p>Alors que l&rsquo;impasse de l&rsquo;adh\u00e9sion de l&rsquo;Ukraine persiste et que les n\u00e9gociations sur le pr\u00eat de 140 milliards d&rsquo;euros commence, Bruxelles garde un \u0153il sur le <a href=\"https:\/\/fr.euronews.com\/my-europe\/2025\/09\/19\/sanctions-contre-la-russie-lue-cible-le-gnl-les-banques-et-les-cryptomonnaies\" target=\"_blank\" rel=\"noopener\"><strong>19e paquet de sanctions<\/strong><\/a>, auquel la Hongrie &#8211; mais \u00e9galement la Slovaquie &#8211; menacent d&rsquo;opposer leur veto.<\/p>\n","protected":false},"excerpt":{"rendered":"PUBLICIT\u00c9 Les dirigeants europ\u00e9ens ont conclu jeudi deux jours de sommets cons\u00e9cutifs \u00e0 Copenhague, marqu\u00e9s par de nouvelles&hellip;\n","protected":false},"author":2,"featured_media":436143,"comment_status":"","ping_status":"","sticky":false,"template":"","format":"standard","meta":{"footnotes":""},"categories":[1586],"tags":[11,1777,674,1011,27,804,12,25,220,364,7247,134],"class_list":{"0":"post-436142","1":"post","2":"type-post","3":"status-publish","4":"format-standard","5":"has-post-thumbnail","7":"category-europe","8":"tag-actualites","9":"tag-eu","10":"tag-europe","11":"tag-fr","12":"tag-france","13":"tag-hongrie","14":"tag-news","15":"tag-republique-francaise","16":"tag-ukraine","17":"tag-union-europeenne","18":"tag-viktor-orban","19":"tag-volodymyr-zelensky"},"share_on_mastodon":{"url":"https:\/\/pubeurope.com\/@fr\/115310207203813792","error":""},"_links":{"self":[{"href":"https:\/\/www.europesays.com\/fr\/wp-json\/wp\/v2\/posts\/436142","targetHints":{"allow":["GET"]}}],"collection":[{"href":"https:\/\/www.europesays.com\/fr\/wp-json\/wp\/v2\/posts"}],"about":[{"href":"https:\/\/www.europesays.com\/fr\/wp-json\/wp\/v2\/types\/post"}],"author":[{"embeddable":true,"href":"https:\/\/www.europesays.com\/fr\/wp-json\/wp\/v2\/users\/2"}],"replies":[{"embeddable":true,"href":"https:\/\/www.europesays.com\/fr\/wp-json\/wp\/v2\/comments?post=436142"}],"version-history":[{"count":0,"href":"https:\/\/www.europesays.com\/fr\/wp-json\/wp\/v2\/posts\/436142\/revisions"}],"wp:featuredmedia":[{"embeddable":true,"href":"https:\/\/www.europesays.com\/fr\/wp-json\/wp\/v2\/media\/436143"}],"wp:attachment":[{"href":"https:\/\/www.europesays.com\/fr\/wp-json\/wp\/v2\/media?parent=436142"}],"wp:term":[{"taxonomy":"category","embeddable":true,"href":"https:\/\/www.europesays.com\/fr\/wp-json\/wp\/v2\/categories?post=436142"},{"taxonomy":"post_tag","embeddable":true,"href":"https:\/\/www.europesays.com\/fr\/wp-json\/wp\/v2\/tags?post=436142"}],"curies":[{"name":"wp","href":"https:\/\/api.w.org\/{rel}","templated":true}]}}