{"id":436156,"date":"2025-10-03T12:28:15","date_gmt":"2025-10-03T12:28:15","guid":{"rendered":"https:\/\/www.europesays.com\/fr\/436156\/"},"modified":"2025-10-03T12:28:15","modified_gmt":"2025-10-03T12:28:15","slug":"atp-la-tres-grosse-annonce-de-gael-monfils","status":"publish","type":"post","link":"https:\/\/www.europesays.com\/fr\/436156\/","title":{"rendered":"ATP > La tr\u00e8s grosse annonce de Ga\u00ebl Monfils"},"content":{"rendered":"<p>Sans \u00eatre une grande surprise, Monfils a donc annonc\u00e9 ce matin via les r\u00e9seaux sociaux que 2026 serait sa derni\u00e8re saison. Dans son message tr\u00e8s struc\u00adtur\u00e9, il remercie tous ceux qui lui ont permis de r\u00e9aliser sa carri\u00e8re et il oublie personne.<\/p>\n<blockquote class=\"twitter-tweet\">\n<p lang=\"en\" dir=\"ltr\">I\u2019ve got some\u00adthing to share with you. <a href=\"https:\/\/t.co\/pBGh58O6pg\" data-wpel-link=\"external\" target=\"_blank\" rel=\"nofollow external noopener\">pic.twitter.com\/pBGh58O6pg<\/a><\/p>\n<p>\u2014 Gael Monfils (@Gael_Monfils) <a href=\"https:\/\/twitter.com\/Gael_Monfils\/status\/1973266950450192901?ref_src=twsrc%5Etfw\" data-wpel-link=\"external\" target=\"_blank\" rel=\"nofollow external noopener\">October 1,\u00a02025<\/a><\/p><\/blockquote>\n<p><strong>\u00ab\u202fApr\u00e8s avoir c\u00e9l\u00e9br\u00e9 mon 39e anni\u00adver\u00adsaire il y a \u00e0 peine un mois, j\u2019ai\u00adme\u00adrais vous partager que l\u2019ann\u00e9e qui s\u2019an\u00adnonce sera ma derni\u00e8re en tant que joueur profes\u00adsionnel. M\u00eame si ce sport compte \u00e9nor\u00adm\u00e9\u00adment pour moi, je suis en paix avec ma d\u00e9ci\u00adsion de me retirer \u00e0 la fin de la saison 2026\u202f\u00bb<\/strong> a expliqu\u00e9 la\u00a0Monf.<\/p>\n<p>Il faudra bien profiter de lui en 2026 car des joueurs de sa trempe, il n\u2019en n\u2019existe pas beaucoup.<\/p>\n<p class=\"post-published-date\" style=\"color: silver; font-size: 75%; text-align: left;\">Publi\u00e9 le mercredi 1 octobre 2025 \u00e0 08:35<\/p>\n<p><script async src=\"https:\/\/platform.twitter.com\/widgets.js\" charset=\"utf-8\"><\/script><\/p>\n","protected":false},"excerpt":{"rendered":"Sans \u00eatre une grande surprise, Monfils a donc annonc\u00e9 ce matin via les r\u00e9seaux sociaux que 2026 serait&hellip;\n","protected":false},"author":2,"featured_media":138044,"comment_status":"","ping_status":"","sticky":false,"template":"","format":"standard","meta":{"footnotes":""},"categories":[1415],"tags":[1011,27,3770,60,1467],"class_list":{"0":"post-436156","1":"post","2":"type-post","3":"status-publish","4":"format-standard","5":"has-post-thumbnail","7":"category-tennis","8":"tag-fr","9":"tag-france","10":"tag-monfils","11":"tag-sports","12":"tag-tennis"},"share_on_mastodon":{"url":"https:\/\/pubeurope.com\/@fr\/115310238300274052","error":""},"_links":{"self":[{"href":"https:\/\/www.europesays.com\/fr\/wp-json\/wp\/v2\/posts\/436156","targetHints":{"allow":["GET"]}}],"collection":[{"href":"https:\/\/www.europesays.com\/fr\/wp-json\/wp\/v2\/posts"}],"about":[{"href":"https:\/\/www.europesays.com\/fr\/wp-json\/wp\/v2\/types\/post"}],"author":[{"embeddable":true,"href":"https:\/\/www.europesays.com\/fr\/wp-json\/wp\/v2\/users\/2"}],"replies":[{"embeddable":true,"href":"https:\/\/www.europesays.com\/fr\/wp-json\/wp\/v2\/comments?post=436156"}],"version-history":[{"count":0,"href":"https:\/\/www.europesays.com\/fr\/wp-json\/wp\/v2\/posts\/436156\/revisions"}],"wp:featuredmedia":[{"embeddable":true,"href":"https:\/\/www.europesays.com\/fr\/wp-json\/wp\/v2\/media\/138044"}],"wp:attachment":[{"href":"https:\/\/www.europesays.com\/fr\/wp-json\/wp\/v2\/media?parent=436156"}],"wp:term":[{"taxonomy":"category","embeddable":true,"href":"https:\/\/www.europesays.com\/fr\/wp-json\/wp\/v2\/categories?post=436156"},{"taxonomy":"post_tag","embeddable":true,"href":"https:\/\/www.europesays.com\/fr\/wp-json\/wp\/v2\/tags?post=436156"}],"curies":[{"name":"wp","href":"https:\/\/api.w.org\/{rel}","templated":true}]}}