{"id":436157,"date":"2025-10-03T12:30:13","date_gmt":"2025-10-03T12:30:13","guid":{"rendered":"https:\/\/www.europesays.com\/fr\/436157\/"},"modified":"2025-10-03T12:30:13","modified_gmt":"2025-10-03T12:30:13","slug":"bezzecchi-signe-le-meilleur-temps-des-essais-en-indonesie-quartararo-en-q2-zarco-devra-passer-par-q1-lequipe","status":"publish","type":"post","link":"https:\/\/www.europesays.com\/fr\/436157\/","title":{"rendered":"Bezzecchi signe le meilleur temps des essais en Indon\u00e9sie, Quartararo en Q2, Zarco devra passer par Q1 &#8211; L&#039;\u00c9quipe"},"content":{"rendered":"<ol>\n<li><a href=\"https:\/\/news.google.com\/rss\/articles\/CBMi4AFBVV95cUxOUmlRcWhTZFB1cDh4UUg2SkdRcmYtZVNjeW9aV3JXaDFCcGJwWUJ3ZDMyWjJScEtROTFRdHJ1OFdmNDFKRWFibFAyUkVLQ3BoZWFpbEZCNU5pd0hqX0hCUEMtT3pHM2hEV3E0ektCdXpra2FmMTBFcElUa2NVV2RhaTFIMkpEMjBwNTczYkFiUHh5OWRJbTdvbnZsc3dISmxmYU02cWZ2Q3VTdVZ0aXcyRUpfWG1XRDZfVkphYjVyMkJtMUFiTHNudi1lZUp4RW9vSW5pYXJPTVhHeGswZnIxRg?oc=5\" target=\"_blank\" rel=\"nofollow noopener\">Bezzecchi signe le meilleur temps des essais en Indon\u00e9sie, Quartararo en Q2, Zarco devra passer par Q1<\/a>&nbsp;&nbsp;L&rsquo;\u00c9quipe<\/li>\n<li><a href=\"https:\/\/news.google.com\/rss\/articles\/CBMikgJBVV95cUxPWmxZa2JZeUVVeEN0QVRWVHV4a24zcVdGQmc5aDY2aDllTGtQSlo2QkI5SU54blhQQ2c1bFF6c0FkT3NKUVFzUGN5VG1ObHFaejc0MzlkVmNPd2ltMmhfLUlXcDFQRkhCaDh4OGxENUZYUy1xRjY5QUZNSUhvVi1QTWkyNVZsZGN3bXU1X2xrV1QyblVhdHEzXzdXQ29GUjU0ZVAyQ1FvQ3FOazdIMW1Rbnhia1hXM05VVTZlcG0tNWV6OVkySFJkVlFQNFlGbjc0RHVlN1IyY3ZUVDBBUEpibmRYN3JJQXlhU25qbVZ3QzdEbW14YVlLR1Q3Z2xpckE5NXRadXVucEctSENyU1FTakln?oc=5\" target=\"_blank\" rel=\"nofollow noopener\">Sale journ\u00e9e pour Ducati, Quartararo en Q2<\/a>&nbsp;&nbsp;Eurosport<\/li>\n<li><a href=\"https:\/\/news.google.com\/rss\/articles\/CBMilgFBVV95cUxPOGdWeUd0NFQta3p2bmp1RG5IamVhT1k3SlpDckZLckdJLWlEcVdGT1p6MDJnZGs4amhlSm16cVgtZ0V5TXQ2V2hHT1V5ZkxZQ3BCSl9KeU04Tkh2S1plaUl1NDdhT3NBV3U4cTZqSjl2alJZS1NnMDVoX0tzQXNaY1JSQUlzOTVGNnViNGEtZTBBYUNZaVE?oc=5\" target=\"_blank\" rel=\"nofollow noopener\">Essais &#8211; Bezzecchi dominateur, M\u00e1rquez et Bagnaia envoy\u00e9s en Q1 !<\/a>&nbsp;&nbsp;Motorsport.com<\/li>\n<li><a href=\"https:\/\/news.google.com\/rss\/articles\/CBMirAFBVV95cUxPZ2lqekE0X01uRlVPNGlpOUd2c2VoU1ZMM2pHSVB4N0pnM0VXVWNXSUNoNFdvUzg2aktNaVFzNVJmaE9saU9DN3lEdlpTQm5RSzROa3Z3dVNUbk9vYjZoRlk2S1EzNkRzc1F5NE1XU2RzLW5BS0V3Q21UdGgyWGRBbnFIcW5iSVFHaE05RVZaTkxHZTNZRjBqaHBBWWJSdkJHeWE2bUc3bkstVEtt?oc=5\" target=\"_blank\" rel=\"nofollow noopener\">Tout ce qu&rsquo;il faut retenir de ce jeudi \u00e0 Mandalika<\/a>&nbsp;&nbsp;motogp.com<\/li>\n<li><a href=\"https:\/\/news.google.com\/rss\/articles\/CBMimwJBVV95cUxOZHltQ0lmUGtQU3Nyc2tBLTFRYmZIbThQWWx2LWxKaC1oaDhpdTNlWDM1QVUyakRtNTUxdFBfMDRERDhTU3BCbDZoc1RvbzNXcDBKa1JxbUV0ZWUwbGxlY1F2UTRBVXRpRVNYXzFIbG1wT1NZaDh6djl3YkwyeERTNTNhcllJT1lmMTZ2ZWJDaTN1UlBUVjZuVngtTHpIZHlTdnRQNjV4U3NsT0p4Q2ptTmsxcm9OQndNTG5UM1NXME5FcFZqa1NZUllxQWVsTEtKZWxGOC1OMFRmTGI2M3drNGVBTy1SQlFRbEpUa0NjbzN2dFlOSS1yWWRCdjIyVE4zZ2ZiWnR1a0RmRUFOcVhudzVrOHJ5bHJKaFRN?oc=5\" target=\"_blank\" rel=\"nofollow noopener\">Grand Prix MotoGP d\u2019Indon\u00e9sie 2025 : programme, bons plans Canal+ et codes promo sur les produits d\u00e9riv\u00e9s !<\/a>&nbsp;&nbsp;Le Parisien<\/li>\n<\/ol>\n","protected":false},"excerpt":{"rendered":"Bezzecchi signe le meilleur temps des essais en Indon\u00e9sie, Quartararo en Q2, Zarco devra passer par Q1&nbsp;&nbsp;L&rsquo;\u00c9quipe Sale&hellip;\n","protected":false},"author":2,"featured_media":436158,"comment_status":"","ping_status":"","sticky":false,"template":"","format":"standard","meta":{"footnotes":""},"categories":[1413],"tags":[1011,27,1457,1456,60],"class_list":{"0":"post-436157","1":"post","2":"type-post","3":"status-publish","4":"format-standard","5":"has-post-thumbnail","7":"category-moto","8":"tag-fr","9":"tag-france","10":"tag-moto","11":"tag-motocycle","12":"tag-sports"},"share_on_mastodon":{"url":"https:\/\/pubeurope.com\/@fr\/115310246298078760","error":""},"_links":{"self":[{"href":"https:\/\/www.europesays.com\/fr\/wp-json\/wp\/v2\/posts\/436157","targetHints":{"allow":["GET"]}}],"collection":[{"href":"https:\/\/www.europesays.com\/fr\/wp-json\/wp\/v2\/posts"}],"about":[{"href":"https:\/\/www.europesays.com\/fr\/wp-json\/wp\/v2\/types\/post"}],"author":[{"embeddable":true,"href":"https:\/\/www.europesays.com\/fr\/wp-json\/wp\/v2\/users\/2"}],"replies":[{"embeddable":true,"href":"https:\/\/www.europesays.com\/fr\/wp-json\/wp\/v2\/comments?post=436157"}],"version-history":[{"count":0,"href":"https:\/\/www.europesays.com\/fr\/wp-json\/wp\/v2\/posts\/436157\/revisions"}],"wp:featuredmedia":[{"embeddable":true,"href":"https:\/\/www.europesays.com\/fr\/wp-json\/wp\/v2\/media\/436158"}],"wp:attachment":[{"href":"https:\/\/www.europesays.com\/fr\/wp-json\/wp\/v2\/media?parent=436157"}],"wp:term":[{"taxonomy":"category","embeddable":true,"href":"https:\/\/www.europesays.com\/fr\/wp-json\/wp\/v2\/categories?post=436157"},{"taxonomy":"post_tag","embeddable":true,"href":"https:\/\/www.europesays.com\/fr\/wp-json\/wp\/v2\/tags?post=436157"}],"curies":[{"name":"wp","href":"https:\/\/api.w.org\/{rel}","templated":true}]}}