{"id":436159,"date":"2025-10-03T12:31:12","date_gmt":"2025-10-03T12:31:12","guid":{"rendered":"https:\/\/www.europesays.com\/fr\/436159\/"},"modified":"2025-10-03T12:31:12","modified_gmt":"2025-10-03T12:31:12","slug":"la-patiente-montee-en-puissance-de-pau-qui-reve-de-retrouver-les-sommets","status":"publish","type":"post","link":"https:\/\/www.europesays.com\/fr\/436159\/","title":{"rendered":"la patiente mont\u00e9e en puissance de Pau qui r\u00eave de retrouver les sommets"},"content":{"rendered":"<p><strong>D\u00c9CRYPTAGE &#8211; <\/strong>Le club b\u00e9arnais, coleader du Top 14 avec Toulouse, a su se r\u00e9installer durablement dans l\u2019\u00e9lite et vise d\u00e9sormais, pour la premi\u00e8re fois depuis 2003, une place en phase finale.<\/p>\n<p class=\"fig-paragraph\">Un d\u00e9but de championnat en fanfare. Huiti\u00e8me de la derni\u00e8re saison apr\u00e8s huit victoires lors des treize derniers matchs,\u00a0<a href=\"http:\/\/www.lefigaro.fr\/sports\/rugby\/top-14\/top-14-la-section-paloise-sans-plusieurs-de-ses-cadres-pour-le-deplacement-a-toulon-20251002\" data-fig-type=\"NewsFlash\" data-gtm-custom-categorie=\"navigation\" data-gtm-custom-action=\"crossclick\" data-gtm-custom-label=\"Contextuel\" data-gtm-event=\"customEventSPE\" data-fig-domain=\"LEFIGARO\" rel=\"nofollow noopener\" target=\"_blank\">la Section Paloise<\/a>\u00a0continue de surfer sur la m\u00eame dynamique et s\u2019est install\u00e9e en t\u00eate du Top 14, \u00e0 \u00e9galit\u00e9 avec le grand Stade Toulousain, gr\u00e2ce \u00e0 trois succ\u00e8s lors des quatre premi\u00e8res journ\u00e9es. \u00ab\u00a0En toute humilit\u00e9, je ne sais pas si on peut parler de bons d\u00e9buts. On n\u2019en est qu\u2019\u00e0 quatre journ\u00e9es sur 26, c\u2019est tr\u00e8s peu, souligne le manager b\u00e9arnais\u00a0<a href=\"http:\/\/www.lefigaro.fr\/sports\/rugby\/top-14\/top-14-la-section-paloise-assume-de-vouloir-faire-partie-des-meilleurs-martele-le-manager-sebastien-piqueronies-20251003\" data-fig-type=\"NewsFlash\" data-gtm-custom-categorie=\"navigation\" data-gtm-custom-action=\"crossclick\" data-gtm-custom-label=\"Contextuel\" data-gtm-event=\"customEventSPE\" data-fig-domain=\"LEFIGARO\" rel=\"nofollow noopener\" target=\"_blank\">S\u00e9bastien Piqueronies<\/a>\u00a0aupr\u00e8s du Figaro. Je n\u2019aime pas le mot satisfaction, je pr\u00e9f\u00e8re dire que c\u2019est une continuit\u00e9. On a lanc\u00e9 notre projet il y a quatre saisons pleines, on commence \u00e0 r\u00e9colter les fruits de nos fondations.\u00a0\u00bb<\/p>\n<p class=\"fig-paragraph\">Depuis son retour dans l\u2019\u00e9lite en 2015-2016, la Section Paloise, triple championne de France (1928, 1946 et 1964), avait r\u00e9guli\u00e8rement bataill\u00e9 pour le maintien ou, au mieux, le ventre mou. Mais, lors des deux derni\u00e8res saisons, changement de cap, les Palois n\u2019avaient \u00e9chou\u00e9 qu\u2019\u00e0 deux petits points\u2026<\/p>\n<p class=\"fig-premium-paywall__infos\">\n        Cet article est r\u00e9serv\u00e9 aux abonn\u00e9s.        Il vous reste 81% \u00e0 d\u00e9couvrir.\n    <\/p>\n<p>                <img  data- alt=\"Le Figaro\" class=\"fig-img--complete fig-img\"\/><\/p>\n<p class=\"fig-premium-paywall__title\">Vous avez envie de lire la suite ?<\/p>\n<p class=\"fig-premium-paywall__subtitle\">D\u00e9bloquez tous les articles imm\u00e9diatement.<\/p>\n<p class=\"fig-premium-paywall__connect\">\n                D\u00e9j\u00e0 abonn\u00e9\u00a0?                <a class=\"fig-premium-paywall__connect-link\" href=\"https:\/\/connect.lefigaro.fr\/login?client=horizon_web&amp;type=main&amp;redirect_uri=https%3A%2F%2Fwww.lefigaro.fr%2Fsports%2Frugby%2Ftop-14%2Ftop-14-la-patiente-montee-en-puissance-de-pau-qui-reve-de-retrouver-les-sommets-20251003\" data-js-gtm=\"{&quot;customCategorie&quot;: &quot;conversion&quot;, &quot;customAction&quot;: &quot;before_Landing_Connexion_paywall_auto&quot;, &quot;customLabel&quot;: &quot;bGVmaWdhcm8uZnJfXzFmMGEwMzg3LWI2YjUtNmQ2ZS05MjAwLTAxMDY1OGFkMzRlZl9fQXJ0aWNsZQ==_Top 14\u00a0: la patiente mont\u00e9e en puissance de Pau qui r\u00eave de retrouver les sommets_295&quot;, &quot;customIDSPE&quot;: &quot;bGVmaWdhcm8uZnJfXzFmMGEwMzg3LWI2YjUtNmQ2ZS05MjAwLTAxMDY1OGFkMzRlZl9fQXJ0aWNsZQ==&quot;, &quot;event&quot;: &quot;customEventSPE&quot;}\" rel=\"nofollow noopener\" target=\"_blank\"><br \/>\n                    Connectez-vous<br \/>\n                <\/a>\n            <\/p>\n","protected":false},"excerpt":{"rendered":"D\u00c9CRYPTAGE &#8211; Le club b\u00e9arnais, coleader du Top 14 avec Toulouse, a su se r\u00e9installer durablement dans l\u2019\u00e9lite&hellip;\n","protected":false},"author":2,"featured_media":436160,"comment_status":"","ping_status":"","sticky":false,"template":"","format":"standard","meta":{"footnotes":""},"categories":[1412],"tags":[1451,1452,1453,1454,1455,1011,27,6374,479,12098,60],"class_list":{"0":"post-436159","1":"post","2":"type-post","3":"status-publish","4":"format-standard","5":"has-post-thumbnail","7":"category-f1","8":"tag-f1","9":"tag-formula-1","10":"tag-formula1","11":"tag-formule-1","12":"tag-formule1","13":"tag-fr","14":"tag-france","15":"tag-pau","16":"tag-rugby","17":"tag-section-paloise","18":"tag-sports"},"share_on_mastodon":{"url":"https:\/\/pubeurope.com\/@fr\/115310250219274056","error":""},"_links":{"self":[{"href":"https:\/\/www.europesays.com\/fr\/wp-json\/wp\/v2\/posts\/436159","targetHints":{"allow":["GET"]}}],"collection":[{"href":"https:\/\/www.europesays.com\/fr\/wp-json\/wp\/v2\/posts"}],"about":[{"href":"https:\/\/www.europesays.com\/fr\/wp-json\/wp\/v2\/types\/post"}],"author":[{"embeddable":true,"href":"https:\/\/www.europesays.com\/fr\/wp-json\/wp\/v2\/users\/2"}],"replies":[{"embeddable":true,"href":"https:\/\/www.europesays.com\/fr\/wp-json\/wp\/v2\/comments?post=436159"}],"version-history":[{"count":0,"href":"https:\/\/www.europesays.com\/fr\/wp-json\/wp\/v2\/posts\/436159\/revisions"}],"wp:featuredmedia":[{"embeddable":true,"href":"https:\/\/www.europesays.com\/fr\/wp-json\/wp\/v2\/media\/436160"}],"wp:attachment":[{"href":"https:\/\/www.europesays.com\/fr\/wp-json\/wp\/v2\/media?parent=436159"}],"wp:term":[{"taxonomy":"category","embeddable":true,"href":"https:\/\/www.europesays.com\/fr\/wp-json\/wp\/v2\/categories?post=436159"},{"taxonomy":"post_tag","embeddable":true,"href":"https:\/\/www.europesays.com\/fr\/wp-json\/wp\/v2\/tags?post=436159"}],"curies":[{"name":"wp","href":"https:\/\/api.w.org\/{rel}","templated":true}]}}