{"id":436164,"date":"2025-10-03T12:34:42","date_gmt":"2025-10-03T12:34:42","guid":{"rendered":"https:\/\/www.europesays.com\/fr\/436164\/"},"modified":"2025-10-03T12:34:42","modified_gmt":"2025-10-03T12:34:42","slug":"johnny-depp-fait-une-apparition-remarquee-au-defile-dior-pour-la-fashion-week","status":"publish","type":"post","link":"https:\/\/www.europesays.com\/fr\/436164\/","title":{"rendered":"Johnny Depp fait une apparition remarqu\u00e9e au d\u00e9fil\u00e9 Dior pour la fashion week"},"content":{"rendered":"<p class=\"text-left ap-StoryElement ap-StoryElement--mb ap-StoryText\">Pour autant, depuis son divorce avec Amber Heard qui l&rsquo;accusait de violences et ses d\u00e9m\u00eal\u00e9s avec la justice, Johnny vit plut\u00f4t reclus. C&rsquo;est \u00e0 Londres qu&rsquo;il est install\u00e9 depuis quelques ann\u00e9es. De son propre aveu, il \u00ab\u00a0ne sort pas beaucoup\u00a0\u00bb : \u00ab\u00a0Je suis coinc\u00e9 dans mes pens\u00e9es ; je r\u00e9fl\u00e9chis, j&rsquo;\u00e9cris ou je regarde des trucs bizarres sur Youtube. \u00c7a ne peut pas \u00eatre sain.\u00a0\u00bb Mais, pour la fashion week, il est revenu \u00e0 Paris. Attendu au d\u00e9fil\u00e9 Stella McCartney, mardi 30 septembre 2025, il n&rsquo;a finalement fait qu&rsquo;une apparition en coulisses. Cependant, mercredi 1er octobre, pour Dior, dont il est \u00e9g\u00e9rie, il ne s&rsquo;est pas cach\u00e9.<\/p>\n<p>D\u00e9fil\u00e9 de stars pour Dior<\/p>\n<p class=\"ap-StoryElement ap-StoryElement--mb ap-StoryText\">En jean bleu et blazer gris, assorti \u00e0 son chapeau, Johnny Depp a fait une apparition remarqu\u00e9e au Jardin des Tuileries o\u00f9 se tenait le tout premier d\u00e9fil\u00e9 f\u00e9minin du nouveau directeur artistique de Dior, Jonathan Anderson. Il y a crois\u00e9 la papesse de la mode Anna Wintour en robe \u00e0 fleurs et manteau long, l&rsquo;influenceuse L\u00e9na Mahfouf en total look marron, jupe et veste en cuir, l&rsquo;actrice Anya Taylor-Joy en cape en pied-de-poule, Jimin du groupe BTS en blazer noir et pantalon en cuir, ou encore Willow Smith en chemise d&rsquo;homme bleu marine ceintur\u00e9e d&rsquo;une cravate.<\/p>\n<p><a href=\"https:\/\/www.parismatch.be\/actualites\/people\/2025\/06\/09\/le-jour-ou-johnny-depp-a-devoile-la-facon-surprenante-dont-il-voulait-etre-enterre-chacun-pourrait-venir-se-servir-un-verre-MK65VLEVVJGKHOHBVY4D4RYOOA\/\" target=\"_blank\" rel=\"noopener noreferrer\" class=\"ap-StoryInterstitialLink ap-StoryElement ap-StoryElement--mb\">Le jour o\u00f9 Johnny Depp a d\u00e9voil\u00e9 la fa\u00e7on surprenante dont il voulait \u00eatre enterr\u00e9 : \u00ab\u00a0Chacun pourrait venir se servir un verre\u00a0\u00bb<\/a><\/p>\n","protected":false},"excerpt":{"rendered":"Pour autant, depuis son divorce avec Amber Heard qui l&rsquo;accusait de violences et ses d\u00e9m\u00eal\u00e9s avec la justice,&hellip;\n","protected":false},"author":2,"featured_media":436165,"comment_status":"","ping_status":"","sticky":false,"template":"","format":"standard","meta":{"footnotes":""},"categories":[1359],"tags":[650,58,59,992,1011,27,10244,985,973],"class_list":{"0":"post-436164","1":"post","2":"type-post","3":"status-publish","4":"format-standard","5":"has-post-thumbnail","7":"category-people","8":"tag-cinema","9":"tag-divertissement","10":"tag-entertainment","11":"tag-fashion-week","12":"tag-fr","13":"tag-france","14":"tag-johnny-depp","15":"tag-mode","16":"tag-people"},"share_on_mastodon":{"url":"https:\/\/pubeurope.com\/@fr\/115310262077947655","error":""},"_links":{"self":[{"href":"https:\/\/www.europesays.com\/fr\/wp-json\/wp\/v2\/posts\/436164","targetHints":{"allow":["GET"]}}],"collection":[{"href":"https:\/\/www.europesays.com\/fr\/wp-json\/wp\/v2\/posts"}],"about":[{"href":"https:\/\/www.europesays.com\/fr\/wp-json\/wp\/v2\/types\/post"}],"author":[{"embeddable":true,"href":"https:\/\/www.europesays.com\/fr\/wp-json\/wp\/v2\/users\/2"}],"replies":[{"embeddable":true,"href":"https:\/\/www.europesays.com\/fr\/wp-json\/wp\/v2\/comments?post=436164"}],"version-history":[{"count":0,"href":"https:\/\/www.europesays.com\/fr\/wp-json\/wp\/v2\/posts\/436164\/revisions"}],"wp:featuredmedia":[{"embeddable":true,"href":"https:\/\/www.europesays.com\/fr\/wp-json\/wp\/v2\/media\/436165"}],"wp:attachment":[{"href":"https:\/\/www.europesays.com\/fr\/wp-json\/wp\/v2\/media?parent=436164"}],"wp:term":[{"taxonomy":"category","embeddable":true,"href":"https:\/\/www.europesays.com\/fr\/wp-json\/wp\/v2\/categories?post=436164"},{"taxonomy":"post_tag","embeddable":true,"href":"https:\/\/www.europesays.com\/fr\/wp-json\/wp\/v2\/tags?post=436164"}],"curies":[{"name":"wp","href":"https:\/\/api.w.org\/{rel}","templated":true}]}}