{"id":436170,"date":"2025-10-03T12:37:21","date_gmt":"2025-10-03T12:37:21","guid":{"rendered":"https:\/\/www.europesays.com\/fr\/436170\/"},"modified":"2025-10-03T12:37:21","modified_gmt":"2025-10-03T12:37:21","slug":"tu-connais-gerard-darmon-dominique-farrugia-partage-la-question-lunaire-de-ses-filles-sur-le-plateau-de-c-a-vous-zaptv-portail-free","status":"publish","type":"post","link":"https:\/\/www.europesays.com\/fr\/436170\/","title":{"rendered":"&quot;Tu connais G\u00e9rard Darmon ?&quot; : Dominique Farrugia partage la question lunaire de ses filles sur le plateau de C \u00e0 vous (ZAPTV) &#8211; Portail Free"},"content":{"rendered":"<ol>\n<li><a href=\"https:\/\/news.google.com\/rss\/articles\/CBMi-AFBVV95cUxQZDZ1NTNTa20zdERKb0JPeklKdnpDTmdnQXZrMGdFTXo3dnYtY08wM2pGbDdKakstbVJkVjRybzctTlUwOGR1VGt5SWpnc1NkWVY0Y1ZVS2JnX0I0V1NBa2plLVVyVG9mQ3NEemI1ekpPOWczZllUMEo1S0J0T2VWMGN5dENTeVNtV0F0WGpnYVcyblRIYUxET3ptWnJIdlkxOEZtRlZScXpWYjZyMnFOQ0d1WmJlWjRoMWJoZUNwTVp0SENrWnBmbTFhel8xTUhnSEE1LVYtemxNcFRCQWhSZEtxd3ktOVhQcjVXTldXYW94SGctbXMyUQ?oc=5\" target=\"_blank\" rel=\"nofollow noopener\">\u00ab\u00a0Tu connais G\u00e9rard Darmon ?\u00a0\u00bb : Dominique Farrugia partage la question lunaire de ses filles sur le plateau de C \u00e0 vous (ZAPTV)<\/a>&nbsp;&nbsp;Portail Free<\/li>\n<li><a href=\"https:\/\/news.google.com\/rss\/articles\/CBMi7gFBVV95cUxNTlRtbXR6ekpzanE2QTBOUEtzTm1wV1JlMXhmM2ExSGplNUNIXzZTUGszalBvcFhJem0wc0VCVkpaeGJDb3A2YjRwb09MR3RSOERGb1gyaGc3ZFc4eDA1UGZXUVlfNjJmaFVJTFAtSTRZZHY0clRtUWpqd2pBX2FRY3dqcEQ2UWFUQnA1NlZmcTNBU3ZlSFpFaWFNOUEzSTk3X0EyQW5IU3h4cEFsbkRQaXlOREpiSzFZWFpQNkpVSjJMWC16ZzNBbUNwVTh3VVBYMS1IVUc0ajJVY3pIcGRSem0tcEJJWWxJcGNEVldR?oc=5\" target=\"_blank\" rel=\"nofollow noopener\">Audiences TV. \u00ab Enqu\u00eate en famille \u00bb, la nouvelle s\u00e9rie de TF 1 d\u00e9marre bien<\/a>&nbsp;&nbsp;Le Parisien<\/li>\n<li><a href=\"https:\/\/news.google.com\/rss\/articles\/CBMifkFVX3lxTE92TmNwQnhaOFVVLUlTYmh4SlFlQ0lIWVc4aEx4NDZkcnFLYVVHbW0zR0tPTnFpcENwLXU2bHZWMF9BMVpDYXhZbmVwU2NIQnVsNUFkR1llU0Z4NUhuWU1obU1YM2hfQmRtS1BCX1c3dUpTRlJRNkRzbjNBemZtZw?oc=5\" target=\"_blank\" rel=\"nofollow noopener\">Enqu\u00eate en famille sur TF1 : o\u00f9 a \u00e9t\u00e9 tourn\u00e9e la s\u00e9rie avec Cl\u00e9mentine C\u00e9lari\u00e9 et Bernard Le Coq ?<\/a>&nbsp;&nbsp;AlloCin\u00e9<\/li>\n<li><a href=\"https:\/\/news.google.com\/rss\/articles\/CBMivgFBVV95cUxNaUM5U1VtSXR5WEVwTFBuWWk4Q1RkWjdPamhHM3JWNkF0TzJSZlA5THZVMlViTk5BUS16c1BkNHEyVFBwY195X01GMThkOVN1anFZcTlsNlQtTjRrRHhmWGZfSTFSYUJNdG42aXZ0blZieDRRd2FvMWhsN1RYUGhGX0NHWXlZVjZ1RzRLR2tDNEVHVW5OeWF2Z2cxQzJNWmU0OF9iMGZrYXZLYXFqajViN1Z0SlFCN0ZpSHgxWDB3?oc=5\" target=\"_blank\" rel=\"nofollow noopener\">Ille-et-Vilaine : cette ville a servi de d\u00e9cor \u00e0 une s\u00e9rie de TF1<\/a>&nbsp;&nbsp;Actu.fr<\/li>\n<li><a href=\"https:\/\/news.google.com\/rss\/articles\/CBMi-wFBVV95cUxQRTM5RUZyRkRYdjFHXzJYRlM1QUFXTWozZkEzMGlMSEE5bUxMV1BkNEFKcVBnV1hFN3BmT1RsMUo4WEJiV3hFQ2taOTB1SUxNRGFPRzNkX0kyNVk2MWtzYUdpVnZxRTN3dl8xbUZ4eE4ydlJFSThBRERKQm9BMW1TRkJ6bkVQcEg5OHBhZ2FHSnh6VDJYeUlsRzR2Njc5dTNhSjJkVmthdDhoOFI4Ujc4cGJLRlJvay1QUk1zY3lRLWZBU0ZCVXNhSHFfN1VvMVFDb1BVVGFjMWIwNnktY1FuMW05cDNfWjBEUVNxOTZjMktXeE5qYjZKaWMwbw?oc=5\" target=\"_blank\" rel=\"nofollow noopener\">Enqu\u00eate en famille : la s\u00e9rie a \u00e9t\u00e9 tourn\u00e9e dans un magnifique village breton que personne ou presque ne conna\u00eet<\/a>&nbsp;&nbsp;Linternaute.com<\/li>\n<\/ol>\n","protected":false},"excerpt":{"rendered":"\u00ab\u00a0Tu connais G\u00e9rard Darmon ?\u00a0\u00bb : Dominique Farrugia partage la question lunaire de ses filles sur le plateau&hellip;\n","protected":false},"author":2,"featured_media":395849,"comment_status":"","ping_status":"","sticky":false,"template":"","format":"standard","meta":{"footnotes":""},"categories":[1356],"tags":[58,59,1011,27,252,1364],"class_list":{"0":"post-436170","1":"post","2":"type-post","3":"status-publish","4":"format-standard","5":"has-post-thumbnail","7":"category-television","8":"tag-divertissement","9":"tag-entertainment","10":"tag-fr","11":"tag-france","12":"tag-television","13":"tag-tv"},"share_on_mastodon":{"url":"https:\/\/pubeurope.com\/@fr\/115310273795702724","error":""},"_links":{"self":[{"href":"https:\/\/www.europesays.com\/fr\/wp-json\/wp\/v2\/posts\/436170","targetHints":{"allow":["GET"]}}],"collection":[{"href":"https:\/\/www.europesays.com\/fr\/wp-json\/wp\/v2\/posts"}],"about":[{"href":"https:\/\/www.europesays.com\/fr\/wp-json\/wp\/v2\/types\/post"}],"author":[{"embeddable":true,"href":"https:\/\/www.europesays.com\/fr\/wp-json\/wp\/v2\/users\/2"}],"replies":[{"embeddable":true,"href":"https:\/\/www.europesays.com\/fr\/wp-json\/wp\/v2\/comments?post=436170"}],"version-history":[{"count":0,"href":"https:\/\/www.europesays.com\/fr\/wp-json\/wp\/v2\/posts\/436170\/revisions"}],"wp:featuredmedia":[{"embeddable":true,"href":"https:\/\/www.europesays.com\/fr\/wp-json\/wp\/v2\/media\/395849"}],"wp:attachment":[{"href":"https:\/\/www.europesays.com\/fr\/wp-json\/wp\/v2\/media?parent=436170"}],"wp:term":[{"taxonomy":"category","embeddable":true,"href":"https:\/\/www.europesays.com\/fr\/wp-json\/wp\/v2\/categories?post=436170"},{"taxonomy":"post_tag","embeddable":true,"href":"https:\/\/www.europesays.com\/fr\/wp-json\/wp\/v2\/tags?post=436170"}],"curies":[{"name":"wp","href":"https:\/\/api.w.org\/{rel}","templated":true}]}}