{"id":436181,"date":"2025-10-03T12:44:12","date_gmt":"2025-10-03T12:44:12","guid":{"rendered":"https:\/\/www.europesays.com\/fr\/436181\/"},"modified":"2025-10-03T12:44:12","modified_gmt":"2025-10-03T12:44:12","slug":"budget-2026-sebastien-lecornu-propose-linstauration-dune-taxe-sur-le-patrimoine-financier-pour-convaincre-le-ps-de-ne-pas-le-censurer-03-10-2025-a-1337","status":"publish","type":"post","link":"https:\/\/www.europesays.com\/fr\/436181\/","title":{"rendered":"Budget 2026 : S\u00e9bastien Lecornu propose l&rsquo;instauration d&rsquo;une \u00ab\u00a0taxe sur le patrimoine financier\u00a0\u00bb pour convaincre le PS de ne pas le censurer &#8211; 03\/10\/2025 \u00e0 13:37"},"content":{"rendered":"<p> Le Premier ministre propose \u00ab\u00a0la cr\u00e9ation d&rsquo;une taxe sur le patrimoine financier qui ne touche pas le patrimoine professionnel\u00a0\u00bb.<\/p>\n<p>        <img fetchpriority=\"high\" decoding=\"async\" src=\"https:\/\/www.europesays.com\/fr\/wp-content\/uploads\/2025\/10\/c77ca0e5096ec9d3b31628f29db20755-760x507.jpg\" alt=\"S\u00e9bastien Lecornu \u00e0 Paris le 3 octobre 2025. ( POOL \/ ALAIN JOCARD )\" loading=\"eager\" width=\"760\" height=\"507\" style=\"max-width: 100%!important; height: auto;\"\/><\/p>\n<p class=\"c-image-news__legend\">S\u00e9bastien Lecornu \u00e0 Paris le 3 octobre 2025. ( POOL \/ ALAIN JOCARD )<\/p>\n<p>\n Apr\u00e8s avoir \u00e9cart\u00e9 une taxe Zucman jug\u00e9e \u00ab\u00a0dangereuse\u00a0\u00bb pour l&rsquo;\u00e9conomie et l&#8217;emploi, le Premier ministre S\u00e9bastien Lecornu a annonc\u00e9 vendredi 3 octobre avoir propos\u00e9 au Parti socialiste la cr\u00e9ation d&rsquo;une \u00ab\u00a0taxe sur le patrimoine financier\u00a0\u00bb.\n<\/p>\n<p>\n <strong><br \/>\n  \u00ab\u00a0Certaines optimisations fiscales de tr\u00e8s grandes fortunes ne sont pas d\u00e9fendables\u00a0\u00bb<br \/>\n <\/strong><br \/>\n , consid\u00e8re le Premier ministre, selon son entourage. Il propose aux socialistes \u00ab\u00a0la cr\u00e9ation d&rsquo;<br \/>\n <strong><br \/>\n  une taxe sur le patrimoine financier (holding) qui ne touche pas le patrimoine professionnel\u00a0\u00bb<br \/>\n <\/strong><br \/>\n .\n<\/p>\n<p>\n \u00ab\u00a0Sans 49-3, le PS pourra proposer au vote la taxe Zucman, mais le gouvernement ne la soutiendra pas\u00a0\u00bb, a-t-on ajout\u00e9 de m\u00eame source.\n<\/p>\n<p> Pas de 49.3<\/p>\n<p>\n Le Premier ministre leur a aussi promis une mesure de pouvoir d&rsquo;achat dans le budget. \u00ab\u00a0Tous les sc\u00e9narios sont sur la table\u00a0\u00bb, a encore soulign\u00e9 son entourage.\n<\/p>\n<p>\n S\u00e9bastien Lecornu s&rsquo;est entretenu avec les socialistes pendant environ deux heures, dans un rendez-vous consid\u00e9r\u00e9 par ces derniers comme celui de la derni\u00e8re chance pour \u00e9viter la censure.\n<\/p>\n<p>\n Avant ses rencontres avec les oppositions, il a annonc\u00e9 vendredi qu&rsquo;il n&rsquo;utiliserait pas l&rsquo;article 49.3 de la Constitution, qui permet de faire passer un texte -comme le budget- sans vote. Ce geste a \u00e9t\u00e9 salu\u00e9 par le PS, le RN et les \u00c9cologistes, mais ces derniers le jugent insuffisant pour ne pas censurer.\n<\/p>\n<p>\n \u00c0 la sortie de la r\u00e9union, le premier secr\u00e9taire du PS Olivier Faure a estim\u00e9 que S\u00e9bastien Lecornu a pr\u00e9sent\u00e9<br \/>\n <strong><br \/>\n  \u00ab\u00a0une copie tr\u00e8s insuffisante et \u00e0 bien des \u00e9gards alarmante\u00a0\u00bb<br \/>\n <\/strong><br \/>\n sur le budget 2026, mais lui accorde \u00ab\u00a0le b\u00e9n\u00e9fice des prochaines heures pour r\u00e9fl\u00e9chir\u00a0\u00bb jusqu&rsquo;\u00e0 sa d\u00e9claration de politique g\u00e9n\u00e9rale.\n<\/p>\n<p>\n Le plan propos\u00e9 par le Premier ministre au PS, en esp\u00e9rant que ce dernier ne le censurera pas,<br \/>\n <strong><br \/>\n  \u00ab\u00a0coche toutes les cases \u00e0 minima\u00a0\u00bb<br \/>\n <\/strong><br \/>\n , a d\u00e9clar\u00e9 Olivier Faure \u00e0 la sortie de son entretien avec S\u00e9bastien Lecornu.<\/p>\n","protected":false},"excerpt":{"rendered":"Le Premier ministre propose \u00ab\u00a0la cr\u00e9ation d&rsquo;une taxe sur le patrimoine financier qui ne touche pas le patrimoine&hellip;\n","protected":false},"author":2,"featured_media":436182,"comment_status":"","ping_status":"","sticky":false,"template":"","format":"standard","meta":{"footnotes":""},"categories":[6],"tags":[400,398,408,35,405,33,34,1011,27,403,402,399,404,401,406,407],"class_list":{"0":"post-436181","1":"post","2":"type-post","3":"status-publish","4":"format-standard","5":"has-post-thumbnail","7":"category-economie","8":"tag-action-cac-40","9":"tag-bourse-de-paris","10":"tag-boursorama","11":"tag-business","12":"tag-cotations","13":"tag-economie","14":"tag-economy","15":"tag-fr","16":"tag-france","17":"tag-indices-devises","18":"tag-investir","19":"tag-investissement","20":"tag-marche-boursier","21":"tag-sicav","22":"tag-trackers","23":"tag-warrants"},"share_on_mastodon":{"url":"https:\/\/pubeurope.com\/@fr\/115310302128447410","error":""},"_links":{"self":[{"href":"https:\/\/www.europesays.com\/fr\/wp-json\/wp\/v2\/posts\/436181","targetHints":{"allow":["GET"]}}],"collection":[{"href":"https:\/\/www.europesays.com\/fr\/wp-json\/wp\/v2\/posts"}],"about":[{"href":"https:\/\/www.europesays.com\/fr\/wp-json\/wp\/v2\/types\/post"}],"author":[{"embeddable":true,"href":"https:\/\/www.europesays.com\/fr\/wp-json\/wp\/v2\/users\/2"}],"replies":[{"embeddable":true,"href":"https:\/\/www.europesays.com\/fr\/wp-json\/wp\/v2\/comments?post=436181"}],"version-history":[{"count":0,"href":"https:\/\/www.europesays.com\/fr\/wp-json\/wp\/v2\/posts\/436181\/revisions"}],"wp:featuredmedia":[{"embeddable":true,"href":"https:\/\/www.europesays.com\/fr\/wp-json\/wp\/v2\/media\/436182"}],"wp:attachment":[{"href":"https:\/\/www.europesays.com\/fr\/wp-json\/wp\/v2\/media?parent=436181"}],"wp:term":[{"taxonomy":"category","embeddable":true,"href":"https:\/\/www.europesays.com\/fr\/wp-json\/wp\/v2\/categories?post=436181"},{"taxonomy":"post_tag","embeddable":true,"href":"https:\/\/www.europesays.com\/fr\/wp-json\/wp\/v2\/tags?post=436181"}],"curies":[{"name":"wp","href":"https:\/\/api.w.org\/{rel}","templated":true}]}}