{"id":436189,"date":"2025-10-03T12:48:11","date_gmt":"2025-10-03T12:48:11","guid":{"rendered":"https:\/\/www.europesays.com\/fr\/436189\/"},"modified":"2025-10-03T12:48:11","modified_gmt":"2025-10-03T12:48:11","slug":"ce-quil-sest-passe-dans-ce-quartier","status":"publish","type":"post","link":"https:\/\/www.europesays.com\/fr\/436189\/","title":{"rendered":"ce qu&rsquo;il s&rsquo;est pass\u00e9 dans ce quartier"},"content":{"rendered":"<p>            Par<br \/>\n        <strong><br \/>\n            <a href=\"https:\/\/actu.fr\/auteur\/mathias-souteyrat\" title=\"Consulter tous les articles de Mathias Souteyrat\" rel=\"nofollow noopener\" target=\"_blank\">Mathias Souteyrat<\/a><br \/>\n        <\/strong><\/p>\n<p>        Publi\u00e9 le<\/p>\n<p>            3 oct. 2025 \u00e0 14h33        <\/p>\n<p>Peu apr\u00e8s midi, ce vendredi 3\u00a0octobre 2025, un incendie a touch\u00e9 un appartement de la rue Pierre Corneille, dans le quartier Carnot \u00e0 <a href=\"https:\/\/actu.fr\/auvergne-rhone-alpes\/saint-etienne_42218\" rel=\"nofollow noopener\" target=\"_blank\">Saint-Etienne<\/a>.<\/p>\n<p class=\" wall-content\">Un feu d\u2019appartement est survenu au 1er \u00e9tage d\u2019un immeuble d\u2019habitation de deux \u00e9tages comprenant cinq logements.<\/p>\n<p>Pas de victime<\/p>\n<p class=\" wall-content\">\u00ab\u2009Gr\u00e2ce \u00e0 l\u2019action rapide des secours, <strong>le sinistre a \u00e9t\u00e9 rapidement ma\u00eetris\u00e9<\/strong>. Aucune victime n\u2019est \u00e0 d\u00e9plorer\u2009\u00bb, pr\u00e9cisent les soldats du feu.<\/p>\n<p class=\" wall-content\">Les op\u00e9rations d\u2019extinction sont termin\u00e9es. Les op\u00e9rations de s\u00e9curisation et de surveillance des lieux sont toujours en cours.<\/p>\n<p class=\" wall-content\">Au plus fort de l\u2019intervention, seize sapeurs-pompiers et quatre engins ont \u00e9t\u00e9 engag\u00e9s.<\/p>\n<p class=\" wall-content\">Personnalisez votre actualit\u00e9 en ajoutant vos villes et m\u00e9dias en favori avec <a href=\"https:\/\/moncompte.actu.fr\" title=\"D\u00e9couvez Mon Actu\" rel=\"nofollow noopener\" data-trk=\"{&quot;cta&quot;:{&quot;action&quot;:&quot;https:\\\/\\\/moncompte.actu.fr&quot;,&quot;category&quot;:&quot;mon compte&quot;,&quot;from&quot;:&quot;article footer&quot;,&quot;name&quot;:&quot;Mon actu&quot;,&quot;type&quot;:&quot;cta&quot;}}\" target=\"_blank\">Mon Actu<\/a>.<\/p>\n","protected":false},"excerpt":{"rendered":"Par Mathias Souteyrat Publi\u00e9 le 3 oct. 2025 \u00e0 14h33 Peu apr\u00e8s midi, ce vendredi 3\u00a0octobre 2025, un&hellip;\n","protected":false},"author":2,"featured_media":436190,"comment_status":"","ping_status":"","sticky":false,"template":"","format":"standard","meta":{"footnotes":""},"categories":[9653],"tags":[1111,11,2430,1777,674,118,1011,27,1310,12,1311,25,4001],"class_list":{"0":"post-436189","1":"post","2":"type-post","3":"status-publish","4":"format-standard","5":"has-post-thumbnail","7":"category-saint-etienne","8":"tag-actu","9":"tag-actualites","10":"tag-auvergne-rhone-alpes","11":"tag-eu","12":"tag-europe","13":"tag-faits-divers","14":"tag-fr","15":"tag-france","16":"tag-incendie","17":"tag-news","18":"tag-pompiers","19":"tag-republique-francaise","20":"tag-saint-etienne"},"share_on_mastodon":{"url":"https:\/\/pubeurope.com\/@fr\/115310317123488381","error":""},"_links":{"self":[{"href":"https:\/\/www.europesays.com\/fr\/wp-json\/wp\/v2\/posts\/436189","targetHints":{"allow":["GET"]}}],"collection":[{"href":"https:\/\/www.europesays.com\/fr\/wp-json\/wp\/v2\/posts"}],"about":[{"href":"https:\/\/www.europesays.com\/fr\/wp-json\/wp\/v2\/types\/post"}],"author":[{"embeddable":true,"href":"https:\/\/www.europesays.com\/fr\/wp-json\/wp\/v2\/users\/2"}],"replies":[{"embeddable":true,"href":"https:\/\/www.europesays.com\/fr\/wp-json\/wp\/v2\/comments?post=436189"}],"version-history":[{"count":0,"href":"https:\/\/www.europesays.com\/fr\/wp-json\/wp\/v2\/posts\/436189\/revisions"}],"wp:featuredmedia":[{"embeddable":true,"href":"https:\/\/www.europesays.com\/fr\/wp-json\/wp\/v2\/media\/436190"}],"wp:attachment":[{"href":"https:\/\/www.europesays.com\/fr\/wp-json\/wp\/v2\/media?parent=436189"}],"wp:term":[{"taxonomy":"category","embeddable":true,"href":"https:\/\/www.europesays.com\/fr\/wp-json\/wp\/v2\/categories?post=436189"},{"taxonomy":"post_tag","embeddable":true,"href":"https:\/\/www.europesays.com\/fr\/wp-json\/wp\/v2\/tags?post=436189"}],"curies":[{"name":"wp","href":"https:\/\/api.w.org\/{rel}","templated":true}]}}