{"id":436193,"date":"2025-10-03T12:50:12","date_gmt":"2025-10-03T12:50:12","guid":{"rendered":"https:\/\/www.europesays.com\/fr\/436193\/"},"modified":"2025-10-03T12:50:12","modified_gmt":"2025-10-03T12:50:12","slug":"conference-et-promenade-sur-le-geopatrimoine","status":"publish","type":"post","link":"https:\/\/www.europesays.com\/fr\/436193\/","title":{"rendered":"Conf\u00e9rence et promenade sur le g\u00e9opatrimoine"},"content":{"rendered":"<p>Le 6\u00a0octobre est, depuis 2021, la journ\u00e9e annuelle internationale de la g\u00e9odiversit\u00e9, soutenue par l\u2019Unesco. La g\u00e9odiversit\u00e9 correspond \u00e0 la diversit\u00e9 des \u00e9l\u00e9ments non-vivants pr\u00e9sents dans les paysages\u00a0: roches, reliefs, rivi\u00e8res\u2026 Les recherches, men\u00e9es notamment en Lorraine et dans la M\u00e9tropole du Grand Nancy, ont permis d\u2019identifier des \u00ab\u00a0g\u00e9osites\u00a0\u00bb (paysages, affleurements rocheux, fossiles, grottes,\u00a0etc.) ayant une valeur patrimoniale, qui constituent ainsi un \u00ab\u00a0g\u00e9opatrimoine\u00a0\u00bb ayant vocation \u00e0 \u00eatre prot\u00e9g\u00e9 et valoris\u00e9.<\/p>\n<p class=\"note\"><strong>Promenade <\/strong> gratuite g\u00e9opatrimoniale\u00a0: d\u00e9parts \u00e0 13\u00a0h\u00a030 et 15\u00a0h\u00a030 devant l\u2019office de tourisme (inscription sur nancy-tourisme.fr)\u00a0; et <strong>conf\u00e9rence <\/strong> \u00ab\u00a0 A la rencontre du g\u00e9opatrimoine\u00a0: dans le Grand Nancy, en Lorraine, et au-del\u00e0. Conna\u00eetre, pr\u00e9server et valoriser la m\u00e9moire de la terre\u00a0\u00bb ouverte \u00e0 tous \u00e0 l\u2019auditorium du Mus\u00e9e des Beaux-Arts (entr\u00e9e libre et gratuite, acc\u00e8s par la rue Gustave-Simon \u00e0 partir de 18\u00a0h\u00a015).<\/p>\n","protected":false},"excerpt":{"rendered":"Le 6\u00a0octobre est, depuis 2021, la journ\u00e9e annuelle internationale de la g\u00e9odiversit\u00e9, soutenue par l\u2019Unesco. La g\u00e9odiversit\u00e9 correspond&hellip;\n","protected":false},"author":2,"featured_media":436194,"comment_status":"","ping_status":"","sticky":false,"template":"","format":"standard","meta":{"footnotes":""},"categories":[9635],"tags":[1111,11,6211,1687,1704,1777,674,1011,27,775,1702,1703,12,5486,25],"class_list":{"0":"post-436193","1":"post","2":"type-post","3":"status-publish","4":"format-standard","5":"has-post-thumbnail","7":"category-nancy","8":"tag-actu","9":"tag-actualites","10":"tag-conference","11":"tag-culture-loisirs","12":"tag-edition-nancy-et-agglomeration","13":"tag-eu","14":"tag-europe","15":"tag-fr","16":"tag-france","17":"tag-grand-est","18":"tag-nancy","19":"tag-nancy-ville-54b","20":"tag-news","21":"tag-rencontre","22":"tag-republique-francaise"},"share_on_mastodon":{"url":"https:\/\/pubeurope.com\/@fr\/115310325205271098","error":""},"_links":{"self":[{"href":"https:\/\/www.europesays.com\/fr\/wp-json\/wp\/v2\/posts\/436193","targetHints":{"allow":["GET"]}}],"collection":[{"href":"https:\/\/www.europesays.com\/fr\/wp-json\/wp\/v2\/posts"}],"about":[{"href":"https:\/\/www.europesays.com\/fr\/wp-json\/wp\/v2\/types\/post"}],"author":[{"embeddable":true,"href":"https:\/\/www.europesays.com\/fr\/wp-json\/wp\/v2\/users\/2"}],"replies":[{"embeddable":true,"href":"https:\/\/www.europesays.com\/fr\/wp-json\/wp\/v2\/comments?post=436193"}],"version-history":[{"count":0,"href":"https:\/\/www.europesays.com\/fr\/wp-json\/wp\/v2\/posts\/436193\/revisions"}],"wp:featuredmedia":[{"embeddable":true,"href":"https:\/\/www.europesays.com\/fr\/wp-json\/wp\/v2\/media\/436194"}],"wp:attachment":[{"href":"https:\/\/www.europesays.com\/fr\/wp-json\/wp\/v2\/media?parent=436193"}],"wp:term":[{"taxonomy":"category","embeddable":true,"href":"https:\/\/www.europesays.com\/fr\/wp-json\/wp\/v2\/categories?post=436193"},{"taxonomy":"post_tag","embeddable":true,"href":"https:\/\/www.europesays.com\/fr\/wp-json\/wp\/v2\/tags?post=436193"}],"curies":[{"name":"wp","href":"https:\/\/api.w.org\/{rel}","templated":true}]}}