{"id":436200,"date":"2025-10-03T12:55:17","date_gmt":"2025-10-03T12:55:17","guid":{"rendered":"https:\/\/www.europesays.com\/fr\/436200\/"},"modified":"2025-10-03T12:55:17","modified_gmt":"2025-10-03T12:55:17","slug":"une-premiere-edition-dexplorer-day-peu-frequentee-sur-le-parvis-de-la-mairie","status":"publish","type":"post","link":"https:\/\/www.europesays.com\/fr\/436200\/","title":{"rendered":"une premi\u00e8re \u00e9dition d&rsquo;Explorer Day peu fr\u00e9quent\u00e9e sur le parvis de la mairie"},"content":{"rendered":"<p>            Par<br \/>\n        <strong><br \/>\n            <a href=\"https:\/\/actu.fr\/auteur\/jm-aubert\" title=\"Consulter tous les articles de Jean-Marc Aubert\" rel=\"nofollow noopener\" target=\"_blank\">Jean-Marc Aubert<\/a><br \/>\n        <\/strong><\/p>\n<p>        Publi\u00e9 le<\/p>\n<p>            3 oct. 2025 \u00e0 14h25        <\/p>\n<p>La fr\u00e9quentation esp\u00e9r\u00e9e n\u2019a pas \u00e9t\u00e9 au rendez-vous de ce <strong>premier Explorer Day<\/strong> -le jour de l\u2019explorateur- ce mercredi 1er octobre 2025, organis\u00e9 par la <strong>direction interd\u00e9partementale de la police nationale de l\u2019H\u00e9rault<\/strong> -DIPN 34- sur le parvis Georges Fr\u00eache de l\u2019h\u00f4tel de ville de Montpellier, dans le quartier de Port Marianne. Un public clairsem\u00e9 a parcouru les stands entre 10h et 16h.<\/p>\n<p class=\" wall-content\">Les pr\u00e9c\u00e9dentes \u00e9ditions de la s\u00e9curit\u00e9 propos\u00e9es par la pr\u00e9fecture avaient attir\u00e9 un nombreux public au <strong>centre commercial Odyssem<\/strong>. \u00ab\u00a0Pour l\u2019Explorer Day 2026, s\u2019il a lieu, nous proposerons de retourner sur ce site plus adapt\u00e9 \u00e0 ce genre d\u2019\u00e9v\u00e9nement\u00a0\u00bb, analyse S\u00e9bastien Cote, l\u2019adjoint au maire de Montpellier en charge de la tranquillit\u00e9 publique, venu sur place devant la mairie, o\u00f9 a \u00e9galement fait une apparition le contr\u00f4leur g\u00e9n\u00e9ral Benoit Desmartin \u00e0 la t\u00eate de la DIPN 34.<\/p>\n<p>    <a href=\"https:\/\/www.google.com\/maps\/embed?pb=!1m18!1m12!1m3!1d4245.009273174847!2d3.895625714838281!3d43.59830347268339!2m3!1f0!2f0!3f0!3m2!1i1024!2i768!4f13.1!3m3!1m2!1s0x12b6ae016ee41ecf%3A0x43ad717412e05b44!2sH%C3%B4tel%20de%20Ville%20de%20Montpellier!5e0!3m2!1sfr!2sfr!4v1759418466403!5m2!1sfr!2sfr\" title=\"Ouvrie le lien\" rel=\"nofollow noopener\" target=\"_blank\">Cliquez ici pour visualiser le contenu<\/a><\/p>\n<p>    <img   decoding=\"async\" loading=\"lazy\" src=\"https:\/\/www.europesays.com\/fr\/wp-content\/uploads\/2025\/10\/0-119-960x640.jpeg\" alt=\"Le stand du Sdis 34 avec la pr\u00e9\" width=\"960\" height=\"640\"\/><br \/>\n    Le stand du Sdis 34 avec la pr\u00e9\u00a0\u00bbsensation des pr\u00e9cieux drones (\u00a9JMA \/ M\u00e9tropolitain)<\/p>\n<p class=\" wall-content\">L\u2019interpellation d\u2019un suspect refusant de se soumettre aux injonctions de policiers nationaux qui ont \u00ab\u00a0l\u00e2ch\u00e9\u00a0\u00bb sur lui un chien sp\u00e9cialis\u00e9 dans la neutralisation a \u00e9t\u00e9 un des points forts des animations propos\u00e9es, avec le concours de la brigade canine. Les visiteurs ont pu parcourir les stands : la police nationale donc, la <strong>police municipale <\/strong>et la<strong> police m\u00e9tropolitaine des transports<\/strong>, le <strong>Sdis 34<\/strong> avec notamment la pr\u00e9sentation de la cellule des drones, tr\u00e8s utiles notamment pour la recherche de personnes \u00e9gar\u00e9es jour et nuit, la <strong>protection civile<\/strong>, <strong>La Croix-Rouge<\/strong> de Montpellier qui pr\u00e9sentait leur scooter des mers et une des motos flambant neuve, la <strong>gendarmerie nationale<\/strong>, avec tous les \u00e9quipements de pointe pour des op\u00e9rations difficiles r\u00e9alis\u00e9es par les pelotons de surveillance et d\u2019intervention -Psig-Sabre- et l\u2019<strong>arm\u00e9e<\/strong>.<\/p>\n<p>Vid\u00e9os : en ce moment sur Actu<\/p>\n<p class=\" wall-content\">\n    <img   decoding=\"async\" loading=\"lazy\" src=\"https:\/\/www.europesays.com\/fr\/wp-content\/uploads\/2025\/10\/0-101-1-960x640.jpeg\" alt=\"L'armement de choc des gendarmes de l'H\u00e9rault confront\u00e9s \u00e0 des op\u00e9rations difficiles\" width=\"960\" height=\"640\"\/><br \/>\n    L\u2019armement de choc des gendarmes de l\u2019H\u00e9rault confront\u00e9s \u00e0 des op\u00e9rations difficiles (\u00a9JMA \/ M\u00e9tropolitain)<br \/>\n    <img   decoding=\"async\" loading=\"lazy\" src=\"https:\/\/www.europesays.com\/fr\/wp-content\/uploads\/2025\/10\/0-93-960x640.jpeg\" alt=\"Des b\u00e9n\u00e9voles de La Croix-Rouge de Montpellier devant le scooter des mers\" width=\"960\" height=\"640\"\/><br \/>\n    Des b\u00e9n\u00e9voles de La Croix-Rouge de Montpellier devant le scooter des mers (\u00a9JMA \/ M\u00e9tropolitain)<\/p>\n<p class=\" wall-content\">Apr\u00e8s avoir \u00e9t\u00e9 inform\u00e9s sur une possible carri\u00e8re, des jeunes venus seuls ou en famille sont repartis avec des brochures susceptibles de faire na\u00eetre des vocations. Ils ont d\u00e9couvert que la police nationale et municipale recrutaient actuellement.<\/p>\n<p class=\" wall-content\">Des visiteurs ont \u00e9t\u00e9 captiv\u00e9s par le stand de la <strong>police technique et scientifique<\/strong> du service interd\u00e9partemental de l\u2019identit\u00e9 judiciaire -Siij-, les experts qui font parler les sc\u00e8nes de crime, trois jours apr\u00e8s leurs investigations avenue des Platanes, \u00e0 Lattes, o\u00f9 comme <strong>M\u00e9tropolitain<\/strong> l\u2019a r\u00e9v\u00e9l\u00e9 lundi,\u00a0<a href=\"https:\/\/actu.fr\/occitanie\/lattes_34129\/exclusif-pres-de-montpellier-a-lattes-une-sdf-decedee-dans-un-fosse-la-piste-d-un-meurtre_63226213.html\" rel=\"nofollow noopener\" target=\"_blank\">une SDF de 60 ans est d\u00e9c\u00e9d\u00e9e de mort violente.<\/a><\/p>\n<p>Votre r\u00e9gion, votre actu !<\/p>\n<p>Recevez chaque jour les infos qui comptent pour vous.<\/p>\n<p>\t<a href=\"https:\/\/actu.fr\/newsletter\" class=\"ac-btn ac-btn--corner ac-btn--medium ac-btn--blue800\" rel=\"nofollow noopener\" target=\"_blank\">S&rsquo;incrire<\/a><\/p>\n<p class=\" wall-content\">Rendez-vous sans doute en 2026, au m\u00eame endroit ou \u00e0 Odysseum ? Le choix du parvis de l\u2019h\u00f4tel de ville n\u2019\u00e9tait pas si mauvais, il offrait l\u2019avantage d\u2019\u00eatre desservi directement par les lignes 1 et 3 de tramway, un mercredi, journ\u00e9e de pause scolaire.<\/p>\n<p class=\" wall-content\">Personnalisez votre actualit\u00e9 en ajoutant vos villes et m\u00e9dias en favori avec <a href=\"https:\/\/moncompte.actu.fr\" title=\"D\u00e9couvez Mon Actu\" rel=\"nofollow noopener\" data-trk=\"{&quot;cta&quot;:{&quot;action&quot;:&quot;https:\\\/\\\/moncompte.actu.fr&quot;,&quot;category&quot;:&quot;mon compte&quot;,&quot;from&quot;:&quot;article footer&quot;,&quot;name&quot;:&quot;Mon actu&quot;,&quot;type&quot;:&quot;cta&quot;}}\" target=\"_blank\">Mon Actu<\/a>.<\/p>\n","protected":false},"excerpt":{"rendered":"Par Jean-Marc Aubert Publi\u00e9 le 3 oct. 2025 \u00e0 14h25 La fr\u00e9quentation esp\u00e9r\u00e9e n\u2019a pas \u00e9t\u00e9 au rendez-vous&hellip;\n","protected":false},"author":2,"featured_media":436201,"comment_status":"","ping_status":"","sticky":false,"template":"","format":"standard","meta":{"footnotes":""},"categories":[9599],"tags":[1111,11,19056,1777,674,1011,27,2208,12,2680,1072,1311,25,104],"class_list":{"0":"post-436200","1":"post","2":"type-post","3":"status-publish","4":"format-standard","5":"has-post-thumbnail","7":"category-montpellier","8":"tag-actu","9":"tag-actualites","10":"tag-croix-rouge","11":"tag-eu","12":"tag-europe","13":"tag-fr","14":"tag-france","15":"tag-montpellier","16":"tag-news","17":"tag-occitanie","18":"tag-police","19":"tag-pompiers","20":"tag-republique-francaise","21":"tag-societe"},"share_on_mastodon":{"url":"https:\/\/pubeurope.com\/@fr\/115310345691750644","error":""},"_links":{"self":[{"href":"https:\/\/www.europesays.com\/fr\/wp-json\/wp\/v2\/posts\/436200","targetHints":{"allow":["GET"]}}],"collection":[{"href":"https:\/\/www.europesays.com\/fr\/wp-json\/wp\/v2\/posts"}],"about":[{"href":"https:\/\/www.europesays.com\/fr\/wp-json\/wp\/v2\/types\/post"}],"author":[{"embeddable":true,"href":"https:\/\/www.europesays.com\/fr\/wp-json\/wp\/v2\/users\/2"}],"replies":[{"embeddable":true,"href":"https:\/\/www.europesays.com\/fr\/wp-json\/wp\/v2\/comments?post=436200"}],"version-history":[{"count":0,"href":"https:\/\/www.europesays.com\/fr\/wp-json\/wp\/v2\/posts\/436200\/revisions"}],"wp:featuredmedia":[{"embeddable":true,"href":"https:\/\/www.europesays.com\/fr\/wp-json\/wp\/v2\/media\/436201"}],"wp:attachment":[{"href":"https:\/\/www.europesays.com\/fr\/wp-json\/wp\/v2\/media?parent=436200"}],"wp:term":[{"taxonomy":"category","embeddable":true,"href":"https:\/\/www.europesays.com\/fr\/wp-json\/wp\/v2\/categories?post=436200"},{"taxonomy":"post_tag","embeddable":true,"href":"https:\/\/www.europesays.com\/fr\/wp-json\/wp\/v2\/tags?post=436200"}],"curies":[{"name":"wp","href":"https:\/\/api.w.org\/{rel}","templated":true}]}}