{"id":436202,"date":"2025-10-03T12:56:31","date_gmt":"2025-10-03T12:56:31","guid":{"rendered":"https:\/\/www.europesays.com\/fr\/436202\/"},"modified":"2025-10-03T12:56:31","modified_gmt":"2025-10-03T12:56:31","slug":"stage-de-theatre-pour-les-enfants-special-halloween-rouen-dates-horaires-tarifs","status":"publish","type":"post","link":"https:\/\/www.europesays.com\/fr\/436202\/","title":{"rendered":"Stage de th\u00e9\u00e2tre pour les enfants, sp\u00e9cial HALLOWEEN ! Rouen : dates, horaires, tarifs"},"content":{"rendered":"<p class=\"fw-bold font-size-16 my-1\"> Du 28\/10\/2025 au 30\/10\/2025<\/p>\n<p class=\"fw-bold font-size-16 my-1\"> Ecole Germain Blanchet, 26 de la cha\u00eene | <a href=\"https:\/\/www.jds.fr\/rouen\/\" rel=\"nofollow noopener\" target=\"_blank\">Rouen<\/a><\/p>\n<p class=\"fw-bold font-size-16 my-1\"> 90 \u20ac le premier enfant, 70 \u20ac le deuxi\u00e8me <\/p>\n<p>Bouh\u00a0! Qui est-ce qui pointe le bout de son nez en m\u00eame temps que le mois d&rsquo;octobre\u00a0? C&rsquo;est le stage d&rsquo;Halloween\u00a0! Alors, sortez vos capes et chapeaux et venez jouer avec nous. Vous pourrez garer vos balais juste devant\u00a0!<\/p>\n<p><a data-lightbox=\"article\" data-title=\"Stage de th\u00e9\u00e2tre pour les enfants, sp\u00e9cial HALLOWEEN ! \u00a9 Actin&#039;Kids\" class=\"image detail   position-relative d-block\" href=\"https:\/\/www.jds.fr\/medias\/image\/0-46710200-1759398233-736485-920-0-F.webp\" title=\"Stage de th\u00e9\u00e2tre pour les enfants, sp\u00e9cial HALLOWEEN ! \u00a9 Actin&#039;Kids\" rel=\"nofollow noopener\" target=\"_blank\"><br \/>\n<img decoding=\"async\" loading=\"lazy\" src=\"https:\/\/www.europesays.com\/fr\/wp-content\/uploads\/2025\/10\/0-46710200-1759398233-736485-1200-0.webp.webp\"   width=\"685\" alt=\"Stage de th\u00e9\u00e2tre pour les enfants, sp\u00e9cial HALLOWEEN !\" class=\"border\"\/><br \/>\n\u00a9 Actin&rsquo;Kids<br \/>\nStage de th\u00e9\u00e2tre pour les enfants, sp\u00e9cial HALLOWEEN\u00a0!<br \/>\n<\/a><\/p>\n<p>Pourquoi inscrire votre enfant\u00a0?<br \/>Cr\u00e9ativit\u00e9 D\u00e9brid\u00e9e\u00a0: Les enfants auront l&rsquo;opportunit\u00e9 de cr\u00e9er leurs propres personnages effrayants et amusants, d\u00e9veloppant ainsi leur imagination.<br \/>Confiance en Soi\u00a0: En montant sur sc\u00e8ne, ils gagneront en assurance et apprendront \u00e0 s&rsquo;exprimer devant un public.<br \/>Travail d&rsquo;\u00c9quipe\u00a0: Ils collaboreront avec d&rsquo;autres enfants, apprenant l&rsquo;importance du travail en groupe et de l&rsquo;\u00e9coute.<br \/>Activit\u00e9s Ludiques\u00a0: Des jeux th\u00e9\u00e2traux, des improvisations les attendent\u00a0!<\/p>\n<p>Informations Pratiques<br \/>\u00c2ge\u00a0: Pour les enfants de 5 \u00e0 11 ans<br \/>Dur\u00e9e\u00a0: Un cours d&rsquo;1h30 chaque jour pendant trois jours<br \/>Horaires\u00a0: 10h00 &#8211; 11h30<br \/>Lieu\u00a0: 26 rue de la cha\u00eene, Rouen\u00a0<br \/>Tarif\u00a0: 90\u00a0\u20ac, 70\u00a0\u20ac pour le deuxi\u00e8me enfant<\/p>\n<p>Comment s&rsquo;inscrire\u00a0?<br \/>Ne manquez pas cette chance unique de faire vivre \u00e0 votre enfant une exp\u00e9rience inoubliable\u00a0! Pour vous inscrire, il vous suffit de nous contacter. Nous vous adresserons la fiche d&rsquo;inscription.<\/p>\n<p>Rejoignez-nous pour un stage de th\u00e9\u00e2tre o\u00f9 rires, frissons et cr\u00e9ativit\u00e9 seront au rendez-vous. Halloween n&rsquo;a jamais \u00e9t\u00e9 aussi amusant (mais effrayaaaaaant).<\/p>\n<p>            Renseignements<\/p>\n<p><strong class=\"font-size-18\">O\u00f9\u00a0:<\/strong><br \/> Ecole Germain Blanchet, 26 de la cha\u00eene<a class=\"mt-1 d-block ps-4\" href=\"https:\/\/www.jds.fr\/rouen\/\" rel=\"nofollow noopener\" target=\"_blank\"> 76000 Rouen<\/a><\/p>\n<p>Dates et horaires\u00a0: <\/p>\n<ul class=\"liste-dates list-unstyled\" id=\"liste-dates-68defc6569a63\">\n<li>du Mardi 28 Octobre 2025 au Jeudi 30 Octobre 2025 de 10h \u00e0 11h30<\/li>\n<\/ul>\n<p>Tarifs\u00a0: <\/p>\n<p>90 \u20ac le premier enfant, 70 \u20ac le deuxi\u00e8me<\/p>\n<p>Dans la m\u00eame rubrique<\/p>\n<ul class=\"mt-3 list-unstyled list-articles-v2\">\n<li class=\"col-12 pt-4\" data-view-id-type=\"1\" data-view-id=\"409289\" data-view-bc=\"0\"><a class=\"d-block titre text-black mb-1 mb-md-2\" href=\"https:\/\/www.jds.fr\/rouen\/manifestations\/degustation-fromages-et-vins-dans-une-taverne-409289_A\" rel=\"nofollow noopener\" target=\"_blank\">D\u00e9gustation Fromages &amp; Vins dans une taverne<\/a>Du 03\/10\/2025 au 27\/03\/2026 RouenD\u00e9gustation des fromages et vins dans une taverne typique du centre historique de Rouen..<br \/>\nAccompagn\u00e9 d&rsquo;un fromager passionn\u00e9, d\u00e9couvrez les meilleurs fromages de Normandie et [\u2026]<a class=\"image\" href=\"https:\/\/www.jds.fr\/rouen\/manifestations\/degustation-fromages-et-vins-dans-une-taverne-409289_A\" rel=\"nofollow noopener\" target=\"_blank\"><img decoding=\"async\" loading=\"lazy\" src=\"https:\/\/www.europesays.com\/fr\/wp-content\/uploads\/2025\/06\/1750663688_902_manifestations-image-d-illustration-ia-canva-453562-180-180.webp.webp\" width=\"180\" height=\"180\" alt=\"D\u00e9gustation Fromages &amp; Vins dans une taverne\" class=\"border\"\/><\/a><\/li>\n<li class=\"col-12 pt-4\" data-view-id-type=\"1\" data-view-id=\"915524\" data-view-bc=\"0\"><a class=\"d-block titre text-black mb-1 mb-md-2\" href=\"https:\/\/www.jds.fr\/rouen\/manifestations\/visites\/les-incontournables-en-2h-915524_A\" rel=\"nofollow noopener\" target=\"_blank\">Les incontournables en 2h<\/a>Du 03\/10\/2025 au 28\/03\/2026 Rouen\n<p>    Suivez le guide \u00e0 la d\u00e9couverte des tr\u00e9sors de la capitale normande..<br \/>\n    Rencontrer une ville, c&rsquo;est en d\u00e9couvrir les plus beaux tr\u00e9sors et en savourer [\u2026]<a class=\"image\" href=\"https:\/\/www.jds.fr\/rouen\/manifestations\/visites\/les-incontournables-en-2h-915524_A\" rel=\"nofollow noopener\" target=\"_blank\"><img decoding=\"async\" loading=\"lazy\" src=\"https:\/\/www.europesays.com\/fr\/wp-content\/uploads\/2025\/06\/1750663687_222_visite-guidee-141572-180-180.webp.webp\" width=\"180\" height=\"180\" alt=\"Les incontournables en 2h\" class=\"border\"\/><\/a><\/li>\n<li class=\"li_gp_div\">\n<\/li>\n<li class=\"col-12 pt-4\" data-view-id-type=\"1\" data-view-id=\"915541\" data-view-bc=\"0\"><a class=\"d-block titre text-black mb-1 mb-md-2\" href=\"https:\/\/www.jds.fr\/rouen\/manifestations\/visites\/cite-immersive-vikings-915541_A\" rel=\"nofollow noopener\" target=\"_blank\">Cit\u00e9 Immersive Vikings<\/a>Du 03\/10\/2025 au 31\/03\/2026 RouenNouveau lieu culturel, d\u00e9di\u00e9 \u00e0 l&rsquo;histoire des Vikings en Normandie. Situ\u00e9 sur les bords de Seine \u00e0 Rouen, La Cit\u00e9 Immersive Viking propose une exp\u00e9rience spectaculaire, [\u2026]<a class=\"image\" href=\"https:\/\/www.jds.fr\/rouen\/manifestations\/visites\/cite-immersive-vikings-915541_A\" rel=\"nofollow noopener\" target=\"_blank\"><img decoding=\"async\" loading=\"lazy\" src=\"https:\/\/www.europesays.com\/fr\/wp-content\/uploads\/2025\/06\/1750663687_222_visite-guidee-141572-180-180.webp.webp\" width=\"180\" height=\"180\" alt=\"Cit\u00e9 Immersive Vikings\" class=\"border\"\/><\/a><\/li>\n<li class=\"col-12 pt-4\" data-view-id-type=\"1\" data-view-id=\"1048914\" data-view-bc=\"0\"><a class=\"d-block titre text-black mb-1 mb-md-2\" href=\"https:\/\/www.jds.fr\/rouen\/manifestations\/visites\/les-secrets-du-donjon-1048914_A\" rel=\"nofollow noopener\" target=\"_blank\">Les secrets du Donjon<\/a>Jusqu&rsquo;au 31\/12\/2025 RouenAccompagn\u00e9s de notre m\u00e9diateur, visitez le dernier vestige du Ch\u00e2teau de Rouen\u00a0! Derri\u00e8re les fen\u00eatres \u00e9troites et les murs \u00e9pais de cette forteresse m\u00e9di\u00e9vale, [\u2026]<a class=\"image\" href=\"https:\/\/www.jds.fr\/rouen\/manifestations\/visites\/les-secrets-du-donjon-1048914_A\" rel=\"nofollow noopener\" target=\"_blank\"><img decoding=\"async\" loading=\"lazy\" src=\"https:\/\/www.europesays.com\/fr\/wp-content\/uploads\/2025\/06\/1750663687_222_visite-guidee-141572-180-180.webp.webp\" width=\"180\" height=\"180\" alt=\"Les secrets du Donjon\" class=\"border\"\/><\/a><\/li>\n<li class=\"col-12 pt-4\" data-view-id-type=\"1\" data-view-id=\"876394\" data-view-bc=\"0\"><a class=\"d-block titre text-black mb-1 mb-md-2\" href=\"https:\/\/www.jds.fr\/rouen\/manifestations\/l-historial-jeanne-d-arc-fete-ses-10-ans-876394_A\" rel=\"nofollow noopener\" target=\"_blank\">L&rsquo;Historial Jeanne d\u2019Arc f\u00eate ses 10 ans\u00a0!<\/a>Jusqu&rsquo;au 01\/12\/2025 Rouen<br \/>\nIl y a dix ans, l\u2019Historial Jeanne d\u2019Arc ouvrait ses portes pour la premi\u00e8re fois, offrant aux visiteurs un lieu unique d\u00e9di\u00e9 \u00e0 cette figure embl\u00e9matique. Dix ans, mais [\u2026]<a class=\"image\" href=\"https:\/\/www.jds.fr\/rouen\/manifestations\/l-historial-jeanne-d-arc-fete-ses-10-ans-876394_A\" rel=\"nofollow noopener\" target=\"_blank\"><img decoding=\"async\" loading=\"lazy\" src=\"https:\/\/www.europesays.com\/fr\/wp-content\/uploads\/2025\/06\/1750663688_902_manifestations-image-d-illustration-ia-canva-453562-180-180.webp.webp\" width=\"180\" height=\"180\" alt=\"L'Historial Jeanne d\u2019Arc f\u00eate ses 10 ans !\" class=\"border\"\/><\/a><\/li>\n<li class=\"li_gp_div li_gp_div_infeed\"\/>\n<li class=\"col-12 pt-4\" data-view-id-type=\"1\" data-view-id=\"1162685\" data-view-bc=\"0\"><a class=\"d-block titre text-black mb-1 mb-md-2\" href=\"https:\/\/www.jds.fr\/rouen\/manifestations\/festival\/festival-zigzag-1162685_A\" rel=\"nofollow noopener\" target=\"_blank\">Festival Zigzag <\/a>Jusqu&rsquo;au 12\/10\/2025 RouenZigzag et la vall\u00e9e de Seine c\u2019est\u00a0: arpenter des paysages familiers, connus ou inconnus, pour d\u00e9couvrir, se confronter, questionner, comprendre, [\u2026]<a class=\"image\" href=\"https:\/\/www.jds.fr\/rouen\/manifestations\/festival\/festival-zigzag-1162685_A\" rel=\"nofollow noopener\" target=\"_blank\"><img decoding=\"async\" loading=\"lazy\" src=\"https:\/\/www.europesays.com\/fr\/wp-content\/uploads\/2025\/10\/0-47883700-1757501413-714759-180-180.webp.webp\" width=\"180\" height=\"180\" alt=\"Festival Zigzag \" class=\"border\"\/><\/a><\/li>\n<li class=\"col-12 pt-4\" data-view-id-type=\"1\" data-view-id=\"1104437\" data-view-bc=\"0\"><a class=\"d-block titre text-black mb-1 mb-md-2\" href=\"https:\/\/www.jds.fr\/rouen\/manifestations\/festival\/festival-les-chemins-de-travers-2025-1104437_A\" rel=\"nofollow noopener\" target=\"_blank\">Festival Les Chemins de Travers 2025<\/a>Du 04\/10\/2025 au 05\/10\/2025 RouenC\u2019est reparti pour un tour\u00a0!. Nous revoil\u00e0 en octobre 2025 pour la 4e \u00e9dition du Festival Les Chemins de Travers\u00a0!&#13;<br \/>\n4 &amp; 5 octobre 2025. Quai [\u2026]<a class=\"image\" href=\"https:\/\/www.jds.fr\/rouen\/manifestations\/festival\/festival-les-chemins-de-travers-2025-1104437_A\" rel=\"nofollow noopener\" target=\"_blank\"><img decoding=\"async\" loading=\"lazy\" src=\"https:\/\/www.europesays.com\/fr\/wp-content\/uploads\/2025\/07\/0-00405800-1753340674-682013-180-180.webp.webp\" width=\"180\" height=\"180\" alt=\"Festival Les Chemins de Travers 2025\" class=\"border\"\/><\/a><\/li>\n<li class=\"col-12 pt-4\" data-view-id-type=\"1\" data-view-id=\"1055091\" data-view-bc=\"0\"><a class=\"d-block titre text-black mb-1 mb-md-2\" href=\"https:\/\/www.jds.fr\/rouen\/manifestations\/visites\/visite-guidee-le-monument-juif-la-maison-sublime-1055091_A\" rel=\"nofollow noopener\" target=\"_blank\">Visite guid\u00e9e &#8211; Le monument juif, \u00ab\u00a0la Maison Sublime\u00a0\u00bb<\/a>Du 04\/10\/2025 au 30\/01\/2027 Rouen<br \/>\nD\u00e9couvert il y a plus de 30 ans, lors de travaux dans la cour du Parlement de Normandie, il s&rsquo;agit du plus ancien monument juif conserv\u00e9 en Europe occidentale, mais c&rsquo;est aussi [\u2026]<a class=\"image\" href=\"https:\/\/www.jds.fr\/rouen\/manifestations\/visites\/visite-guidee-le-monument-juif-la-maison-sublime-1055091_A\" rel=\"nofollow noopener\" target=\"_blank\"><img decoding=\"async\" loading=\"lazy\" src=\"https:\/\/www.europesays.com\/fr\/wp-content\/uploads\/2025\/06\/1750663687_222_visite-guidee-141572-180-180.webp.webp\" width=\"180\" height=\"180\" alt=\"Visite guid\u00e9e - Le monument juif, la Maison Sublime\" class=\"border\"\/><\/a><\/li>\n<li class=\"col-12 pt-4\" data-view-id-type=\"1\" data-view-id=\"1157159\" data-view-bc=\"0\"><a class=\"d-block titre text-black mb-1 mb-md-2\" href=\"https:\/\/www.jds.fr\/rouen\/manifestations\/a-la-table-des-impressionnistes-1157159_A\" rel=\"nofollow noopener\" target=\"_blank\">A la table des impressionnistes<\/a>Du 04\/10\/2025 au 07\/03\/2026 Rouen<br \/>\nAccompagn\u00e9 d\u2019un guide, arpentez les rues et monuments embl\u00e9matiques de Rouen qui ont influenc\u00e9 les ma\u00eetres de l\u2019impressionnisme. Puis, savourez un d\u00e9jeuner dans la plus [\u2026]<a class=\"image\" href=\"https:\/\/www.jds.fr\/rouen\/manifestations\/a-la-table-des-impressionnistes-1157159_A\" rel=\"nofollow noopener\" target=\"_blank\"><img decoding=\"async\" loading=\"lazy\" src=\"https:\/\/www.europesays.com\/fr\/wp-content\/uploads\/2025\/06\/1750663688_902_manifestations-image-d-illustration-ia-canva-453562-180-180.webp.webp\" width=\"180\" height=\"180\" alt=\"A la table des impressionnistes\" class=\"border\"\/><\/a><\/li>\n<li class=\"li_gp_div li_gp_div_infeed\"\/>\n<li class=\"col-12 pt-4\" data-view-id-type=\"1\" data-view-id=\"1158585\" data-view-bc=\"0\"><a class=\"d-block titre text-black mb-1 mb-md-2\" href=\"https:\/\/www.jds.fr\/rouen\/manifestations\/visites\/la-maison-sublime-1158585_A\" rel=\"nofollow noopener\" target=\"_blank\">La Maison Sublime<\/a>Du 04\/10\/2025 au 29\/03\/2026 RouenAccompagn\u00e9s d\u2019un guide-conf\u00e9rencier, partez \u00e0 la d\u00e9couverte de la crypte arch\u00e9ologique renfermant cet \u00e9difice unique en France, le plus ancien monument juif de France, [\u2026]<a class=\"image\" href=\"https:\/\/www.jds.fr\/rouen\/manifestations\/visites\/la-maison-sublime-1158585_A\" rel=\"nofollow noopener\" target=\"_blank\"><img decoding=\"async\" loading=\"lazy\" src=\"https:\/\/www.europesays.com\/fr\/wp-content\/uploads\/2025\/06\/1750663687_222_visite-guidee-141572-180-180.webp.webp\" width=\"180\" height=\"180\" alt=\"La Maison Sublime\" class=\"border\"\/><\/a><\/li>\n<li class=\"col-12 pt-4\" data-view-id-type=\"1\" data-view-id=\"407156\" data-view-bc=\"0\"><a class=\"d-block titre text-black mb-1 mb-md-2\" href=\"https:\/\/www.jds.fr\/rouen\/manifestations\/dejeuner-croisiere-sur-la-seine-407156_A\" rel=\"nofollow noopener\" target=\"_blank\">D\u00e9jeuner Croisi\u00e8re sur la Seine<\/a>Du 05\/10\/2025 au 30\/08\/2026 RouenPour le bonheur des yeux et des papilles\u00a0\u2026. Le bateau quitte doucement les quais rouennais pour vous transporter vers le port et le charmant bourg de La Bouille ou vers les [\u2026]<a class=\"image\" href=\"https:\/\/www.jds.fr\/rouen\/manifestations\/dejeuner-croisiere-sur-la-seine-407156_A\" rel=\"nofollow noopener\" target=\"_blank\"><img decoding=\"async\" loading=\"lazy\" src=\"https:\/\/www.europesays.com\/fr\/wp-content\/uploads\/2025\/06\/1750663688_902_manifestations-image-d-illustration-ia-canva-453562-180-180.webp.webp\" width=\"180\" height=\"180\" alt=\"D\u00e9jeuner Croisi\u00e8re sur la Seine\" class=\"border\"\/><\/a><\/li>\n<li class=\"col-12 pt-4\" data-view-id-type=\"1\" data-view-id=\"409814\" data-view-bc=\"0\"><a class=\"d-block titre text-black mb-1 mb-md-2\" href=\"https:\/\/www.jds.fr\/rouen\/manifestations\/visites\/l-aitre-saint-maclou-insolite-409814_A\" rel=\"nofollow noopener\" target=\"_blank\">L&rsquo;A\u00eetre Saint-Maclou insolite<\/a>Du 05\/10\/2025 au 08\/11\/2026 RouenVisite de ce lieu fascinant suivie d\u2019une initiation \u00e0 la c\u00e9ramique<br \/>\nPoints cl\u00e9s\u00a0:<\/p>\n<p>Cr\u00e9ez de vos mains\u00a0!<br \/>\nEntrez dans la peau d&rsquo;un artiste de la c\u00e9ramique<br \/>\nVisite d&rsquo;un [\u2026]<a class=\"image\" href=\"https:\/\/www.jds.fr\/rouen\/manifestations\/visites\/l-aitre-saint-maclou-insolite-409814_A\" rel=\"nofollow noopener\" target=\"_blank\"><img decoding=\"async\" loading=\"lazy\" src=\"https:\/\/www.europesays.com\/fr\/wp-content\/uploads\/2025\/06\/1750663687_222_visite-guidee-141572-180-180.webp.webp\" width=\"180\" height=\"180\" alt=\"L'A\u00eetre Saint-Maclou insolite\" class=\"border\"\/><\/a><\/li>\n<li class=\"col-12 pt-4\" data-view-id-type=\"1\" data-view-id=\"915190\" data-view-bc=\"0\"><a class=\"d-block titre text-black mb-1 mb-md-2\" href=\"https:\/\/www.jds.fr\/rouen\/manifestations\/rouen-au-pas-des-chevaux-915190_A\" rel=\"nofollow noopener\" target=\"_blank\">Rouen au pas des chevaux<\/a>Du 05\/10\/2025 au 01\/11\/2025 Rouen<br \/>\nVisite comment\u00e9e en cal\u00e8che des rues de Rouen. Au rythme de leurs sabots, les chevaux vous emm\u00e8nent d\u00e9couvrir une partie du patrimoine de\u00a0\u00ab la ville aux cent [\u2026]<a class=\"image\" href=\"https:\/\/www.jds.fr\/rouen\/manifestations\/rouen-au-pas-des-chevaux-915190_A\" rel=\"nofollow noopener\" target=\"_blank\"><img decoding=\"async\" loading=\"lazy\" src=\"https:\/\/www.europesays.com\/fr\/wp-content\/uploads\/2025\/06\/1750663688_902_manifestations-image-d-illustration-ia-canva-453562-180-180.webp.webp\" width=\"180\" height=\"180\" alt=\"Rouen au pas des chevaux\" class=\"border\"\/><\/a><\/li>\n<li class=\"li_gp_div li_gp_div_infeed\"\/>\n<li class=\"col-12 pt-4\" data-view-id-type=\"1\" data-view-id=\"1187089\" data-view-bc=\"0\"><a class=\"d-block titre text-black mb-1 mb-md-2\" href=\"https:\/\/www.jds.fr\/rouen\/manifestations\/conferences\/5e-edition-des-entretiens-alzheimer-rouen-1187089_A\" rel=\"nofollow noopener\" target=\"_blank\">5e \u00e9dition des Entretiens Alzheimer Rouen<\/a>Le 07\/10\/2025 RouenLes Entretiens Alzheimer font \u00e9tape \u00e0 Rouen\u00a0! Rendez-vous le mardi 7 octobre 2025 \u00e0 l&rsquo;H\u00f4tel de Ville.&#13;<br \/>\n. Les Entretiens Alzheimer reviennent pour [\u2026]<a class=\"image\" href=\"https:\/\/www.jds.fr\/rouen\/manifestations\/conferences\/5e-edition-des-entretiens-alzheimer-rouen-1187089_A\" rel=\"nofollow noopener\" target=\"_blank\"><img decoding=\"async\" loading=\"lazy\" src=\"https:\/\/www.europesays.com\/fr\/wp-content\/uploads\/2025\/10\/0-63314500-1758808009-729417-180-180.webp.webp\" width=\"180\" height=\"180\" alt=\"5e \u00e9dition des Entretiens Alzheimer Rouen\" class=\"border\"\/><\/a><\/li>\n<li class=\"col-12 pt-4\" data-view-id-type=\"1\" data-view-id=\"1132222\" data-view-bc=\"0\"><a class=\"d-block titre text-black mb-1 mb-md-2\" href=\"https:\/\/www.jds.fr\/rouen\/manifestations\/diners-les-chefs-font-leur-cinema-1132222_A\" rel=\"nofollow noopener\" target=\"_blank\">D\u00eeners \u00ab\u00a0Les Chefs font leur cin\u00e9ma\u00a0\u00bb<\/a>Du 08\/10\/2025 au 10\/10\/2025 RouenCette ann\u00e9e, Rouen \u00e0 Table\u00a0! d\u00e9marre en beaut\u00e9 d\u00e8s le mercredi soir avec une s\u00e9rie de d\u00eeners in\u00e9dits, autour de menus inspir\u00e9s de sc\u00e8nes cultes du cin\u00e9ma. [\u2026]<a class=\"image\" href=\"https:\/\/www.jds.fr\/rouen\/manifestations\/diners-les-chefs-font-leur-cinema-1132222_A\" rel=\"nofollow noopener\" target=\"_blank\"><img decoding=\"async\" loading=\"lazy\" src=\"https:\/\/www.europesays.com\/fr\/wp-content\/uploads\/2025\/06\/1750663688_902_manifestations-image-d-illustration-ia-canva-453562-180-180.webp.webp\" width=\"180\" height=\"180\" alt=\"D\u00eeners Les Chefs font leur cin\u00e9ma\" class=\"border\"\/><\/a><\/li>\n<li class=\"col-12 pt-4\" data-view-id-type=\"1\" data-view-id=\"1165565\" data-view-bc=\"0\"><a class=\"d-block titre text-black mb-1 mb-md-2\" href=\"https:\/\/www.jds.fr\/rouen\/manifestations\/d-un-verre-a-l-autre-1165565_A\" rel=\"nofollow noopener\" target=\"_blank\">D&rsquo;un verre \u00e0 l&rsquo;autre<\/a>Du 09\/10\/2025 au 11\/10\/2025 Rouen<br \/>\nEt si vous d\u00e9couvriez Rouen autrement\u00a0? Embarquez pour une balade originale au c\u0153ur de la ville, rythm\u00e9e par des d\u00e9gustations de cocktails in\u00e9dits ou de mocktails [\u2026]<a class=\"image\" href=\"https:\/\/www.jds.fr\/rouen\/manifestations\/d-un-verre-a-l-autre-1165565_A\" rel=\"nofollow noopener\" target=\"_blank\"><img decoding=\"async\" loading=\"lazy\" src=\"https:\/\/www.europesays.com\/fr\/wp-content\/uploads\/2025\/06\/1750663688_902_manifestations-image-d-illustration-ia-canva-453562-180-180.webp.webp\" width=\"180\" height=\"180\" alt=\"D'un verre \u00e0 l'autre\" class=\"border\"\/><\/a><\/li>\n<li class=\"col-12 pt-4\" data-view-id-type=\"1\" data-view-id=\"1132239\" data-view-bc=\"0\"><a class=\"image\" href=\"https:\/\/www.jds.fr\/rouen\/manifestations\/week-end-rouen-a-table-hotel-g-flaubert-4-et-diner-a-4-mains-1132239_A\" rel=\"nofollow noopener\" target=\"_blank\"><img decoding=\"async\" loading=\"lazy\" src=\"https:\/\/www.europesays.com\/fr\/wp-content\/uploads\/2025\/06\/1750663688_902_manifestations-image-d-illustration-ia-canva-453562-180-180.webp.webp\" width=\"180\" height=\"180\" alt=\"Week-end Rouen \u00e0 Table ! H\u00f4tel G. Flaubert 4* et d\u00eener \u00e0 4 mains\" class=\"border\"\/><\/a><\/li>\n<li class=\"li_gp_div li_gp_div_infeed\"\/>\n<li class=\"col-12 pt-4\" data-view-id-type=\"1\" data-view-id=\"264945\" data-view-bc=\"0\"><a class=\"d-block titre text-black mb-1 mb-md-2\" href=\"https:\/\/www.jds.fr\/rouen\/manifestations\/fete-foraine\/foire-saint-romain-264945_A\" rel=\"nofollow noopener\" target=\"_blank\">Foire Saint-Romain \u00e0 Rouen<\/a>Du 24\/10\/2025 au 23\/11\/2025 RouenDu 24 octobre au 23 novembre 2025, la Foire Saint-Romain de Rouen sera de retour\u00a0! La deuxi\u00e8me plus grande f\u00eate foraine de France s\u2019installe dans la [\u2026]<a class=\"image\" href=\"https:\/\/www.jds.fr\/rouen\/manifestations\/fete-foraine\/foire-saint-romain-264945_A\" rel=\"nofollow noopener\" target=\"_blank\"><img decoding=\"async\" loading=\"lazy\" src=\"https:\/\/www.europesays.com\/fr\/wp-content\/uploads\/2025\/10\/foire-saint-romain-a-rouen-722897-180-180.webp.webp\" width=\"180\" height=\"180\" alt=\"Foire Saint-Romain \u00e0 Rouen\" class=\"border\"\/><\/a><\/li>\n<\/ul>\n<p class=\"font-size-30 fw-bold lh-1 mt-0 mb-4\">Je trouve les meilleures sorties dans ma ville<\/p>\n<p>Les actualit\u00e9s \u00e0  Rouen<\/p>\n<ul class=\"mt-3 list-unstyled list-articles-v2\">\n<li class=\"col-12 pt-4\" data-view-id-type=\"1\" data-view-id=\"1196731\" data-view-bc=\"0\"><a class=\"image\" href=\"https:\/\/www.jds.fr\/rouen\/magazine\/sorties-du-week-end\/3-idees-sorties-pour-ce-week-end-a-rouen-du-3-au-5-octobre-1196731_A\" rel=\"nofollow noopener\" target=\"_blank\"><img decoding=\"async\" loading=\"lazy\" src=\"https:\/\/www.europesays.com\/fr\/wp-content\/uploads\/2025\/10\/photo-automne-735118-180-180.webp.webp\" width=\"180\" height=\"180\" alt=\"3 id\u00e9es sorties pour ce week-end \u00e0 Rouen du 3 au 5 octobre\" class=\"border\"\/><\/a><\/li>\n<\/ul>\n<p><a href=\"https:\/\/www.jds.fr\/rouen\/magazine\/\" class=\"btn btn-outline-primary py-2 px-4\" rel=\"nofollow noopener\" target=\"_blank\">Voir toutes les actualit\u00e9s \u00e0  Rouen<\/a><\/p>\n<p class=\"mt-0 mb-3 h2\">Newsletter JDS Rouen<\/p>\n<p class=\"font-size-18 fw-normal lh-sm\">Pr\u00eat pour un week-end de folie\u00a0? Chaque jeudi tous les bons plans sorties<\/p>\n<p>    <a class=\"gp_div_clic_event\" data-id=\"3920\" rel=\"nofollow noopener\" href=\"https:\/\/www.jds.fr\/scripts\/gp_div_clic.php?redirection&amp;id=3920&amp;format=29\" target=\"_blank\"><img decoding=\"async\" loading=\"lazy\" src=\"https:\/\/www.europesays.com\/fr\/wp-content\/uploads\/2025\/10\/Haut-Jardin-oct-25-300-600.gif\" alt=\"Publicit\u00e9\" border=\"0\" width=\"300\"\/><\/a><\/p>\n","protected":false},"excerpt":{"rendered":"Du 28\/10\/2025 au 30\/10\/2025 Ecole Germain Blanchet, 26 de la cha\u00eene | Rouen 90 \u20ac le premier enfant,&hellip;\n","protected":false},"author":2,"featured_media":436203,"comment_status":"","ping_status":"","sticky":false,"template":"","format":"standard","meta":{"footnotes":""},"categories":[9587],"tags":[1111,11,1777,674,1011,27,12,5161,25,9590],"class_list":{"0":"post-436202","1":"post","2":"type-post","3":"status-publish","4":"format-standard","5":"has-post-thumbnail","7":"category-rouen","8":"tag-actu","9":"tag-actualites","10":"tag-eu","11":"tag-europe","12":"tag-fr","13":"tag-france","14":"tag-news","15":"tag-normandie","16":"tag-republique-francaise","17":"tag-rouen"},"share_on_mastodon":{"url":"https:\/\/pubeurope.com\/@fr\/115310349169333639","error":""},"_links":{"self":[{"href":"https:\/\/www.europesays.com\/fr\/wp-json\/wp\/v2\/posts\/436202","targetHints":{"allow":["GET"]}}],"collection":[{"href":"https:\/\/www.europesays.com\/fr\/wp-json\/wp\/v2\/posts"}],"about":[{"href":"https:\/\/www.europesays.com\/fr\/wp-json\/wp\/v2\/types\/post"}],"author":[{"embeddable":true,"href":"https:\/\/www.europesays.com\/fr\/wp-json\/wp\/v2\/users\/2"}],"replies":[{"embeddable":true,"href":"https:\/\/www.europesays.com\/fr\/wp-json\/wp\/v2\/comments?post=436202"}],"version-history":[{"count":0,"href":"https:\/\/www.europesays.com\/fr\/wp-json\/wp\/v2\/posts\/436202\/revisions"}],"wp:featuredmedia":[{"embeddable":true,"href":"https:\/\/www.europesays.com\/fr\/wp-json\/wp\/v2\/media\/436203"}],"wp:attachment":[{"href":"https:\/\/www.europesays.com\/fr\/wp-json\/wp\/v2\/media?parent=436202"}],"wp:term":[{"taxonomy":"category","embeddable":true,"href":"https:\/\/www.europesays.com\/fr\/wp-json\/wp\/v2\/categories?post=436202"},{"taxonomy":"post_tag","embeddable":true,"href":"https:\/\/www.europesays.com\/fr\/wp-json\/wp\/v2\/tags?post=436202"}],"curies":[{"name":"wp","href":"https:\/\/api.w.org\/{rel}","templated":true}]}}