{"id":436204,"date":"2025-10-03T12:58:12","date_gmt":"2025-10-03T12:58:12","guid":{"rendered":"https:\/\/www.europesays.com\/fr\/436204\/"},"modified":"2025-10-03T12:58:12","modified_gmt":"2025-10-03T12:58:12","slug":"le-pont-de-claix-les-travaux-damenagement-de-la-rue-stalingrad-vont-durer-trois-mois","status":"publish","type":"post","link":"https:\/\/www.europesays.com\/fr\/436204\/","title":{"rendered":"Le Pont-de-Claix. Les travaux d\u2019am\u00e9nagement de la rue Stalingrad vont durer trois mois"},"content":{"rendered":"<p>Grenoble Alpes M\u00e9tropole a d\u00e9marr\u00e9 les travaux d\u2019am\u00e9nagement de la rue Stalingrad depuis le 29\u00a0septembre pour une dur\u00e9e de trois mois.<\/p>\n<p>Ces travaux comprennent\u00a0: la r\u00e9novation de la voirie, la r\u00e9alisation de trottoirs en b\u00e9ton d\u00e9sactiv\u00e9, la r\u00e9alisation de places de stationnement en rev\u00eatement perm\u00e9able, la plantation d\u2019arbres et de vivaces, la r\u00e9novation de l\u2019\u00e9clairage public.<\/p>\n<p>Pour des questions de s\u00e9curit\u00e9, les travaux sont g\u00e9r\u00e9s par alternat pendant la dur\u00e9e du chantier et pour la s\u00e9curit\u00e9 des travailleurs, ne pas traverser le chantier et respecter la signalisation.<\/p>\n","protected":false},"excerpt":{"rendered":"Grenoble Alpes M\u00e9tropole a d\u00e9marr\u00e9 les travaux d\u2019am\u00e9nagement de la rue Stalingrad depuis le 29\u00a0septembre pour une dur\u00e9e&hellip;\n","protected":false},"author":2,"featured_media":436205,"comment_status":"","ping_status":"","sticky":false,"template":"","format":"standard","meta":{"footnotes":""},"categories":[9566],"tags":[1111,11,2430,4749,3542,33,113,1777,674,1011,27,2731,108,7000,3294,12,25,2803],"class_list":{"0":"post-436204","1":"post","2":"type-post","3":"status-publish","4":"format-standard","5":"has-post-thumbnail","7":"category-grenoble","8":"tag-actu","9":"tag-actualites","10":"tag-auvergne-rhone-alpes","11":"tag-btp-et-chantiers","12":"tag-circulation","13":"tag-economie","14":"tag-edition-gresivaudan-oisans","15":"tag-eu","16":"tag-europe","17":"tag-fr","18":"tag-france","19":"tag-grenoble","20":"tag-isere","21":"tag-lagglomeration","22":"tag-le-pont-de-claix","23":"tag-news","24":"tag-republique-francaise","25":"tag-transport"},"share_on_mastodon":{"url":"https:\/\/pubeurope.com\/@fr\/115310356448845509","error":""},"_links":{"self":[{"href":"https:\/\/www.europesays.com\/fr\/wp-json\/wp\/v2\/posts\/436204","targetHints":{"allow":["GET"]}}],"collection":[{"href":"https:\/\/www.europesays.com\/fr\/wp-json\/wp\/v2\/posts"}],"about":[{"href":"https:\/\/www.europesays.com\/fr\/wp-json\/wp\/v2\/types\/post"}],"author":[{"embeddable":true,"href":"https:\/\/www.europesays.com\/fr\/wp-json\/wp\/v2\/users\/2"}],"replies":[{"embeddable":true,"href":"https:\/\/www.europesays.com\/fr\/wp-json\/wp\/v2\/comments?post=436204"}],"version-history":[{"count":0,"href":"https:\/\/www.europesays.com\/fr\/wp-json\/wp\/v2\/posts\/436204\/revisions"}],"wp:featuredmedia":[{"embeddable":true,"href":"https:\/\/www.europesays.com\/fr\/wp-json\/wp\/v2\/media\/436205"}],"wp:attachment":[{"href":"https:\/\/www.europesays.com\/fr\/wp-json\/wp\/v2\/media?parent=436204"}],"wp:term":[{"taxonomy":"category","embeddable":true,"href":"https:\/\/www.europesays.com\/fr\/wp-json\/wp\/v2\/categories?post=436204"},{"taxonomy":"post_tag","embeddable":true,"href":"https:\/\/www.europesays.com\/fr\/wp-json\/wp\/v2\/tags?post=436204"}],"curies":[{"name":"wp","href":"https:\/\/api.w.org\/{rel}","templated":true}]}}