{"id":436206,"date":"2025-10-03T12:59:20","date_gmt":"2025-10-03T12:59:20","guid":{"rendered":"https:\/\/www.europesays.com\/fr\/436206\/"},"modified":"2025-10-03T12:59:20","modified_gmt":"2025-10-03T12:59:20","slug":"une-journee-scientifique-pour-mettre-en-lumiere-le-travail-de-recherche-de-deux-chaires","status":"publish","type":"post","link":"https:\/\/www.europesays.com\/fr\/436206\/","title":{"rendered":"une journ\u00e9e scientifique pour mettre en lumi\u00e8re le travail de recherche de deux chaires"},"content":{"rendered":"<p><a href=\"https:\/\/www.ledauphine.com\/economie\/2023\/11\/27\/medelia-une-chaire-pour-prendre-soin-des-ouvrages-hydrauliques\" target=\"_blank\" rel=\"noopener\">Lanc\u00e9e en 2023<\/a> , la <a href=\"https:\/\/www.ledauphine.com\/paroles-de-partenaires\/2024\/10\/08\/medelia-une-chaire-qui-se-preoccupe-de-la-durabilite-des-ouvrages-hydrauliques\" target=\"_blank\" rel=\"noopener\">chaire d\u2019excellence Medelia<\/a> concentre ses travaux sur l\u2019am\u00e9lioration de la durabilit\u00e9 et de la s\u00fbret\u00e9 des ouvrages hydrauliques, avec l\u2019objectif de mieux estimer la dur\u00e9e de vie de ces infrastructures, tels que les centrales hydrauliques ou les barrages. Historiquement port\u00e9e par <a href=\"https:\/\/www.ledauphine.com\/economie\/2023\/06\/07\/en-croissance-artelia-vise-le-milliard-d-euros-de-chiffre-d-affaires-d-ici-2025\" target=\"_blank\" rel=\"noopener\">le groupe Artelia<\/a> , elle s\u2019est \u00e9tendue \u00e0 de nouveaux partenaires, avec l\u2019int\u00e9gration d\u2019EDF, de la CNR (Compagnie nationale du Rh\u00f4ne) et du Laboratoire d\u2019excellence TEC21, qui permettront de soutenir un nouveau travail de th\u00e8se sur le sujet. Julien Baroth, enseignant chercheur au laboratoire Sols, Solides, Structures et Risques de Grenoble et co-titulaire de la chaire aux c\u00f4t\u00e9s de Rafa\u00ebl Estevez, a pr\u00e9sent\u00e9 ces recherches, men\u00e9es notamment par le doctorant Kamal Harb\u00a0: \u00ab\u00a0Il s\u2019agit d\u2019un projet qui porte \u00e0 la fois une valeur acad\u00e9mique et appliqu\u00e9e\u00a0\u00bb.<\/p>\n<p>  Connaissance fondamentale<\/p>\n<p>\u00c9galement port\u00e9e par le groupe Artelia, <a href=\"https:\/\/www.ledauphine.com\/science-et-technologie\/2022\/12\/01\/oxalia-une-chaire-pour-faire-face-aux-enjeux-de-demain\" target=\"_blank\" rel=\"noopener\">la chaire d\u2019excellence industrielle Oxalia<\/a> s\u2019int\u00e9resse plus particuli\u00e8rement \u00e0 la conception des structures hydrauliques et \u00e0 l\u2019\u00e9laboration de mod\u00e8les num\u00e9riques permettant d\u2019am\u00e9liorer leur performance. Ses travaux se concentrent sur la mod\u00e9lisation du ph\u00e9nom\u00e8ne d\u2019affouillement, un creusement du sol li\u00e9 au mouvement du courant, qui impacte les zones c\u00f4ti\u00e8res et certaines infrastructures comme les ponts ou les barrages. \u00ab\u00a0L\u2019objectif est de faire avancer la connaissance fondamentale sur le sujet, au service de l\u2019op\u00e9rationnel\u00a0\u00bb, a pr\u00e9cis\u00e9 Julien Chauchat, co-titulaire de la chaire, en introduction \u00e0 la pr\u00e9sentation des recherches sur le sujet, men\u00e9es par le doctorant Matthias Renaud.<\/p>\n","protected":false},"excerpt":{"rendered":"Lanc\u00e9e en 2023 , la chaire d\u2019excellence Medelia concentre ses travaux sur l\u2019am\u00e9lioration de la durabilit\u00e9 et de&hellip;\n","protected":false},"author":2,"featured_media":436207,"comment_status":"","ping_status":"","sticky":false,"template":"","format":"standard","meta":{"footnotes":""},"categories":[9566],"tags":[1111,11,2430,9810,33,112,1057,1777,674,1795,5016,1011,27,2731,2732,108,12,25,767],"class_list":{"0":"post-436206","1":"post","2":"type-post","3":"status-publish","4":"format-standard","5":"has-post-thumbnail","7":"category-grenoble","8":"tag-actu","9":"tag-actualites","10":"tag-auvergne-rhone-alpes","11":"tag-direct-entreprises","12":"tag-economie","13":"tag-edition-grenoble-agglomeration","14":"tag-education","15":"tag-eu","16":"tag-europe","17":"tag-fil-web","18":"tag-formation-orientation","19":"tag-fr","20":"tag-france","21":"tag-grenoble","22":"tag-grenoble-bassin","23":"tag-isere","24":"tag-news","25":"tag-republique-francaise","26":"tag-science-et-technologie"},"share_on_mastodon":{"url":"https:\/\/pubeurope.com\/@fr\/115310360208987670","error":""},"_links":{"self":[{"href":"https:\/\/www.europesays.com\/fr\/wp-json\/wp\/v2\/posts\/436206","targetHints":{"allow":["GET"]}}],"collection":[{"href":"https:\/\/www.europesays.com\/fr\/wp-json\/wp\/v2\/posts"}],"about":[{"href":"https:\/\/www.europesays.com\/fr\/wp-json\/wp\/v2\/types\/post"}],"author":[{"embeddable":true,"href":"https:\/\/www.europesays.com\/fr\/wp-json\/wp\/v2\/users\/2"}],"replies":[{"embeddable":true,"href":"https:\/\/www.europesays.com\/fr\/wp-json\/wp\/v2\/comments?post=436206"}],"version-history":[{"count":0,"href":"https:\/\/www.europesays.com\/fr\/wp-json\/wp\/v2\/posts\/436206\/revisions"}],"wp:featuredmedia":[{"embeddable":true,"href":"https:\/\/www.europesays.com\/fr\/wp-json\/wp\/v2\/media\/436207"}],"wp:attachment":[{"href":"https:\/\/www.europesays.com\/fr\/wp-json\/wp\/v2\/media?parent=436206"}],"wp:term":[{"taxonomy":"category","embeddable":true,"href":"https:\/\/www.europesays.com\/fr\/wp-json\/wp\/v2\/categories?post=436206"},{"taxonomy":"post_tag","embeddable":true,"href":"https:\/\/www.europesays.com\/fr\/wp-json\/wp\/v2\/tags?post=436206"}],"curies":[{"name":"wp","href":"https:\/\/api.w.org\/{rel}","templated":true}]}}