{"id":436208,"date":"2025-10-03T13:00:45","date_gmt":"2025-10-03T13:00:45","guid":{"rendered":"https:\/\/www.europesays.com\/fr\/436208\/"},"modified":"2025-10-03T13:00:45","modified_gmt":"2025-10-03T13:00:45","slug":"a-rennes-les-mariages-se-feteront-sans-la-porte-emblematique-de-lhotel-de-ville","status":"publish","type":"post","link":"https:\/\/www.europesays.com\/fr\/436208\/","title":{"rendered":"\u00c0 Rennes, les mariages se f\u00eateront sans la porte embl\u00e9matique de l\u2019H\u00f4tel de Ville"},"content":{"rendered":"<p>Apr\u00e8s avoir vu passer des g\u00e9n\u00e9rations de mari\u00e9s \u00ab se dire oui \u00bb, les portes des mariages de <a href=\"https:\/\/www.letelegramme.fr\/ille-et-vilaine\/rennes-35000\/drapeau-palestinien-sur-la-mairie-la-ville-de-rennes-evite-le-rappel-a-lordre-de-la-justice-6896001.php\" target=\"_blank\" rel=\"nofollow noopener\">l\u2019H\u00f4tel de Ville de Rennes<\/a> ont \u00e9t\u00e9 retir\u00e9es ce mercredi 1er octobre. L\u2019annonce a \u00e9t\u00e9 r\u00e9alis\u00e9e sur les r\u00e9seaux sociaux de la maire de Rennes, Nathalie App\u00e9r\u00e9.<\/p>\n<p>\u00ab Leur \u00e9clat d\u2019origine \u00bb<\/p>\n<p>L\u2019\u00e9dile pr\u00e9cise sur Instagram que les portes seront restaur\u00e9es pendant un mois, sous la supervision des Architectes des B\u00e2timents de France. \u00ab Un mois de travail pour retrouver toute leur qualit\u00e9 et leur \u00e9clat d\u2019origine. Et continuer \u00e0 faire vivre ce patrimoine cher \u00e0 toutes et tous. \u00bb Pour les mari\u00e9s d\u2019octobre, pas de chance, le passage sur le seuil de la porte aura un poil moins de charme.<\/p>\n","protected":false},"excerpt":{"rendered":"Apr\u00e8s avoir vu passer des g\u00e9n\u00e9rations de mari\u00e9s \u00ab se dire oui \u00bb, les portes des mariages de&hellip;\n","protected":false},"author":2,"featured_media":436209,"comment_status":"","ping_status":"","sticky":false,"template":"","format":"standard","meta":{"footnotes":""},"categories":[2821],"tags":[1111,11,829,1777,674,1011,27,848,12,584,25],"class_list":{"0":"post-436208","1":"post","2":"type-post","3":"status-publish","4":"format-standard","5":"has-post-thumbnail","7":"category-rennes","8":"tag-actu","9":"tag-actualites","10":"tag-bretagne","11":"tag-eu","12":"tag-europe","13":"tag-fr","14":"tag-france","15":"tag-ille-et-vilaine","16":"tag-news","17":"tag-rennes","18":"tag-republique-francaise"},"share_on_mastodon":{"url":"https:\/\/pubeurope.com\/@fr\/115310364198520829","error":""},"_links":{"self":[{"href":"https:\/\/www.europesays.com\/fr\/wp-json\/wp\/v2\/posts\/436208","targetHints":{"allow":["GET"]}}],"collection":[{"href":"https:\/\/www.europesays.com\/fr\/wp-json\/wp\/v2\/posts"}],"about":[{"href":"https:\/\/www.europesays.com\/fr\/wp-json\/wp\/v2\/types\/post"}],"author":[{"embeddable":true,"href":"https:\/\/www.europesays.com\/fr\/wp-json\/wp\/v2\/users\/2"}],"replies":[{"embeddable":true,"href":"https:\/\/www.europesays.com\/fr\/wp-json\/wp\/v2\/comments?post=436208"}],"version-history":[{"count":0,"href":"https:\/\/www.europesays.com\/fr\/wp-json\/wp\/v2\/posts\/436208\/revisions"}],"wp:featuredmedia":[{"embeddable":true,"href":"https:\/\/www.europesays.com\/fr\/wp-json\/wp\/v2\/media\/436209"}],"wp:attachment":[{"href":"https:\/\/www.europesays.com\/fr\/wp-json\/wp\/v2\/media?parent=436208"}],"wp:term":[{"taxonomy":"category","embeddable":true,"href":"https:\/\/www.europesays.com\/fr\/wp-json\/wp\/v2\/categories?post=436208"},{"taxonomy":"post_tag","embeddable":true,"href":"https:\/\/www.europesays.com\/fr\/wp-json\/wp\/v2\/tags?post=436208"}],"curies":[{"name":"wp","href":"https:\/\/api.w.org\/{rel}","templated":true}]}}