{"id":436216,"date":"2025-10-03T13:04:16","date_gmt":"2025-10-03T13:04:16","guid":{"rendered":"https:\/\/www.europesays.com\/fr\/436216\/"},"modified":"2025-10-03T13:04:16","modified_gmt":"2025-10-03T13:04:16","slug":"probat-muscle-son-ancrage-azureen-avec-le-rachat-de-volpi-batiment","status":"publish","type":"post","link":"https:\/\/www.europesays.com\/fr\/436216\/","title":{"rendered":"Probat muscle son ancrage azur\u00e9en avec le rachat de Volpi B\u00e2timent"},"content":{"rendered":"<p>                    <img loading=\"lazy\" decoding=\"async\" src=\"https:\/\/www.europesays.com\/fr\/wp-content\/uploads\/2025\/10\/174c6ddc6c9ee8efe87e4feb2fab42.jpg\" class=\"img-responsive post-image\" width=\"680\" height=\"510\" alt=\"Probat muscle son ancrage\" title=\"Probat muscle son ancrage azur\u00e9en avec le rachat de Volpi B\u00e2timent\"\/><\/p>\n<p class=\"chapo\">Le groupe mon\u00e9gasque Probat poursuit sa strat\u00e9gie de croissance en mettant la main sur Volpi B\u00e2timent, entreprise familiale install\u00e9e \u00e0 Saint-Jean Cap Ferrat depuis plus de quarante ans. L\u2019op\u00e9ration, effective \u00e0 partir d\u2019octobre 2025, illustre la volont\u00e9 de l\u2019entreprise de consolider son positionnement sur le march\u00e9 du b\u00e2timent haut de gamme de la C\u00f4te d\u2019Azur.<\/p>\n<p>Cr\u00e9\u00e9e et dirig\u00e9e par <strong>Fabien Deplanche<\/strong> depuis 2002, Probat s\u2019est impos\u00e9e au fil des ann\u00e9es comme l\u2019une des principales entreprises ind\u00e9pendantes du secteur dans la r\u00e9gion. Avec pr\u00e8s de <strong>200 collaborateurs et un chiffre d\u2019affaires annuel avoisinant les 40 millions d\u2019euro<\/strong>s, elle intervient \u00e0 Monaco et sur la C\u00f4te d\u2019Azur dans des projets priv\u00e9s, professionnels et publics, allant de la r\u00e9novation \u00e0 la construction d\u2019extensions et d\u2019espaces ext\u00e9rieurs haut de gamme.<br class=\"texte\"\/><br \/>\nL\u2019acquisition de Volpi B\u00e2timent apporte \u00e0 Probat un savoir-faire compl\u00e9mentaire et un ancrage historique. Fond\u00e9e il y a 45 ans, la soci\u00e9t\u00e9 familiale r\u00e9alise environ 10 millions d\u2019euros de chiffre d\u2019affaires avec une \u00e9quipe de 25 personnes, reconnue pour son expertise en construction, restructuration et r\u00e9novation de prestige.<br class=\"autobr\"\/><br \/>\n\u00ab\u00a0L\u2019acquisition de Volpi B\u00e2timent marque une \u00e9tape cl\u00e9 dans notre trajectoire de d\u00e9veloppement. Elle vient renforcer notre position sur le march\u00e9 du b\u00e2timent haut de gamme, en int\u00e9grant un savoir-faire compl\u00e9mentaire, une culture de l\u2019exigence partag\u00e9e et un ancrage territorial fort. Cette op\u00e9ration s\u2019inscrit pleinement dans notre vision strat\u00e9gique\u00a0: faire de PROBAT un acteur de r\u00e9f\u00e9rence durable et structur\u00e9, capable de r\u00e9pondre \u00e0 tous les niveaux d\u2019exigence, du projet sur-mesure \u00e0 la r\u00e9alisation d\u2019envergure\u00a0\u00bb, souligne <strong>Fabien Deplanche,<\/strong> pr\u00e9sident de Probat.<\/p>\n<p>Collaboration<\/p>\n<p>La transaction scelle aussi une longue histoire de collaboration entre les deux entreprises.<strong> Depuis plus de vingt ans, Probat et Volpi B\u00e2timent ont men\u00e9 ensemble des projets, s\u2019appuyant sur des valeurs communes de rigueur et de qualit\u00e9. <\/strong> \u00ab\u00a0Cette collaboration est le fruit de plus de vingt ans de travail en commun, fond\u00e9 sur la confiance et la r\u00e9gularit\u00e9. Ce rapprochement est pour moi une continuit\u00e9 naturelle, qui permet \u00e0 l\u2019histoire familiale de Volpi B\u00e2timent de se poursuivre avec des \u00e9quipes engag\u00e9es et une vision partag\u00e9e\u00a0\u00bb, explique <strong>Pascal Volpi<\/strong>, pr\u00e9sident de Volpi B\u00e2timent.<br class=\"autobr\"\/><br \/>\nEn int\u00e9grant cette nouvelle structure, Probat consolide sa place sur un march\u00e9 tr\u00e8s concurrentiel et confirme son ambition\u00a0: devenir un acteur de r\u00e9f\u00e9rence sur l\u2019ensemble de la C\u00f4te d\u2019Azur, capable de conjuguer h\u00e9ritage artisanal et projets d\u2019envergure.<\/p>\n","protected":false},"excerpt":{"rendered":"Le groupe mon\u00e9gasque Probat poursuit sa strat\u00e9gie de croissance en mettant la main sur Volpi B\u00e2timent, entreprise familiale&hellip;\n","protected":false},"author":2,"featured_media":436217,"comment_status":"","ping_status":"","sticky":false,"template":"","format":"standard","meta":{"footnotes":""},"categories":[2819],"tags":[1111,11,2408,1777,674,1011,27,12,2401,882,25],"class_list":{"0":"post-436216","1":"post","2":"type-post","3":"status-publish","4":"format-standard","5":"has-post-thumbnail","7":"category-nice","8":"tag-actu","9":"tag-actualites","10":"tag-appels-d","11":"tag-eu","12":"tag-europe","13":"tag-fr","14":"tag-france","15":"tag-news","16":"tag-nice","17":"tag-provence-alpes-cote-dazur","18":"tag-republique-francaise"},"share_on_mastodon":{"url":"https:\/\/pubeurope.com\/@fr\/115310379979392797","error":""},"_links":{"self":[{"href":"https:\/\/www.europesays.com\/fr\/wp-json\/wp\/v2\/posts\/436216","targetHints":{"allow":["GET"]}}],"collection":[{"href":"https:\/\/www.europesays.com\/fr\/wp-json\/wp\/v2\/posts"}],"about":[{"href":"https:\/\/www.europesays.com\/fr\/wp-json\/wp\/v2\/types\/post"}],"author":[{"embeddable":true,"href":"https:\/\/www.europesays.com\/fr\/wp-json\/wp\/v2\/users\/2"}],"replies":[{"embeddable":true,"href":"https:\/\/www.europesays.com\/fr\/wp-json\/wp\/v2\/comments?post=436216"}],"version-history":[{"count":0,"href":"https:\/\/www.europesays.com\/fr\/wp-json\/wp\/v2\/posts\/436216\/revisions"}],"wp:featuredmedia":[{"embeddable":true,"href":"https:\/\/www.europesays.com\/fr\/wp-json\/wp\/v2\/media\/436217"}],"wp:attachment":[{"href":"https:\/\/www.europesays.com\/fr\/wp-json\/wp\/v2\/media?parent=436216"}],"wp:term":[{"taxonomy":"category","embeddable":true,"href":"https:\/\/www.europesays.com\/fr\/wp-json\/wp\/v2\/categories?post=436216"},{"taxonomy":"post_tag","embeddable":true,"href":"https:\/\/www.europesays.com\/fr\/wp-json\/wp\/v2\/tags?post=436216"}],"curies":[{"name":"wp","href":"https:\/\/api.w.org\/{rel}","templated":true}]}}