{"id":436218,"date":"2025-10-03T13:05:15","date_gmt":"2025-10-03T13:05:15","guid":{"rendered":"https:\/\/www.europesays.com\/fr\/436218\/"},"modified":"2025-10-03T13:05:15","modified_gmt":"2025-10-03T13:05:15","slug":"nice-un-squatteur-sinstalle-chez-sabrina-pendant-trois-ans-le-cauchemar-continue","status":"publish","type":"post","link":"https:\/\/www.europesays.com\/fr\/436218\/","title":{"rendered":"Nice. Un squatteur s&rsquo;installe chez Sabrina pendant trois ans : \u00ab\u00a0Le cauchemar continue\u00a0\u00bb"},"content":{"rendered":"<p>            Par<br \/>\n        <strong><br \/>\n            <a href=\"https:\/\/actu.fr\/auteur\/ugo-maillard\" title=\"Consulter tous les articles de Ugo Maillard\" target=\"_blank\" rel=\"noopener\">Ugo Maillard<\/a><br \/>\n        <\/strong><\/p>\n<p>        Publi\u00e9 le<\/p>\n<p>            3 oct. 2025 \u00e0 14h15        <\/p>\n<p>C\u2019est un cauchemar dont Sabrina ne s\u2019est pas encore totalement r\u00e9veill\u00e9e. Durant trois longues ann\u00e9es, une personne a v\u00e9cu dans l\u2019appartement de Sabrina Di Donato situ\u00e9 \u00e0 Menton (<a href=\"https:\/\/actu.fr\/provence-alpes-cote-d-azur\/alpes-maritimes_06\" target=\"_blank\" rel=\"noopener\">Alpes-Maritimes<\/a>) de <strong>mani\u00e8re ill\u00e9gale<\/strong>. La femme de 55\u00a0ans, d\u2019origine italienne, a tout tent\u00e9 pour r\u00e9cup\u00e9rer son bien immobilier, en vain. Si le <strong>squatteur a quitt\u00e9 les lieux<\/strong> en fin d\u2019ann\u00e9e 2024, expuls\u00e9 par les forces de l\u2019ordre, Sabrina reste marqu\u00e9e par cet \u00e9pisode de vie traumatisant. Pour <a href=\"https:\/\/actu.fr\/nice\/\" target=\"_blank\" rel=\"noopener\">actu Nice<\/a>, elle raconte sa descente aux enfers.<\/p>\n<p>Une location qui se transforme en squat<\/p>\n<p class=\" wall-content\">En 2011, Sabrina Di Donato ach\u00e8te un appartement sur la commune de <a href=\"https:\/\/actu.fr\/provence-alpes-cote-d-azur\/menton_06083\" target=\"_blank\" rel=\"noopener\">Menton<\/a>. Six ans plus tard, elle rencontre quelqu\u2019un et part s\u2019installer \u00e0 Nice, avec lui.<\/p>\n<p>    <a href=\"https:\/\/www.google.com\/maps\/embed?pb=!1m18!1m12!1m3!1d46078.13209738354!2d7.458230051828454!3d43.7960354546281!2m3!1f0!2f0!3f0!3m2!1i1024!2i768!4f13.1!3m3!1m2!1s0x12cdebbec4ca024f%3A0x40819a5fd979ac0!2s06500%20Menton!5e0!3m2!1sfr!2sfr!4v1759410981347!5m2!1sfr!2sfr\" title=\"Ouvrie le lien\" target=\"_blank\" rel=\"noopener\">Cliquez ici pour visualiser le contenu<\/a><\/p>\n<p class=\" wall-content\">La d\u00e9cision de mettre son appartement en location s\u2019impose. Par le biais d\u2019une agence de location mentonnaise, elle trouve un locataire d\u00e8s 2017. Les probl\u00e8mes commencent en 2021 lorsque le bail de l\u2019appartement est transf\u00e9r\u00e9 au fils de l\u2019ancien locataire. \u00c0 partir de cette date, Sabrina ne va plus percevoir de loyer.<\/p>\n<p class=\" wall-content\">Malgr\u00e9 la sollicitation d\u2019un avocat et<strong> plusieurs d\u00e9p\u00f4ts de plainte aupr\u00e8s de la police<\/strong>, le squat va durer jusqu\u2019en fin d\u2019ann\u00e9e 2024.<\/p>\n<p>\u00ab\u2009Je me suis retrouv\u00e9e \u00e0 la rue\u2009\u00bb<\/p>\n<p class=\" wall-content\"><strong>Sans loyer vers\u00e9 pendant trois ans<\/strong>, la situation financi\u00e8re de Sabrina se tend. Une situation financi\u00e8re qui va encore s\u2019aggraver lorsque la femme de 55\u00a0ans se s\u00e9pare de son compagnon.<\/p>\n<p class=\" wall-content\">\u00ab\u2009Dans un premier temps, je souhaite r\u00e9cup\u00e9rer l\u2019appartement de Nice que je louais avec mon compagnon. Mais l\u00e9galement, c\u2019est impossible puisque j\u2019\u00e9tais propri\u00e9taire d\u2019un bien immobilier (NDLR\u2009: l\u2019appartement lou\u00e9 de Menton) alors que mon conjoint, non\u2009\u00bb, explique Sabrina.<\/p>\n<p>Votre r\u00e9gion, votre actu !<\/p>\n<p>Recevez chaque jour les infos qui comptent pour vous.<\/p>\n<p>\t<a href=\"https:\/\/actu.fr\/newsletter\" class=\"ac-btn ac-btn--corner ac-btn--medium ac-btn--blue800\" target=\"_blank\" rel=\"noopener\">S&rsquo;incrire<\/a><\/p>\n<p class=\" wall-content\">Nous sommes en 2022. <strong>Sabrina se retrouve sans toit<\/strong>. \u00ab\u2009Je me suis retrouv\u00e9 \u00e0 la rue\u2009\u00bb, se rem\u00e9more la femme de 55\u00a0ans aujourd\u2019hui. Dans le m\u00eame temps, son appartement de Menton est toujours squatt\u00e9 malgr\u00e9 les proc\u00e9dures d\u2019expulsion lanc\u00e9es aupr\u00e8s de la pr\u00e9fecture des Alpes-Maritimes.<\/p>\n<p class=\" wall-content\">Une quinzaine de jours se sont \u00e9coul\u00e9s avant que Sabrina ne puisse retrouver un logement sur Nice.<\/p>\n<p>Le squatteur expuls\u00e9 apr\u00e8s trois ans<\/p>\n<p class=\" wall-content\">\u00ab\u2009Le proc\u00e8s a \u00e9t\u00e9 renvoy\u00e9 trois fois au tribunal puisque le squatteur ne se pr\u00e9sentait jamais. J\u2019ai envoy\u00e9 des dizaines de mails \u00e0 la pr\u00e9fecture, au parquet, mais rien.\u2009\u00bb C\u2019est avec amertume et col\u00e8re que Sabrina se souvient de ces mois de combat pour r\u00e9cup\u00e9rer son appartement.<\/p>\n<p class=\" wall-content\">Sollicit\u00e9 par actu Nice, Me Doukhan, avocat de Sabrina Di Donato, confirme les dires de sa cliente\u2009: \u00ab\u2009Sa proc\u00e9dure a pris un temps fou. \u00c7a a tard\u00e9 plus que de raison. Elle a craqu\u00e9 et elle m\u2019a \u00e9crit pour r\u00e9soudre le probl\u00e8me.\u2009\u00bb<\/p>\n<p class=\" wall-content\">L\u2019avocat au barreau de Paris a attaqu\u00e9 la pr\u00e9fecture des Alpes-Maritimes en responsabilit\u00e9, ce qui a permis une expulsion dans un d\u00e9lai de deux mois, soit en ao\u00fbt\u00a02024.<\/p>\n<p class=\" wall-content\">\u00ab\u2009Si l\u2019expulsion n\u2019est pas constat\u00e9e, c\u2019est aux services de l\u2019\u00c9tat de prendre en charge le loyer de la victime de squat au motif de pr\u00e9judice. Elle a donc pu r\u00e9cup\u00e9rer son appartement\u2009\u00bb, se r\u00e9jouit Me Doukhan.<\/p>\n<p class=\" wall-content\">Le dossier est clos d\u2019un point de vue juridique, mais pour Sabrina le cauchemar ne s\u2019est pas arr\u00eat\u00e9 l\u00e0.<\/p>\n<p>Un appartement saccag\u00e9<\/p>\n<p class=\" wall-content\">Lorsque Sabrina retourne enfin chez elle, la Ni\u00e7oise d\u2019adoption d\u00e9couvre un appartement \u00ab\u2009invivable\u2009\u00bb. \u00ab\u2009Ils ont tout d\u00e9truit, cass\u00e9 la porte d\u2019entr\u00e9e, vol\u00e9 du mobilier et ont mis de la nourriture pour pigeons dans tout l\u2019appartement\u2009\u00bb, liste Sabrina.<\/p>\n<p class=\" wall-content\">Au total, pr\u00e8s de <strong>20\u2009000\u00a0euros de r\u00e9parations<\/strong> sont n\u00e9cessaires. Apr\u00e8s plusieurs mois de travaux, la femme qui travaille dans un h\u00f4tel parvient \u00e0 trouver un nouveau locataire en d\u00e9cembre\u00a02024.<\/p>\n<p>\u00ab\u2009La justice m\u2019a abandonn\u00e9\u2009\u00bb<\/p>\n<p class=\" wall-content\">Si la situation s\u2019est apais\u00e9e, Sabrina paye encore la pr\u00e9sence interminable de ce squatteur. \u00ab\u2009Je n\u2019ai pas eu de loyer pendant des mois alors que je n\u2019avais pas fini de rembourser mon cr\u00e9dit pour l\u2019appartement. Pour moi, le cauchemar continue\u2009\u00bb, soupire-t-elle.<\/p>\n<p class=\" wall-content\">Partag\u00e9e entre \u00ab\u00a0col\u00e8re, injustice et rage\u00a0\u00bb, elle assure que la justice l\u2019a \u00ab\u00a0abandonn\u00e9e\u00a0\u00bb. \u00ab\u00a0Il faudrait qu\u2019on ait les moyens d\u2019expulser les personnes qui sont l\u00e0 ill\u00e9galement<br \/>Mais aujourd\u2019hui, ce n\u2019est pas possible.\u00a0\u00bb<\/p>\n<blockquote class=\"ac-article-quote wall-content\">\n<p>Je n&rsquo;ai pas eu de vie sociale pendant deux ans parce que je n&rsquo;avais plus d\u2019argent. Vis-\u00e0-vis des gens, on est des perdants, ils ne comprennent pas comment on se laisse faire\u2026 Je suis tr\u00e8s forte, mais je me suis demand\u00e9e si je ne devais pas tout abandonner.<\/p>\n<p>    <strong>Sabrina Di Donato<\/strong><br \/>\n        Victime de squat    <\/p><\/blockquote>\n<p>    <img   decoding=\"async\" loading=\"lazy\" src=\"https:\/\/www.europesays.com\/fr\/wp-content\/uploads\/2025\/10\/sabrina-squat-menton-960x640.png\" alt=\"Sabrina manifestait le 10 septembre pour faire valoir le droit des victimes de squat.\" width=\"960\" height=\"640\"\/><br \/>\n    Sabrina manifestait le 10\u00a0septembre pour faire valoir le droit des victimes de squat. (\u00a9Ugo Maillard \/ actu Nice)<\/p>\n<p class=\" wall-content\">Selon ses calculs, la pr\u00e9sence du squatteur dans son appartement lui a co\u00fbt\u00e9, au total, 65\u2009000\u00a0euros. Sabrina, qui avait pr\u00e9vu de vivre dans son appartement de Menton d\u00e8s sa retraite, confie <strong>ne plus vouloir y mettre les pieds<\/strong>.<\/p>\n<p class=\" wall-content\">Encore traumatis\u00e9e, elle d\u00e9sire d\u00e9sormais vivre \u00ab\u2009perdue dans les montagnes, loin du monde ext\u00e9rieur\u2009\u00bb.<\/p>\n<p class=\" wall-content\">Personnalisez votre actualit\u00e9 en ajoutant vos villes et m\u00e9dias en favori avec <a href=\"https:\/\/moncompte.actu.fr\" title=\"D\u00e9couvez Mon Actu\" rel=\"nofollow noopener\" data-trk=\"{&quot;cta&quot;:{&quot;action&quot;:&quot;https:\\\/\\\/moncompte.actu.fr&quot;,&quot;category&quot;:&quot;mon compte&quot;,&quot;from&quot;:&quot;article footer&quot;,&quot;name&quot;:&quot;Mon actu&quot;,&quot;type&quot;:&quot;cta&quot;}}\" target=\"_blank\">Mon Actu<\/a>.<\/p>\n","protected":false},"excerpt":{"rendered":"Par Ugo Maillard Publi\u00e9 le 3 oct. 2025 \u00e0 14h15 C\u2019est un cauchemar dont Sabrina ne s\u2019est pas&hellip;\n","protected":false},"author":2,"featured_media":436219,"comment_status":"","ping_status":"","sticky":false,"template":"","format":"standard","meta":{"footnotes":""},"categories":[2819],"tags":[1111,11,1777,674,1011,27,303,1908,12,2401,882,25,104,240],"class_list":{"0":"post-436218","1":"post","2":"type-post","3":"status-publish","4":"format-standard","5":"has-post-thumbnail","7":"category-nice","8":"tag-actu","9":"tag-actualites","10":"tag-eu","11":"tag-europe","12":"tag-fr","13":"tag-france","14":"tag-justice","15":"tag-logement","16":"tag-news","17":"tag-nice","18":"tag-provence-alpes-cote-dazur","19":"tag-republique-francaise","20":"tag-societe","21":"tag-temoignage"},"share_on_mastodon":{"url":"https:\/\/pubeurope.com\/@fr\/115310384018217779","error":""},"_links":{"self":[{"href":"https:\/\/www.europesays.com\/fr\/wp-json\/wp\/v2\/posts\/436218","targetHints":{"allow":["GET"]}}],"collection":[{"href":"https:\/\/www.europesays.com\/fr\/wp-json\/wp\/v2\/posts"}],"about":[{"href":"https:\/\/www.europesays.com\/fr\/wp-json\/wp\/v2\/types\/post"}],"author":[{"embeddable":true,"href":"https:\/\/www.europesays.com\/fr\/wp-json\/wp\/v2\/users\/2"}],"replies":[{"embeddable":true,"href":"https:\/\/www.europesays.com\/fr\/wp-json\/wp\/v2\/comments?post=436218"}],"version-history":[{"count":0,"href":"https:\/\/www.europesays.com\/fr\/wp-json\/wp\/v2\/posts\/436218\/revisions"}],"wp:featuredmedia":[{"embeddable":true,"href":"https:\/\/www.europesays.com\/fr\/wp-json\/wp\/v2\/media\/436219"}],"wp:attachment":[{"href":"https:\/\/www.europesays.com\/fr\/wp-json\/wp\/v2\/media?parent=436218"}],"wp:term":[{"taxonomy":"category","embeddable":true,"href":"https:\/\/www.europesays.com\/fr\/wp-json\/wp\/v2\/categories?post=436218"},{"taxonomy":"post_tag","embeddable":true,"href":"https:\/\/www.europesays.com\/fr\/wp-json\/wp\/v2\/tags?post=436218"}],"curies":[{"name":"wp","href":"https:\/\/api.w.org\/{rel}","templated":true}]}}