{"id":43622,"date":"2025-04-22T09:32:08","date_gmt":"2025-04-22T09:32:08","guid":{"rendered":"https:\/\/www.europesays.com\/fr\/43622\/"},"modified":"2025-04-22T09:32:08","modified_gmt":"2025-04-22T09:32:08","slug":"donald-trump-espere-un-accord-rapide-entre-lukraine-et-la-russie-pour-mettre-fin-au-conflit-linfo-re","status":"publish","type":"post","link":"https:\/\/www.europesays.com\/fr\/43622\/","title":{"rendered":"Donald Trump esp\u00e8re un accord rapide entre l\u2019Ukraine et la Russie pour mettre fin au conflit &#8211; LINFO.re"},"content":{"rendered":"<p>Le pr\u00e9sident am\u00e9ricain s\u2019est exprim\u00e9 sur la guerre russo-ukrainienne via son r\u00e9seau social et s\u2019est dit optimiste quant \u00e0 une r\u00e9solution rapide du conflit.<\/p>\n<p>\t\t\t\t\t\t<strong>Donald Trump mise sur une issue favorable cette semaine<\/strong><\/p>\n<p style=\"text-align: justify;\">Dimanche 20 avril, <a href=\"https:\/\/www.linfo.re\/tags\/donald-trump\" target=\"_blank\" rel=\"noopener\"><strong>Donald Trump<\/strong><\/a> a \u00e9voqu\u00e9 un possible accord entre la <a href=\"https:\/\/www.linfo.re\/tags\/russie-ukraine-conflit\" target=\"_blank\" rel=\"noopener\"><strong>Russie et l\u2019Ukraine<\/strong><\/a> d\u2019ici la fin de la semaine. Il a affirm\u00e9 que les deux nations pourraient b\u00e9n\u00e9ficier d\u2019importants partenariats \u00e9conomiques avec les \u00c9tats-Unis si la paix revenait. Son message publi\u00e9 sur Truth Social met l\u2019accent sur les opportunit\u00e9s commerciales qui suivraient un cessez-le-feu durable.<\/p>\n<p><strong>Une tr\u00eave vite rompue par les affrontements<\/strong><\/p>\n<p style=\"text-align: justify;\">Le cessez-le-feu de 30 heures annonc\u00e9 samedi par Vladimir Poutine n\u2019a pas tenu. L\u2019Ukraine accuse la Russie de multiples violations. <a href=\"https:\/\/www.linfo.re\/tags\/volodymyr-zelensky\" target=\"_blank\" rel=\"noopener\">Volodymyr Zelensky<\/a> affirme que les forces russes ont rompu la tr\u00eave plus de 2 000 fois. Il propose de prolonger la pause sur les frappes \u00e0 longue port\u00e9e pour prot\u00e9ger les civils.<\/p>\n<p><strong>Moscou d\u00e9ment et accuse l\u2019Ukraine de provocations<\/strong><\/p>\n<p style=\"text-align: justify;\">De son c\u00f4t\u00e9, le minist\u00e8re russe de la D\u00e9fense rejette ces accusations. Il affirme que des troupes ukrainiennes ont tent\u00e9 d\u2019attaquer des positions russes \u00e0 Donetsk. D\u2019autres actions auraient eu lieu dans des r\u00e9gions russes frontali\u00e8res et auraient entra\u00een\u00e9 la mort ou bless\u00e9 des civils.<\/p>\n<p style=\"text-align: justify;\">Le Kremlin a pr\u00e9cis\u00e9 que <a href=\"http:\/\/www.linfo.re\/tags\/vladimir-poutine-80595\" target=\"_blank\" rel=\"noopener\">Vladimir Poutine<\/a> n\u2019a pas ordonn\u00e9 la prolongation de la tr\u00eave. Les combats ont donc repris d\u00e8s la fin du cessez-le-feu.<\/p>\n<p><strong>Reprise des frappes dans l\u2019est et le sud de l\u2019Ukraine<\/strong><\/p>\n<p style=\"text-align: justify;\">Lundi matin, de nouvelles attaques a\u00e9riennes russes ont cibl\u00e9 plusieurs zones. \u00c0 Dnipropetrovsk, un drone a touch\u00e9 une maison et une usine alimentaire. Aucun bless\u00e9 n\u2019a \u00e9t\u00e9 signal\u00e9. \u00c0 Mykola\u00efv, des missiles ont frapp\u00e9 la ville sans faire de victimes.<\/p>\n<p style=\"text-align: justify;\">Des responsables locaux ont constat\u00e9 une baisse de l\u2019intensit\u00e9 des affrontements par rapport aux jours pr\u00e9c\u00e9dents. \u00c0 Kramatorsk, des explosions ont \u00e9t\u00e9 entendues, mais la situation semblait plus calme que d\u2019habitude.<\/p>\n<p><strong>Des combats moins intenses mais toujours pr\u00e9sents<\/strong><\/p>\n<p style=\"text-align: justify;\">Dans certaines r\u00e9gions, l\u2019activit\u00e9 militaire a diminu\u00e9. Selon un commandant ukrainien, les zones de Zaporijjia et Kharkiv sont rest\u00e9es relativement calmes. \u00c0 Soumy, un officier indique que l\u2019artillerie russe n\u2019a pas tir\u00e9 durant la nuit.<\/p>\n<p style=\"text-align: justify;\">Le minist\u00e8re ukrainien des Affaires \u00e9trang\u00e8res a confirm\u00e9 un l\u00e9ger recul des hostilit\u00e9s. La tr\u00eave d\u00e9cr\u00e9t\u00e9e par Poutine pour la f\u00eate de P\u00e2ques n\u2019a toutefois pas \u00e9t\u00e9 respect\u00e9e sur le terrain.<\/p>\n<p style=\"text-align: justify;\">Source\u00a0: Lefigaro.fr<\/p>\n","protected":false},"excerpt":{"rendered":"Le pr\u00e9sident am\u00e9ricain s\u2019est exprim\u00e9 sur la guerre russo-ukrainienne via son r\u00e9seau social et s\u2019est dit optimiste quant&hellip;\n","protected":false},"author":2,"featured_media":43623,"comment_status":"","ping_status":"","sticky":false,"template":"","format":"standard","meta":{"footnotes":""},"categories":[1591],"tags":[47,11,4707,75,73,1887,1922,74,12,1885,1886,132,13100],"class_list":{"0":"post-43622","1":"post","2":"type-post","3":"status-publish","4":"format-standard","5":"has-post-thumbnail","7":"category-russie","8":"tag-actualite","9":"tag-actualites","10":"tag-amerique","11":"tag-donald-trump","12":"tag-etats-unis","13":"tag-federation-de-russie","14":"tag-info","15":"tag-monde","16":"tag-news","17":"tag-russia","18":"tag-russian-federation","19":"tag-russie","20":"tag-russie-ukraine-conflit"},"share_on_mastodon":{"url":"https:\/\/pubeurope.com\/@fr\/114380927643971084","error":""},"_links":{"self":[{"href":"https:\/\/www.europesays.com\/fr\/wp-json\/wp\/v2\/posts\/43622","targetHints":{"allow":["GET"]}}],"collection":[{"href":"https:\/\/www.europesays.com\/fr\/wp-json\/wp\/v2\/posts"}],"about":[{"href":"https:\/\/www.europesays.com\/fr\/wp-json\/wp\/v2\/types\/post"}],"author":[{"embeddable":true,"href":"https:\/\/www.europesays.com\/fr\/wp-json\/wp\/v2\/users\/2"}],"replies":[{"embeddable":true,"href":"https:\/\/www.europesays.com\/fr\/wp-json\/wp\/v2\/comments?post=43622"}],"version-history":[{"count":0,"href":"https:\/\/www.europesays.com\/fr\/wp-json\/wp\/v2\/posts\/43622\/revisions"}],"wp:featuredmedia":[{"embeddable":true,"href":"https:\/\/www.europesays.com\/fr\/wp-json\/wp\/v2\/media\/43623"}],"wp:attachment":[{"href":"https:\/\/www.europesays.com\/fr\/wp-json\/wp\/v2\/media?parent=43622"}],"wp:term":[{"taxonomy":"category","embeddable":true,"href":"https:\/\/www.europesays.com\/fr\/wp-json\/wp\/v2\/categories?post=43622"},{"taxonomy":"post_tag","embeddable":true,"href":"https:\/\/www.europesays.com\/fr\/wp-json\/wp\/v2\/tags?post=43622"}],"curies":[{"name":"wp","href":"https:\/\/api.w.org\/{rel}","templated":true}]}}