{"id":436220,"date":"2025-10-03T13:06:13","date_gmt":"2025-10-03T13:06:13","guid":{"rendered":"https:\/\/www.europesays.com\/fr\/436220\/"},"modified":"2025-10-03T13:06:13","modified_gmt":"2025-10-03T13:06:13","slug":"loire-atlantique-un-trentenaire-retrouve-mort-poignarde-a-son-domicile-pres-de-nantes","status":"publish","type":"post","link":"https:\/\/www.europesays.com\/fr\/436220\/","title":{"rendered":"Loire-Atlantique. Un trentenaire retrouv\u00e9 mort, poignard\u00e9 \u00e0 son domicile pr\u00e8s de Nantes"},"content":{"rendered":"<p>Un homme de 33 ans a \u00e9t\u00e9 retrouv\u00e9 mort chez lui jeudi \u00e0 son domicile d&rsquo;Orvault (Loire-Atlantique), victime de coups de couteau. L&rsquo;homme \u00e9tait connu des services de police pour des faits de stup\u00e9fiants, selon des sources polici\u00e8res.<\/p>\n<p>Alert\u00e9 jeudi en milieu de journ\u00e9e par des proches, le SAMU s&rsquo;\u00e9tait rendu sur place, selon une premi\u00e8re source polici\u00e8re.\u00a0 La victime pr\u00e9sum\u00e9e, dont le visage portait des traces de coups et \u00e9tait couvert de sang, pr\u00e9sentait des plaies \u00e0 diff\u00e9rents endroits de son corps dont au moins un coup de couteau dans le dos, d&rsquo;apr\u00e8s les sources polici\u00e8res.<\/p>\n<p>Ce contenu est bloqu\u00e9 car vous n&rsquo;avez pas accept\u00e9 les cookies et autres traceurs.<\/p>\n<p>En cliquant sur \u00ab J\u2019accepte \u00bb, les cookies et autres traceurs seront d\u00e9pos\u00e9s et vous pourrez visualiser les contenus  (<a href=\"\" class=\"consentModule_policy\" target=\"_blank\" title=\"Consulter la politique de protection des donn\u00e9es du fournisseur\">plus d&rsquo;informations<\/a>).<\/p>\n<p>En cliquant sur \u00ab J\u2019accepte tous les cookies \u00bb, vous autorisez des d\u00e9p\u00f4ts de cookies et autres traceurs pour le stockage de vos donn\u00e9es sur nos sites et applications \u00e0 des fins de personnalisation et de ciblage publicitaire.<\/p>\n<p class=\"consentModule_secondaryText\">Vous gardez la possibilit\u00e9 de retirer votre consentement \u00e0 tout moment en consultant notre <a href=\"https:\/\/www.ledauphine.com\/protection-des-donnees\" target=\"_blank\" title=\"Consulter notre politique de protection des donn\u00e9es\" rel=\"noopener\">politique de protection des donn\u00e9es<\/a>. <br \/>&#13;<br \/>\n            <a href=\"https:\/\/www.ledauphine.com\/faits-divers-justice\/2025\/10\/03\/javascript:Didomi.notice.show()\" class=\"consentModule_cmp\" target=\"_blank\" rel=\"noopener\">G\u00e9rer mes choix<\/a>&#13;\n        <\/p>\n<p>&#13;<br \/>\n                        J&rsquo;accepte&#13;<br \/>\n            J&rsquo;accepte tous les cookies&#13;\n        <\/p>\n<p>Il pr\u00e9sentait aussi des blessures au niveau des mains \u00e9voquant de possibles l\u00e9sions de d\u00e9fense, a ajout\u00e9 une des sources polici\u00e8res, en pr\u00e9cisant qu&rsquo;une autopsie \u00e9tait pr\u00e9vue vendredi. L&rsquo;enqu\u00eate a \u00e9t\u00e9 confi\u00e9e \u00e0 la police judiciaire de Nantes, a indiqu\u00e9 le procureur de la R\u00e9publique de Nantes Antoine Leroy.<\/p>\n","protected":false},"excerpt":{"rendered":"Un homme de 33 ans a \u00e9t\u00e9 retrouv\u00e9 mort chez lui jeudi \u00e0 son domicile d&rsquo;Orvault (Loire-Atlantique), victime&hellip;\n","protected":false},"author":2,"featured_media":436221,"comment_status":"","ping_status":"","sticky":false,"template":"","format":"standard","meta":{"footnotes":""},"categories":[2818],"tags":[1111,11,271,272,1777,674,274,107,1011,27,329,766,12,2636,25],"class_list":{"0":"post-436220","1":"post","2":"type-post","3":"status-publish","4":"format-standard","5":"has-post-thumbnail","7":"category-nantes","8":"tag-actu","9":"tag-actualites","10":"tag-crime","11":"tag-delit-et-contravention","12":"tag-eu","13":"tag-europe","14":"tag-faits-divers-justice","15":"tag-fil-info","16":"tag-fr","17":"tag-france","18":"tag-france-monde","19":"tag-nantes","20":"tag-news","21":"tag-pays-de-la-loire","22":"tag-republique-francaise"},"share_on_mastodon":{"url":"https:\/\/pubeurope.com\/@fr\/115310387976976485","error":""},"_links":{"self":[{"href":"https:\/\/www.europesays.com\/fr\/wp-json\/wp\/v2\/posts\/436220","targetHints":{"allow":["GET"]}}],"collection":[{"href":"https:\/\/www.europesays.com\/fr\/wp-json\/wp\/v2\/posts"}],"about":[{"href":"https:\/\/www.europesays.com\/fr\/wp-json\/wp\/v2\/types\/post"}],"author":[{"embeddable":true,"href":"https:\/\/www.europesays.com\/fr\/wp-json\/wp\/v2\/users\/2"}],"replies":[{"embeddable":true,"href":"https:\/\/www.europesays.com\/fr\/wp-json\/wp\/v2\/comments?post=436220"}],"version-history":[{"count":0,"href":"https:\/\/www.europesays.com\/fr\/wp-json\/wp\/v2\/posts\/436220\/revisions"}],"wp:featuredmedia":[{"embeddable":true,"href":"https:\/\/www.europesays.com\/fr\/wp-json\/wp\/v2\/media\/436221"}],"wp:attachment":[{"href":"https:\/\/www.europesays.com\/fr\/wp-json\/wp\/v2\/media?parent=436220"}],"wp:term":[{"taxonomy":"category","embeddable":true,"href":"https:\/\/www.europesays.com\/fr\/wp-json\/wp\/v2\/categories?post=436220"},{"taxonomy":"post_tag","embeddable":true,"href":"https:\/\/www.europesays.com\/fr\/wp-json\/wp\/v2\/tags?post=436220"}],"curies":[{"name":"wp","href":"https:\/\/api.w.org\/{rel}","templated":true}]}}