{"id":436224,"date":"2025-10-03T13:09:16","date_gmt":"2025-10-03T13:09:16","guid":{"rendered":"https:\/\/www.europesays.com\/fr\/436224\/"},"modified":"2025-10-03T13:09:16","modified_gmt":"2025-10-03T13:09:16","slug":"cinq-concerts-immanquables-dares-a-libourne","status":"publish","type":"post","link":"https:\/\/www.europesays.com\/fr\/436224\/","title":{"rendered":"cinq concerts immanquables d\u2019Ar\u00e8s \u00e0 Libourne"},"content":{"rendered":"<p><strong>Bordeaux. <\/strong>Jean-Louis Constant, violoniste fondateur du Quatuor Var\u00e8se, Marianne Muglioni, fondatrice de l\u2019association Les Caprices de Marianne qui diffuse la musique classique en tout lieu, et Bruno Maurice, professeur d\u2019accord\u00e9on au Conservatoire de Bordeaux, ont nomm\u00e9 leur trio Evea, qui signifie d\u00e9sir en gascon. Apr\u00e8s un jeu de piste \u00e0 faire en famille, ils joueront des transcriptions dues \u00e0 l\u2019accord\u00e9oniste\u00a0: extraits de \u00ab\u00a0Peer Gynt\u00a0\u00bb de Grieg, musiques de films de Nino Rota, valses musette, musique populaire bulgare\u2026<\/p>\n<p>Samedi \u00e0 14\u00a0heures place Pey-Berland dans le cadre du festival UniSol. Gratuit.<\/p>\n<p>Les biblioth\u00e8ques accueillent la musique<\/p>\n<p><strong>Bordeaux. <\/strong>Toutes les m\u00e9diath\u00e8ques de la M\u00e9tropole bordelaise participent ce samedi \u00e0 la Nuit des biblioth\u00e8ques sur le th\u00e8me des cultures asiatiques et la musique y a sa place. Ainsi \u00e0 la biblioth\u00e8que M\u00e9riadeck, le duo \u00e9lectroacoustique bordelais Taku, violon et piano, plongera dans les cultures manga et geek \u00e0 19\u00a0heures pour les jeunes et \u00e0 21\u00a0h\u00a030 pour tout public. Et sous la direction d\u2019Eduardo Lopes, le ch\u0153ur d\u2019application du Conservatoire chantera des th\u00e8mes de \u00ab\u00a0Mon voisin Totoro\u00a0\u00bb \u00e0 18\u00a0h\u00a030, 19\u00a0h\u00a030, 21\u00a0heures et 22\u00a0h\u00a030.<\/p>\n<p>Gratuit.<\/p>\n<p>Les fr\u00e8res Francoeur, compositeurs \u00e0 d\u00e9couvrir<\/p>\n<p>        <img decoding=\"async\" id=\"26146149\" src=\"https:\/\/www.europesays.com\/fr\/wp-content\/uploads\/2025\/10\/bordeaux-355a23dc09ec4f83978071d920897a24-160134-ph1.jpg\" alt=\"Th\u00e9otime Langlois de Swarte, violoniste, et Justin Taylor, claveciniste (de gauche \u00e0 droite)\" itemprop=\"contentURL\"\/><\/p>\n<p>    Th\u00e9otime Langlois de Swarte, violoniste, et Justin Taylor, claveciniste (de gauche \u00e0 droite)<\/p>\n<p>Julien Benhamou<\/p>\n<p><strong>Bordeaux. <\/strong>Apr\u00e8s avoir montr\u00e9 sa virtuosit\u00e9 sur violon baroque et son in\u00e9puisable imagination musicale dans \u00ab\u00a0Les Quatre Saisons\u00a0\u00bb de Vivaldi le 17\u00a0septembre \u00e0 la cath\u00e9drale, Th\u00e9otime Langlois de Swarte revient avec le claveciniste Justin Taylor, fondateur avec lui de l\u2019ensemble baroque Le Consort, \u00e0 la coh\u00e9sion remarquable \u00e0 ce m\u00eame concert. Ils interpr\u00e9teront des \u0153uvres de Louis (1692-1745) et Fran\u00e7ois (1698-1787) Francoeur, violonistes et compositeurs fran\u00e7ais auxquels ils ont consacr\u00e9 un disque en 2022.<\/p>\n<p>Samedi \u00e0 20\u00a0h\u00a030 \u00e0 l\u2019\u00e9glise Notre-Dame. De 15 \u00e0 35\u00a0euros, gratuit jusqu\u2019\u00e0 12\u00a0ans. cathedra.fr<\/p>\n<p>Le Ch\u0153ur Pizzicati voyage en Afrique<\/p>\n<p>        <img decoding=\"async\" id=\"26146150\" src=\"https:\/\/www.europesays.com\/fr\/wp-content\/uploads\/2025\/10\/bordeaux-355a23dc09ec4f83978071d920897a24-160134-ph2.jpg\" alt=\"Le ch\u0153ur Pizzicati du Bouscat dirig\u00e9 par&#10;Pascal Lacombe\" itemprop=\"contentURL\"\/><\/p>\n<p>    Le ch\u0153ur Pizzicati du Bouscat dirig\u00e9 par<br \/>\nPascal Lacombe<\/p>\n<p>Ch\u0153ur Pizzicati<\/p>\n<p><strong>Ar\u00e8s. <\/strong>Apr\u00e8s les plus grands ma\u00eetres de la musique occidentale, les contemporains continuent de composer sur les textes de l\u2019ordinaire de la messe. Dirig\u00e9 par Pascal Lacombe et accompagn\u00e9 au piano par Florence Chaubin-Guillaume, le Ch\u0153ur Pizzicati du Bouscat chantera la \u00ab\u00a0Sunrise Mass\u00a0\u00bb du Norv\u00e9gien Ola Gjeilo, n\u00e9 en 1978, et la \u00ab\u00a0Mass of Love\u00a0\u00bb du Camerounais Destin Feutseu Dassi, n\u00e9 en 1989. Des chants traditionnels africains concluront le concert.<\/p>\n<p>Dimanche \u00e0 17\u00a0heures \u00e0 l\u2019\u00e9glise. 15\u00a0euros, gratuit jusqu\u2019\u00e0 16\u00a0ans. 06\u00a052\u00a034\u00a032\u00a083 et pizzicati.fr<\/p>\n<p>Fl\u00fbte et percussion par p\u00e8re et fils<\/p>\n<p><strong>Libourne. <\/strong>Pierre Guiet, professeur de fl\u00fbte traversi\u00e8re au Conservatoire de Libourne et chef de l\u2019Harmonie de la ville, forme avec son fils No\u00e9, percussionniste \u00e9tudiant au Conservatoire de Bordeaux, le duo Sam\u00e8re\u2026 dans lequel l\u2019\u00e9pouse de l\u2019un et m\u00e8re de l\u2019autre ne joue pas\u00a0! Ils interpr\u00e9teront des transcriptions pour fl\u00fbte, marimba ou vibraphone r\u00e9alis\u00e9es par No\u00e9 d\u2019\u00ab\u00a0Inventions\u00a0\u00bb de Bach, de l\u2019\u00ab\u00a0Ave Maria\u00a0\u00bb de Gounod, du \u00ab\u00a0Salut d\u2019amour\u00a0\u00bb d\u2019Elgar, de tangos\u2026<\/p>\n","protected":false},"excerpt":{"rendered":"Bordeaux. Jean-Louis Constant, violoniste fondateur du Quatuor Var\u00e8se, Marianne Muglioni, fondatrice de l\u2019association Les Caprices de Marianne qui&hellip;\n","protected":false},"author":2,"featured_media":436225,"comment_status":"","ping_status":"","sticky":false,"template":"","format":"standard","meta":{"footnotes":""},"categories":[2817],"tags":[1111,11,1997,1777,674,1011,27,12,2219,25],"class_list":{"0":"post-436224","1":"post","2":"type-post","3":"status-publish","4":"format-standard","5":"has-post-thumbnail","7":"category-bordeaux","8":"tag-actu","9":"tag-actualites","10":"tag-bordeaux","11":"tag-eu","12":"tag-europe","13":"tag-fr","14":"tag-france","15":"tag-news","16":"tag-nouvelle-aquitaine","17":"tag-republique-francaise"},"share_on_mastodon":{"url":"https:\/\/pubeurope.com\/@fr\/115310399795538892","error":""},"_links":{"self":[{"href":"https:\/\/www.europesays.com\/fr\/wp-json\/wp\/v2\/posts\/436224","targetHints":{"allow":["GET"]}}],"collection":[{"href":"https:\/\/www.europesays.com\/fr\/wp-json\/wp\/v2\/posts"}],"about":[{"href":"https:\/\/www.europesays.com\/fr\/wp-json\/wp\/v2\/types\/post"}],"author":[{"embeddable":true,"href":"https:\/\/www.europesays.com\/fr\/wp-json\/wp\/v2\/users\/2"}],"replies":[{"embeddable":true,"href":"https:\/\/www.europesays.com\/fr\/wp-json\/wp\/v2\/comments?post=436224"}],"version-history":[{"count":0,"href":"https:\/\/www.europesays.com\/fr\/wp-json\/wp\/v2\/posts\/436224\/revisions"}],"wp:featuredmedia":[{"embeddable":true,"href":"https:\/\/www.europesays.com\/fr\/wp-json\/wp\/v2\/media\/436225"}],"wp:attachment":[{"href":"https:\/\/www.europesays.com\/fr\/wp-json\/wp\/v2\/media?parent=436224"}],"wp:term":[{"taxonomy":"category","embeddable":true,"href":"https:\/\/www.europesays.com\/fr\/wp-json\/wp\/v2\/categories?post=436224"},{"taxonomy":"post_tag","embeddable":true,"href":"https:\/\/www.europesays.com\/fr\/wp-json\/wp\/v2\/tags?post=436224"}],"curies":[{"name":"wp","href":"https:\/\/api.w.org\/{rel}","templated":true}]}}