{"id":436234,"date":"2025-10-03T13:14:19","date_gmt":"2025-10-03T13:14:19","guid":{"rendered":"https:\/\/www.europesays.com\/fr\/436234\/"},"modified":"2025-10-03T13:14:19","modified_gmt":"2025-10-03T13:14:19","slug":"ariane-ascaride-la-comedienne-marseillaise-porte-plainte-apres-une-salve-de-lettres-anonymes-insultantes","status":"publish","type":"post","link":"https:\/\/www.europesays.com\/fr\/436234\/","title":{"rendered":"Ariane Ascaride, la com\u00e9dienne marseillaise, porte plainte apr\u00e8s une salve de lettres anonymes insultantes"},"content":{"rendered":"<p>La com\u00e9dienne <a href=\"https:\/\/www.laprovence.com\/article\/culture-loisirs\/98418627927887\/festival-davignon-nuit-de-lectures-autour-de-gisele-pelicot-ce-vendredi-soir-avec-ariane-ascaride\" target=\"_blank\" rel=\"noopener\">Ariane Ascaride<\/a> a port\u00e9 plainte contre X pour \u00ab\u00a0harc\u00e8lement moral et sexuel\u00a0\u00bb pour tenter de retrouver le ou les corbeaux qui lui ont adress\u00e9 des dizaines de lettres anonymes violentes et insultantes, a-t-on appris vendredi aupr\u00e8s de son avocate. La plainte a \u00e9t\u00e9 d\u00e9pos\u00e9e aupr\u00e8s du parquet de Paris, a d\u00e9clar\u00e9 Me Marie Dos\u00e9 \u00e0 l&rsquo;AFP, confirmant une information de France Info.<\/p>\n<p>Mercredi, Mme Ascaride a racont\u00e9 sur France Inter avoir re\u00e7u de nombreuses lettres anonymes depuis qu&rsquo;elle joue un spectacle inspir\u00e9 par sa vie, \u00ab\u00a0Touch\u00e9e par les f\u00e9es\u00a0\u00bb. Dans ce spectacle, elle r\u00e9v\u00e8le \u00ab\u00a0pour la premi\u00e8re fois, avoir \u00e9t\u00e9 victime dans son enfance d&rsquo;agressions sexuelles de la part de l&rsquo;un de ses fr\u00e8res\u00a0\u00bb, selon la radio publique.<\/p>\n<p>\u00ab\u00a0J&rsquo;ai re\u00e7u beaucoup de lettres anonymes (&#8230;) disant des choses absolument \u00e9pouvantables, tout simplement parce que je fais ce spectacle-l\u00e0\u00a0\u00bb, a d\u00e9clar\u00e9 la com\u00e9dienne \u00e0 l&rsquo;antenne. \u00ab\u00a0Je tiens \u00e0 dire que je continuerai \u00e0 jouer ce spectacle envers et contre tout\u00a0\u00bb. Ces courriers l&rsquo;accusent par exemple d&rsquo;\u00eatre une affabulatrice ou comportent des messages \u00e0 connotation sexuelle ou sexiste.<\/p>\n<p>Ariane Ascaride, 70 ans, est une figure du cin\u00e9ma notamment dans les films de son \u00e9poux Robert Gu\u00e9diguian (\u00ab\u00a0Marius et Jeannette\u00a0\u00bb) et du th\u00e9\u00e2tre, o\u00f9 elle a incarn\u00e9 Gis\u00e8le Halimi ou r\u00e9cemment Gis\u00e8le P\u00e9licot dans un spectacle inspir\u00e9 du proc\u00e8s des viols de Mazan. Sollicit\u00e9 par l&rsquo;AFP, la com\u00e9dienne n&rsquo;a pas donn\u00e9 suite dans l&rsquo;imm\u00e9diat.<\/p>\n","protected":false},"excerpt":{"rendered":"La com\u00e9dienne Ariane Ascaride a port\u00e9 plainte contre X pour \u00ab\u00a0harc\u00e8lement moral et sexuel\u00a0\u00bb pour tenter de retrouver&hellip;\n","protected":false},"author":2,"featured_media":436235,"comment_status":"","ping_status":"","sticky":false,"template":"","format":"standard","meta":{"footnotes":""},"categories":[2814],"tags":[17,1111,11,150,33008,56366,1102,14057,1777,674,274,1011,27,11989,884,12,2634,5396,882,25],"class_list":{"0":"post-436234","1":"post","2":"type-post","3":"status-publish","4":"format-standard","5":"has-post-thumbnail","7":"category-marseille","8":"tag-17","9":"tag-actu","10":"tag-actualites","11":"tag-apres","12":"tag-ariane","13":"tag-ascaride","14":"tag-breakingnews","15":"tag-comedienne","16":"tag-eu","17":"tag-europe","18":"tag-faits-divers-justice","19":"tag-fr","20":"tag-france","21":"tag-marseillaise","22":"tag-marseille","23":"tag-news","24":"tag-plainte","25":"tag-porte","26":"tag-provence-alpes-cote-dazur","27":"tag-republique-francaise"},"share_on_mastodon":{"url":"https:\/\/pubeurope.com\/@fr\/115310419355168117","error":""},"_links":{"self":[{"href":"https:\/\/www.europesays.com\/fr\/wp-json\/wp\/v2\/posts\/436234","targetHints":{"allow":["GET"]}}],"collection":[{"href":"https:\/\/www.europesays.com\/fr\/wp-json\/wp\/v2\/posts"}],"about":[{"href":"https:\/\/www.europesays.com\/fr\/wp-json\/wp\/v2\/types\/post"}],"author":[{"embeddable":true,"href":"https:\/\/www.europesays.com\/fr\/wp-json\/wp\/v2\/users\/2"}],"replies":[{"embeddable":true,"href":"https:\/\/www.europesays.com\/fr\/wp-json\/wp\/v2\/comments?post=436234"}],"version-history":[{"count":0,"href":"https:\/\/www.europesays.com\/fr\/wp-json\/wp\/v2\/posts\/436234\/revisions"}],"wp:featuredmedia":[{"embeddable":true,"href":"https:\/\/www.europesays.com\/fr\/wp-json\/wp\/v2\/media\/436235"}],"wp:attachment":[{"href":"https:\/\/www.europesays.com\/fr\/wp-json\/wp\/v2\/media?parent=436234"}],"wp:term":[{"taxonomy":"category","embeddable":true,"href":"https:\/\/www.europesays.com\/fr\/wp-json\/wp\/v2\/categories?post=436234"},{"taxonomy":"post_tag","embeddable":true,"href":"https:\/\/www.europesays.com\/fr\/wp-json\/wp\/v2\/tags?post=436234"}],"curies":[{"name":"wp","href":"https:\/\/api.w.org\/{rel}","templated":true}]}}