{"id":436236,"date":"2025-10-03T13:15:16","date_gmt":"2025-10-03T13:15:16","guid":{"rendered":"https:\/\/www.europesays.com\/fr\/436236\/"},"modified":"2025-10-03T13:15:16","modified_gmt":"2025-10-03T13:15:16","slug":"festival-du-film-judiciaire-la-justice-fait-son-cinema-a-marseille","status":"publish","type":"post","link":"https:\/\/www.europesays.com\/fr\/436236\/","title":{"rendered":"Festival du film judiciaire : la justice fait son cin\u00e9ma \u00e0 Marseille"},"content":{"rendered":"<p>Huit films, huit cin\u00e9mas, 8 \u20ac\u2026 Cette diagonale des \u00ab\u00a0huit\u00a0\u00bb est \u00e0 coup s\u00fbr le meilleur pr\u00e9sage pour le <strong>Festival du film judiciaire de Marseille<\/strong>, qui revient du lundi 6 au jeudi 9 octobre, avec une belle programmation. Organis\u00e9 en collaboration avec le <strong>tribunal judiciaire de Marseille<\/strong>, le barreau de Marseille, le<strong> Conseil d\u00e9partemental de l\u2019acc\u00e8s au droit des Bouches-du-Rh\u00f4ne<\/strong>, l\u2019<a href=\"https:\/\/www.cinemas-ucf.org\/\" rel=\"noopener\" target=\"_blank\">Union des cin\u00e9mas du sud de la France<\/a> et la <strong>Ville de Marseille<\/strong>, <strong>il fait suite \u00e0 une premi\u00e8re \u00e9dition en forme de succ\u00e8s<\/strong> qui a accueilli l\u2019an dernier pr\u00e8s de 1 700 personnes, dont 1 100 lyc\u00e9ens.\u00a0 <\/p>\n<p><strong>Les premiers chiffres sont d\u00e9j\u00e0 prometteurs<\/strong>, puisque les organisateurs \u00e9voquent l\u2019inscription \u00e0 ce jour de 1 700 lyc\u00e9ens pour l\u2019\u00e9dition 2025. Les cin\u00e9mas marseillais jouent le jeu : <strong>l\u2019Alhambra, l\u2019Artplexe, le Chambord, le Path\u00e9 Madeleine, le Path\u00e9 Joliette, les Trois Palmes, le Prado et le cin\u00e9ma Bonneveine<\/strong> sont engag\u00e9s \u00e0 fond dans ce match judiciaire : la fameuse diagonale des \u00ab\u00a0huit\u00a0\u00bb.\u00a0 <\/p>\n<p>Port\u00e9 par la passion du cin\u00e9ma et l\u2019exigence citoyenne, <strong>cet \u00e9v\u00e9nement aspire \u00e0 explorer les grands enjeux de soci\u00e9t\u00e9 \u00e0 travers le regard des r\u00e9alisateurs<\/strong>, confront\u00e9 \u00e0 l\u2019exp\u00e9rience des acteurs du monde judiciaire. Un festival pour toutes et tous : cin\u00e9philes, curieux, \u00e9tudiants, professionnels du droit.\u00a0 <\/p>\n<blockquote>\n<p>\u00ab\u00a0Venez d\u00e9couvrir une justice \u00e0 taille humaine, mise en sc\u00e8ne avec \u00e9motion, rigueur et v\u00e9rit\u00e9, annoncent les organisateurs. Rendez-vous dans les cin\u00e9mas marseillais partenaires pour faire de la culture juridique une exp\u00e9rience vivante et collective.\u00a0\u00bb <\/p>\n<\/blockquote>\n<p>  L\u2019affaire Sarkozy promet des questions nombreuses <\/p>\n<p>L\u2019occasion surtout d\u2019en finir, ainsi qu\u2019aime \u00e0 le pr\u00e9ciser <a href=\"https:\/\/mesinfos.fr\/tag\/nicolas-bessone\" rel=\"noopener\" target=\"_blank\">le procureur de la R\u00e9publique de Marseille, Nicolas Bessone<\/a>, avec les \u00ab Votre honneur ! \u00bb ou les \u00ab\u00a0mandats de perquisition\u00a0\u00bb que l\u2019on entend encore trop souvent dans les <strong>salles d\u2019audience <\/strong>et qui n\u2019existent que dans la t\u00eate des profanes.\u00a0 <\/p>\n<p>\u00ab\u00a0Je crois qu\u2019il faut que la justice s\u2019ouvre sur la cit\u00e9, ajoute-t-il, et l\u2019actualit\u00e9 la plus r\u00e9cente le d\u00e9montre.\u00a0\u00bb Le mot est l\u00e2ch\u00e9 : l\u2019<a href=\"https:\/\/mesinfos.fr\/75000-paris\/nicolas-sarkozy-en-prison-un-tremblement-de-terre-judiciaire-230688.html\" rel=\"noopener\" target=\"_blank\">affaire Sarkozy <\/a>a marqu\u00e9 les m\u00e9moires ; elle promet de <strong>faire d\u00e9bat<\/strong> encore pendant de longs mois. Nul doute qu\u2019\u00e0 la sortie des projections, en pr\u00e9sence des <strong>avocats et des magistrats<\/strong>, les questions vont fuser. C\u2019est quoi une ex\u00e9cution provisoire ? Et une association de malfaiteurs ? Et l\u2019ancien pr\u00e9sident va-t-il vraiment aller en prison ? Et les juges veulent-ils vraiment sa peau ? \u00ab\u00a0L\u2019occasion, comme dit le pr\u00e9sident du tribunal judiciaire de Marseille, <a href=\"https:\/\/mesinfos.fr\/13000-marseille\/rentree-du-tribunal-a-marseille-ombres-et-lumieres-sur-la-juridiction-229317.html\" rel=\"noopener\" target=\"_blank\">Olivier Leurent<\/a>, de rapprocher le citoyen de sa justice, de tisser un lien de confiance\u00a0\u00bb. Peut-\u00eatre celui qui fait tant d\u00e9faut en ce moment.\u00a0 <\/p>\n<p>Justice, morale et mafia : les th\u00e8mes phares du Festival film judiciaire <\/p>\n<p>Parmi les <strong>films<\/strong> phares, souvent forts et engag\u00e9s, qui seront projet\u00e9s cette ann\u00e9e, on a not\u00e9 \u00ab\u00a0Jur\u00e9 n\u00b02\u00a0\u00bb, de <strong>Clint Eastwood<\/strong>. <strong>L\u2019histoire d\u2019un homme qui se retrouve jur\u00e9 d&rsquo;un proc\u00e8s pour meurtre<\/strong>, au moment justement o\u00f9 il d\u00e9couvre qu&rsquo;il est \u00e0 l&rsquo;origine de cet <strong>acte criminel<\/strong>. Vaste sujet. Histoire d\u2019un dilemme. O\u00f9 la morale doit ou non trouver sa place : se prot\u00e9ger ou se livrer ? <\/p>\n<p>  <img decoding=\"async\" alt=\"\" class=\"img-align-center\" data-zoomable=\"\" height=\"1500\" loading=\"lazy\" src=\"https:\/\/www.europesays.com\/fr\/wp-content\/uploads\/2025\/10\/festival.jpg\" width=\"2000\"\/> \u00a9 D.T. &#8211; De gauche \u00e0 droite, le procureur de Marseille, Nicolas Bessone, le pr\u00e9sident du tribunal, Olivier Leurent, et la b\u00e2tonni\u00e8re, Marie-Dominique Poinso-Pourtal, lors de la conf\u00e9rence de presse du jeudi 2 octobre, \u00e0 la Maison de l&rsquo;Avocat. <\/p>\n<p>Ou encore la programmation du film \u00ab\u00a0Le tra\u00eetre\u00a0\u00bb\u00a0de Marco Bellochio. L\u2019extraordinaire reconstitution, au d\u00e9but des ann\u00e9es 1980, de la guerre entre les <strong>parrains de la mafia sicilienne<\/strong>, qui va d\u00e9boucher sur un proc\u00e8s hors norme. Tommaso Buscetta, membre de <strong>Cosa Nostra<\/strong>, fuit son pays pour se cacher au Br\u00e9sil. Pendant ce temps, en Italie, les r\u00e8glements de comptes s&rsquo;encha\u00eenent et les proches de Buscetta sont assassin\u00e9s les uns apr\u00e8s les autres. La th\u00e9matique phare sera celle du \u00ab\u00a0repenti\u00a0\u00bb ou du \u00ab\u00a0collaborateur de justice\u00a0\u00bb.<\/p>\n<p> \u00ab\u00a0Borgo\u00a0\u00bb de St\u00e9phane Demoustier : corruption et d\u00e9rives carc\u00e9rales <\/p>\n<p>Vous pourrez aussi d\u00e9couvrir \u00ab\u00a0Borgo\u00a0\u00bb, de <a href=\"https:\/\/mesinfos.fr\/13117-martigues\/dans-les-coulisses-du-tournage-de-la-serie-cimetiere-indien-189544.html\" rel=\"noopener\" target=\"_blank\">St\u00e9phane Demoustier<\/a>. Ou l\u2019histoire de M\u00e9lissa, <strong>surveillante p\u00e9nitentiaire <\/strong>exp\u00e9riment\u00e9e, qui s&rsquo;installe en Corse avec ses deux jeunes enfants et son mari. L&rsquo;occasion d&rsquo;un nouveau d\u00e9part, croit-elle. L&rsquo;int\u00e9gration de M\u00e9lissa est facilit\u00e9e par Saveriu, un <strong>jeune d\u00e9tenu<\/strong> qui semble influent et la place sous sa protection. <\/p>\n<p>Mais une fois lib\u00e9r\u00e9, Saveriu reprend contact avec M\u00e9lissa. Il a un service \u00e0 lui demander. Une <strong>m\u00e9canique pernicieuse<\/strong> se met alors en marche. Difficile de revenir en arri\u00e8re. La finesse d\u2019un engrenage dont il est difficile de sortir. <strong>Corruption ou menaces de corruption en d\u00e9bat<\/strong>.\u00a0<\/p>\n<p> La garde \u00e0 vue et la cour d\u2019assises d\u00e9cortiqu\u00e9es <\/p>\n<p>Plus anciens mais tout aussi riches et p\u00e9dagogiques sont les films \u00ab\u00a0Garde \u00e0 vue\u00a0\u00bb, de Claude Miller. Le soir de la Saint-Sylvestre, Me Martinaud\u00a0est <strong>convoqu\u00e9 au commissariat pour une affaire de viol <\/strong>et de meurtre de deux petites filles. <\/p>\n<p>D&rsquo;abord consid\u00e9r\u00e9 comme t\u00e9moin, il devient tr\u00e8s vite suspect aux yeux de l&rsquo;inspecteur Gallien. En effet, il n&rsquo;a aucun alibi pour ces deux crimes. De plus, Chantal, sa femme, ne l&rsquo;ayant jamais aim\u00e9, d\u00e9cide de l&rsquo;accabler un peu plus. La <strong>m\u00e9canique de la garde \u00e0 vue <\/strong>y est chirurgicalement d\u00e9cortiqu\u00e9e. Depuis, la <strong>proc\u00e9dure p\u00e9nale<\/strong> \u00e0 la fran\u00e7aise a beaucoup chang\u00e9\u2026 <\/p>\n<p>Ou encore \u00ab\u00a0L&rsquo;hermine\u00a0\u00bb, de Christian Vincent. Le r\u00e9cit d\u2019un pr\u00e9sident de <strong>cour d&rsquo;assises <\/strong>redout\u00e9, Michel Racine. Aussi dur avec lui qu&rsquo;avec les autres. Ses d\u00e9tracteurs l\u2019ont d\u2019ailleurs surnomm\u00e9 \u00ab\u00a0le pr\u00e9sident \u00e0 deux chiffres\u00a0\u00bb\u00a0pour dire <strong>les peines qu\u2019il prononce<\/strong>. Mais la vie r\u00e9serve parfois des surprises. Tout bascule le jour o\u00f9 Michel Racine retrouve Ditte, une femme qu\u2019il a aim\u00e9e de toute son \u00e2me. En secret. D\u00e8s lors, la donne va changer. Le \u00ab\u00a0pr\u00e9sident \u00e0 deux chiffres\u00a0\u00bb va-t-il ou non s\u2019humaniser? <\/p>\n<p>Avocats, juges et procureurs : une d\u00e9fense commune de l\u2019\u00c9tat de droit <\/p>\n<p>Pour <a href=\"https:\/\/www.linkedin.com\/in\/b%C3%A9atrice-tribott%C3%A9-043aba1a6\/\" rel=\"noopener\" target=\"_blank\">B\u00e9atrice Tribotte<\/a>, directrice territoriale adjointe de la<strong> Protection judiciaire de la jeunesse (PJJ)<\/strong>, ce festival sera, esp\u00e8re-t-elle, l\u2019occasion de \u00ab\u00a0sensibiliser les plus jeunes \u00e0 l\u2019esprit critique\u00a0\u00bb, car \u00ab\u00a0certains mineurs sont parfois impliqu\u00e9s sans avoir pour autant de repr\u00e9sentation du syst\u00e8me judiciaire global\u00a0\u00bb.<\/p>\n<p>Pour la b\u00e2tonni\u00e8re de Marseille, <a href=\"https:\/\/www.linkedin.com\/in\/marie-dominique-poinso-6602321a1\/\" rel=\"noopener\" target=\"_blank\">Marie-Dominique Poinso-Pourtal<\/a>, le festival \u00ab\u00a0est l\u2019occasion offerte d\u2019aller dans les lyc\u00e9es et de combattre les id\u00e9es re\u00e7ues\u00a0\u00bb, de dire aussi que \u00ab\u00a0nous participons tous \u00e0 la d\u00e9fense de l\u2019\u00c9tat de droit : juges, procureurs et avocats\u00a0\u00bb. Le vice-b\u00e2tonnier, <a href=\"https:\/\/www.linkedin.com\/in\/jean-michel-ollier-792a4773\/\" rel=\"noopener\" target=\"_blank\">Jean-Michel Ollier<\/a>, salue pour sa part \u00ab\u00a0une magnifique passerelle entre le monde de la culture et le monde judiciaire\u00a0\u00bb.\u00a0 <\/p>\n<p> L\u2019espoir de susciter des vocations judiciaires <\/p>\n<p>Pour Didier Tarizzo, repr\u00e9sentant de l\u2019Union des cin\u00e9mas du sud de la France, il convient de ne pas oublier les \u00ab\u00a0deux fondamentaux que sont l\u2019\u00e9ducation \u00e0 l\u2019image et l\u2019\u00e9change\u00a0\u00bb. <\/p>\n<p>\u00ab\u00a0J\u2019esp\u00e8re que cela suscitera aussi des vocations\u00a0\u00bb, insiste le vice-b\u00e2tonnier Ollier, tant il est vrai qu\u2019il n\u2019est de meilleure mani\u00e8re de <strong>d\u00e9couvrir un m\u00e9tier<\/strong> que d\u2019aller \u00e0 la rencontre de celui-ci et d\u2019\u00e9changer avec ceux qui le pratiquent au quotidien.<\/p>\n","protected":false},"excerpt":{"rendered":"Huit films, huit cin\u00e9mas, 8 \u20ac\u2026 Cette diagonale des \u00ab\u00a0huit\u00a0\u00bb est \u00e0 coup s\u00fbr le meilleur pr\u00e9sage pour&hellip;\n","protected":false},"author":2,"featured_media":436237,"comment_status":"","ping_status":"","sticky":false,"template":"","format":"standard","meta":{"footnotes":""},"categories":[2814],"tags":[1111,11,3694,16658,1777,674,56367,2081,1011,27,8639,6194,884,12,15728,3091,882,25],"class_list":{"0":"post-436236","1":"post","2":"type-post","3":"status-publish","4":"format-standard","5":"has-post-thumbnail","7":"category-marseille","8":"tag-actu","9":"tag-actualites","10":"tag-affaires","11":"tag-avocats","12":"tag-eu","13":"tag-europe","14":"tag-festival-film","15":"tag-film","16":"tag-fr","17":"tag-france","18":"tag-judiciaire","19":"tag-magistrats","20":"tag-marseille","21":"tag-news","22":"tag-nicolas-bessone","23":"tag-nicolas-sarkozy","24":"tag-provence-alpes-cote-dazur","25":"tag-republique-francaise"},"share_on_mastodon":{"url":"https:\/\/pubeurope.com\/@fr\/115310423714552361","error":""},"_links":{"self":[{"href":"https:\/\/www.europesays.com\/fr\/wp-json\/wp\/v2\/posts\/436236","targetHints":{"allow":["GET"]}}],"collection":[{"href":"https:\/\/www.europesays.com\/fr\/wp-json\/wp\/v2\/posts"}],"about":[{"href":"https:\/\/www.europesays.com\/fr\/wp-json\/wp\/v2\/types\/post"}],"author":[{"embeddable":true,"href":"https:\/\/www.europesays.com\/fr\/wp-json\/wp\/v2\/users\/2"}],"replies":[{"embeddable":true,"href":"https:\/\/www.europesays.com\/fr\/wp-json\/wp\/v2\/comments?post=436236"}],"version-history":[{"count":0,"href":"https:\/\/www.europesays.com\/fr\/wp-json\/wp\/v2\/posts\/436236\/revisions"}],"wp:featuredmedia":[{"embeddable":true,"href":"https:\/\/www.europesays.com\/fr\/wp-json\/wp\/v2\/media\/436237"}],"wp:attachment":[{"href":"https:\/\/www.europesays.com\/fr\/wp-json\/wp\/v2\/media?parent=436236"}],"wp:term":[{"taxonomy":"category","embeddable":true,"href":"https:\/\/www.europesays.com\/fr\/wp-json\/wp\/v2\/categories?post=436236"},{"taxonomy":"post_tag","embeddable":true,"href":"https:\/\/www.europesays.com\/fr\/wp-json\/wp\/v2\/tags?post=436236"}],"curies":[{"name":"wp","href":"https:\/\/api.w.org\/{rel}","templated":true}]}}