{"id":436238,"date":"2025-10-03T13:16:15","date_gmt":"2025-10-03T13:16:15","guid":{"rendered":"https:\/\/www.europesays.com\/fr\/436238\/"},"modified":"2025-10-03T13:16:15","modified_gmt":"2025-10-03T13:16:15","slug":"nathalie-perrin-gilbert-precise-la-gratuite-des-tcl-et-fait-une-annonce","status":"publish","type":"post","link":"https:\/\/www.europesays.com\/fr\/436238\/","title":{"rendered":"Nathalie Perrin-Gilbert pr\u00e9cise la gratuit\u00e9 des TCL et fait une annonce"},"content":{"rendered":"<p>            Par<br \/>\n        <strong><br \/>\n            <a href=\"https:\/\/actu.fr\/auteur\/nicolas-zaugra\" title=\"Consulter tous les articles de Nicolas Zaugra\" target=\"_blank\" rel=\"noopener\">Nicolas Zaugra<\/a><br \/>\n        <\/strong><\/p>\n<p>        Publi\u00e9 le<\/p>\n<p>            3 oct. 2025 \u00e0 14h02        <\/p>\n<p>L\u2019ancienne adjointe \u00e0 la Culture de Gr\u00e9gory Doucet <a href=\"https:\/\/actu.fr\/auvergne-rhone-alpes\/lyon_69123\/lyon-municipales-nathalie-perrin-gilbert-devoile-son-grand-projet-pour-ce-lieu-ferme-depuis-18-ans_62826172.html\" target=\"_blank\" rel=\"noopener\">Nathalie Perrin-Gilbert<\/a> continue sa campagne pour les <a href=\"https:\/\/actu.fr\/tag\/municipales-2026\" target=\"_blank\" rel=\"noopener\">municipales 2026<\/a> \u00e0 <a href=\"https:\/\/actu.fr\/auvergne-rhone-alpes\/lyon_69123\" target=\"_blank\" rel=\"noopener\">Lyon<\/a>. La candidate ind\u00e9pendante de gauche poursuit ses propositions, critique le bilan de son ancien alli\u00e9 \u00e9cologiste quelle n\u2019exclut toutefois pas de rejoindre \u00e0 nouveau et tape sur <a href=\"https:\/\/actu.fr\/auvergne-rhone-alpes\/lyon_69123\/lyon-municipales-2026-jean-michel-aulas-cogne-sur-gregory-doucet-de-premieres-promesses-devoilees_63222770.html\" target=\"_blank\" rel=\"noopener\">Jean-Michel Aulas<\/a> d\u00e9sormais candidat. Invit\u00e9e jeudi 2 octobre 2025 de BFM Lyon en partenariat avec actu Lyon, elle a aussi r\u00e9v\u00e9l\u00e9 qu\u2019elle sera <strong>candidate dans le 4e arrondissement<\/strong>. Parmi l\u2019une des propositions phares, la <a href=\"https:\/\/actu.fr\/auvergne-rhone-alpes\/lyon_69123\/lyon-nathalie-perrin-gilbert-lance-de-premieres-idees-je-propose-la-gratuite-des-tcl_62163781.html\" target=\"_blank\" rel=\"noopener\">gratuit\u00e9 des TCL<\/a>, mesure qu\u2019elle a pr\u00e9cis\u00e9 et d\u00e9fendu.<\/p>\n<p>D\u2019abord une gratuit\u00e9 des TCL pour les s\u00e9niors<\/p>\n<p class=\" wall-content\">La candidate qui pr\u00e9sentera aussi des listes avec son mouvement Lyon en commun dans des circonscriptions m\u00e9tropolitaines a d\u00e9fendu sa proposition de gratuit\u00e9 des transports en commun. Nathalie Perrin-Gilbert propose un \u00ab\u00a0chemin vers la gratuit\u00e9\u00a0\u00bb. Selon elle, la gratuit\u00e9 totale du r\u00e9seau TCL \u00ab\u00a0ne pourra pas \u00eatre atteinte du jour au lendemain\u00a0\u00bb.\u00a0<\/p>\n<p class=\" wall-content\">Elle affirme que la gratuit\u00e9 compl\u00e8te mise en place \u00e0 Montpellier est une \u00ab\u00a0r\u00e9ussite\u00a0\u00bb malgr\u00e9 le rapport tr\u00e8s critique de la Cour des Comptes sur le dispositif.\u00a0<\/p>\n<p class=\" wall-content\">La conseill\u00e8re municipale et m\u00e9tropolitaine promet d\u2019abord la <strong>gratuit\u00e9 pour les s\u00e9niors de plus de 65 ans<\/strong> pour \u00ab\u00a0redonner de la mobilit\u00e9 aux a\u00een\u00e9s qui ont du mal \u00e0 prendre le v\u00e9lo ou m\u00eame marcher avec les travaux\u00a0\u00bb.\u00a0<\/p>\n<p class=\" wall-content\">\n<p>Vers une gratuit\u00e9 dans certains cas<\/p>\n<p class=\" wall-content\">Son programme d\u00e9fend aussi une gratuit\u00e9 dans certains cas : durant les pics de canicule, les pics de pollution et \u00ab\u00a0pendant les week-end de d\u00e9cembre et en juin pour tester cette mise en gratuit\u00e9\u00a0\u00bb.\u00a0<\/p>\n<p class=\" wall-content\">Nathalie Perrin-Gilbert n\u2019a toutefois pas d\u00e9taill\u00e9 le mode de financement et le co\u00fbt d\u2019une telle mesure propos\u00e9e dans un tout autre registre par Jean-Michel Aulas qui d\u00e9fend une g\u00e9n\u00e9ralisation de la gratuit\u00e9 pour les <a href=\"https:\/\/actu.fr\/auvergne-rhone-alpes\/lyon_69123\/lyon-municipales-2026-jean-michel-aulas-propose-d-etendre-la-gratuite-des-tcl-aux-lyonnais_62732394.html\" target=\"_blank\" rel=\"noopener\">Lyonnais gagnant moins de 2 500 euros<\/a> et les <a href=\"https:\/\/actu.fr\/auvergne-rhone-alpes\/lyon_69123\/municipales-2026-a-lyon-jean-michel-aulas-veut-encore-etendre-la-gratuite-des-tcl_63225145.html\" target=\"_blank\" rel=\"noopener\">familles monoparentales<\/a>.\u00a0<\/p>\n<p>Votre r\u00e9gion, votre actu !<\/p>\n<p>Recevez chaque jour les infos qui comptent pour vous.<\/p>\n<p>\t<a href=\"https:\/\/actu.fr\/newsletter\" class=\"ac-btn ac-btn--corner ac-btn--medium ac-btn--blue800\" target=\"_blank\" rel=\"noopener\">S&rsquo;incrire<\/a><br \/>\nPas d\u2019alliance avec Aulas, plus jamais adjointe de Gr\u00e9gory Doucet<\/p>\n<p class=\" wall-content\">Selon elle, Jean-Michel Aulas est le candidat de la \u00ab\u00a0droite\u00a0\u00bb qu\u2019elle qualifie \u00ab\u00a0d\u2019adversaire\u00a0\u00bb. \u00ab\u00a0Ce que je mets de c\u00f4t\u00e9 c\u2019est un accord avec M. Aulas qui est soutenu par <a href=\"https:\/\/actu.fr\/auvergne-rhone-alpes\/lyon_69123\/municipales-2026-a-lyon-laurent-wauquiez-annonce-son-soutien-a-jean-michel-aulas_63116145.html\" target=\"_blank\" rel=\"noopener\">Laurent Wauquiez<\/a> et Nicolas Sarkozy\u00a0\u00bb. \u00ab\u00a0Il est un adversaire politique alors que Gr\u00e9gory Doucet est un concurrent, je le place \u00e0 gauche m\u00eame si on a des choses \u00e0 d\u00e9battre\u00a0\u00bb.\u00a0<\/p>\n<p class=\" wall-content\">Quant \u00e0 Gr\u00e9gory Doucet, si elle est critique sur son bilan et ses actions, elle n\u2019exclut pas d\u2019alliance de second tour si elle est qualifi\u00e9e ou d\u2019appel au vote. Une chose est certaine, elle ne souhaite plus \u00eatre l\u2019adjointe au maire de l\u2019\u00e9cologiste. \u00ab\u00a0Je ne me destine pas demain \u00e0 \u00eatre adjointe de M. Doucet s\u2019il gagne l\u2019\u00e9lection, je ne serai plus son adjointe\u00a0\u00bb.\u00a0<\/p>\n<p class=\" wall-content\">\n<p class=\" wall-content\">Un dilemme attend la candidate : la place de LFI d\u2019ici le second tour. En cas d\u2019alliance LFI-Doucet au second tour, Nathalie Perrin-Gilbert n\u2019est pas emball\u00e9e \u00e0 une alliance avec le maire de Lyon. Selon nos informations, elle regrette les derni\u00e8res orientations du mouvement de Jean Luc M\u00e9lenchon.<\/p>\n<p class=\" wall-content\">Personnalisez votre actualit\u00e9 en ajoutant vos villes et m\u00e9dias en favori avec <a href=\"https:\/\/moncompte.actu.fr\" title=\"D\u00e9couvez Mon Actu\" rel=\"nofollow noopener\" data-trk=\"{&quot;cta&quot;:{&quot;action&quot;:&quot;https:\\\/\\\/moncompte.actu.fr&quot;,&quot;category&quot;:&quot;mon compte&quot;,&quot;from&quot;:&quot;article footer&quot;,&quot;name&quot;:&quot;Mon actu&quot;,&quot;type&quot;:&quot;cta&quot;}}\" target=\"_blank\">Mon Actu<\/a>.<\/p>\n","protected":false},"excerpt":{"rendered":"Par Nicolas Zaugra Publi\u00e9 le 3 oct. 2025 \u00e0 14h02 L\u2019ancienne adjointe \u00e0 la Culture de Gr\u00e9gory Doucet&hellip;\n","protected":false},"author":2,"featured_media":436239,"comment_status":"","ping_status":"","sticky":false,"template":"","format":"standard","meta":{"footnotes":""},"categories":[1889],"tags":[1111,11,2430,4188,1777,674,1011,27,5226,2428,3434,12,316,25,5787],"class_list":{"0":"post-436238","1":"post","2":"type-post","3":"status-publish","4":"format-standard","5":"has-post-thumbnail","7":"category-lyon","8":"tag-actu","9":"tag-actualites","10":"tag-auvergne-rhone-alpes","11":"tag-elections-municipales","12":"tag-eu","13":"tag-europe","14":"tag-fr","15":"tag-france","16":"tag-gregory-doucet","17":"tag-lyon","18":"tag-municipales-2026","19":"tag-news","20":"tag-politique","21":"tag-republique-francaise","22":"tag-transports-en-commun-lyonnais-tcl"},"share_on_mastodon":{"url":"https:\/\/pubeurope.com\/@fr\/115310427422791776","error":""},"_links":{"self":[{"href":"https:\/\/www.europesays.com\/fr\/wp-json\/wp\/v2\/posts\/436238","targetHints":{"allow":["GET"]}}],"collection":[{"href":"https:\/\/www.europesays.com\/fr\/wp-json\/wp\/v2\/posts"}],"about":[{"href":"https:\/\/www.europesays.com\/fr\/wp-json\/wp\/v2\/types\/post"}],"author":[{"embeddable":true,"href":"https:\/\/www.europesays.com\/fr\/wp-json\/wp\/v2\/users\/2"}],"replies":[{"embeddable":true,"href":"https:\/\/www.europesays.com\/fr\/wp-json\/wp\/v2\/comments?post=436238"}],"version-history":[{"count":0,"href":"https:\/\/www.europesays.com\/fr\/wp-json\/wp\/v2\/posts\/436238\/revisions"}],"wp:featuredmedia":[{"embeddable":true,"href":"https:\/\/www.europesays.com\/fr\/wp-json\/wp\/v2\/media\/436239"}],"wp:attachment":[{"href":"https:\/\/www.europesays.com\/fr\/wp-json\/wp\/v2\/media?parent=436238"}],"wp:term":[{"taxonomy":"category","embeddable":true,"href":"https:\/\/www.europesays.com\/fr\/wp-json\/wp\/v2\/categories?post=436238"},{"taxonomy":"post_tag","embeddable":true,"href":"https:\/\/www.europesays.com\/fr\/wp-json\/wp\/v2\/tags?post=436238"}],"curies":[{"name":"wp","href":"https:\/\/api.w.org\/{rel}","templated":true}]}}