{"id":436244,"date":"2025-10-03T13:19:23","date_gmt":"2025-10-03T13:19:23","guid":{"rendered":"https:\/\/www.europesays.com\/fr\/436244\/"},"modified":"2025-10-03T13:19:23","modified_gmt":"2025-10-03T13:19:23","slug":"focus-sur-les-6-laureats-du-nord-de-france","status":"publish","type":"post","link":"https:\/\/www.europesays.com\/fr\/436244\/","title":{"rendered":"focus sur les 6 laur\u00e9ats du Nord de France"},"content":{"rendered":"<p lang=\"FR-FR\" paraeid=\"{0d5b9e1c-76c4-4b4a-8b45-9093a0af39c0}{91}\" paraid=\"184172628\" xml:lang=\"FR-FR\">A l\u2019occasion de la 33\u00e8me \u00e9dition du Prix EY de l\u2019Entrepreneur de l\u2019Ann\u00e9e, pour la r\u00e9gion Nord de France, qui rassemble chez EY, les Hauts-de France, la Basse Normandie, l\u2019Oise et la Champagne, six parcours entrepreneuriaux ont \u00e9t\u00e9 r\u00e9compens\u00e9s hier, face \u00e0 plus de 400 dirigeants, \u00e0 l\u2019Universit\u00e9 Catholique de Lille. Parmi eux, Alexandra Dumont Nubery et Cosimo Prete ont respectivement re\u00e7u le Prix de l\u2019Entrepreneur de l\u2019Ann\u00e9e et le Prix de la Scale-up de l\u2019Ann\u00e9e. Une telle distinction vise \u00e0 soutenir, valoriser et c\u00e9l\u00e9brer les initiatives entrepreneuriales territoriales. Ce prix met ainsi en avant des femmes et des hommes, de toutes les r\u00e9gions fran\u00e7aises (Auvergne-Rh\u00f4ne-Alpes, Est, Ile-de-France, Nord de France, Nouvelle-Aquitaine, Ouest, Sud-Est et Occitanie), consid\u00e9r\u00e9s comme \u00e9tant des dirigeants aussi audacieux que visionnaires. \u00a0<\/p>\n<p lang=\"FR-FR\" paraeid=\"{0b2e63ce-e4cd-4959-9997-508472c413be}{69}\" paraid=\"1338876485\" xml:lang=\"FR-FR\">Dans la r\u00e9gion du Nord de France, les parcours entrepreneuriaux qui ont \u00e9t\u00e9 salu\u00e9s cette ann\u00e9e sont les suivants : \u00a0<\/p>\n<p paraeid=\"{84ba01d6-f77f-4507-ac4c-bdbd8bb011a5}{83}\" paraid=\"977353742\">\u00a0\u00a0<\/p>\n<ul role=\"list\" class=\"bullet-list\">\n<li aria-setsize=\"-1\" data-aria-level=\"1\" data-aria-posinset=\"1\" data-font=\"Symbol\" data-leveltext=\"\u00b7\" data-list-defn-props=\"{&quot;335552541&quot;:1,&quot;335559685&quot;:720,&quot;335559991&quot;:360,&quot;469769226&quot;:&quot;Symbol&quot;,&quot;469769242&quot;:[8226],&quot;469777803&quot;:&quot;left&quot;,&quot;469777804&quot;:&quot;\u00b7&quot;,&quot;469777815&quot;:&quot;hybridMultilevel&quot;}\" data-listid=\"1\" role=\"listitem\">\n<p paraeid=\"{84ba01d6-f77f-4507-ac4c-bdbd8bb011a5}{91}\" paraid=\"212592340\">Le Prix de l\u2019Entrepreneur de l\u2019Ann\u00e9e Nord de France a \u00e9t\u00e9 d\u00e9cern\u00e9 \u00e0 Alexandra Dumont Nubery pour Lebronze Alloys, groupe industriel sp\u00e9cialis\u00e9 dans la production de produits semi-finis et finis en alliages techniques de cuivre et de nickel ;\u00a0<\/p>\n<\/li>\n<\/ul>\n<ul role=\"list\" class=\"bullet-list\">\n<li aria-setsize=\"-1\" data-aria-level=\"1\" data-aria-posinset=\"2\" data-font=\"Symbol\" data-leveltext=\"\u00b7\" data-list-defn-props=\"{&quot;335552541&quot;:1,&quot;335559685&quot;:720,&quot;335559991&quot;:360,&quot;469769226&quot;:&quot;Symbol&quot;,&quot;469769242&quot;:[8226],&quot;469777803&quot;:&quot;left&quot;,&quot;469777804&quot;:&quot;\u00b7&quot;,&quot;469777815&quot;:&quot;hybridMultilevel&quot;}\" data-listid=\"1\" role=\"listitem\">\n<p paraeid=\"{84ba01d6-f77f-4507-ac4c-bdbd8bb011a5}{110}\" paraid=\"915042930\">Le Prix de l\u2019Entreprise\u00a0Familiale Nord de France a \u00e9t\u00e9 d\u00e9cern\u00e9 \u00e0 Pierre-Henri Coo pour R\u00e9seau Vitalis, le premier r\u00e9seau priv\u00e9 fran\u00e7ais, expert du n\u00e9goce et du conditionnement des pommes de terre, oignons et condiments ;\u00a0<\/p>\n<\/li>\n<\/ul>\n<ul role=\"list\" class=\"bullet-list\">\n<li aria-setsize=\"-1\" data-aria-level=\"1\" data-aria-posinset=\"3\" data-font=\"Symbol\" data-leveltext=\"\u00b7\" data-list-defn-props=\"{&quot;335552541&quot;:1,&quot;335559685&quot;:720,&quot;335559991&quot;:360,&quot;469769226&quot;:&quot;Symbol&quot;,&quot;469769242&quot;:[8226],&quot;469777803&quot;:&quot;left&quot;,&quot;469777804&quot;:&quot;\u00b7&quot;,&quot;469777815&quot;:&quot;hybridMultilevel&quot;}\" data-listid=\"1\" role=\"listitem\">\n<p paraeid=\"{84ba01d6-f77f-4507-ac4c-bdbd8bb011a5}{121}\" paraid=\"516161773\">Le Prix de la Scale-Up de l\u2019Ann\u00e9e Nord de France a \u00e9t\u00e9 d\u00e9cern\u00e9 \u00e0 Cosimo Prete pour CST \u2013 Crime Science Technology, qui d\u00e9veloppe et commercialise des \u00e9l\u00e9ments de s\u00e9curit\u00e9 pour les documents d&rsquo;identit\u00e9 et les billets de banque ainsi que des proc\u00e9d\u00e9s novateurs pour la r\u00e9v\u00e9lation des traces et indices n\u00e9cessaires \u00e0 l\u2019identification des criminels ;\u00a0<\/p>\n<\/li>\n<\/ul>\n<ul role=\"list\" class=\"bullet-list\">\n<li aria-setsize=\"-1\" data-aria-level=\"1\" data-aria-posinset=\"4\" data-font=\"Symbol\" data-leveltext=\"\u00b7\" data-list-defn-props=\"{&quot;335552541&quot;:1,&quot;335559685&quot;:720,&quot;335559991&quot;:360,&quot;469769226&quot;:&quot;Symbol&quot;,&quot;469769242&quot;:[8226],&quot;469777803&quot;:&quot;left&quot;,&quot;469777804&quot;:&quot;\u00b7&quot;,&quot;469777815&quot;:&quot;hybridMultilevel&quot;}\" data-listid=\"1\" role=\"listitem\">\n<p paraeid=\"{84ba01d6-f77f-4507-ac4c-bdbd8bb011a5}{132}\" paraid=\"1072554005\">Le Prix de la Start-Up de l\u2019Ann\u00e9e Nord de France a \u00e9t\u00e9 d\u00e9cern\u00e9 \u00e0 Maxime Tr\u00e8ves pour Battri, qui permet de recycler, comme son nom l\u2019indique, des batteries ;\u00a0<\/p>\n<\/li>\n<\/ul>\n<ul role=\"list\" class=\"bullet-list\">\n<li aria-setsize=\"-1\" data-aria-level=\"1\" data-aria-posinset=\"5\" data-font=\"Symbol\" data-leveltext=\"\u00b7\" data-list-defn-props=\"{&quot;335552541&quot;:1,&quot;335559685&quot;:720,&quot;335559991&quot;:360,&quot;469769226&quot;:&quot;Symbol&quot;,&quot;469769242&quot;:[8226],&quot;469777803&quot;:&quot;left&quot;,&quot;469777804&quot;:&quot;\u00b7&quot;,&quot;469777815&quot;:&quot;hybridMultilevel&quot;}\" data-listid=\"1\" role=\"listitem\">\n<p paraeid=\"{84ba01d6-f77f-4507-ac4c-bdbd8bb011a5}{143}\" paraid=\"2086591800\">Le Prix de l\u2019Engagement Soci\u00e9tal Nord de France a \u00e9t\u00e9 d\u00e9cern\u00e9 \u00e0 Tim Deguette pour <a href=\"https:\/\/bigmedia.bpifrance.fr\/nos-actualites\/solly-de-linnovation-solidaire-a-la-reconnaissance-nationale\" rel=\"noreferrer noopener nofollow\" target=\"_blank\">Solly<\/a>, un site qui facilite les dons aux plus d\u00e9munis ;\u00a0<\/p>\n<\/li>\n<\/ul>\n<p paraeid=\"{84ba01d6-f77f-4507-ac4c-bdbd8bb011a5}{165}\" paraid=\"1757021000\">\u00a0<\/p>\n<p>\u201cLes entrepreneurs continuent de b\u00e2tir avec confiance\u201d\u00a0<\/p>\n<p paraeid=\"{84ba01d6-f77f-4507-ac4c-bdbd8bb011a5}{226}\" paraid=\"1290044085\">\u201c Depuis 33 ans, nous c\u00e9l\u00e9brons celles et ceux qui osent, cr\u00e9ent et transforment. Dans un monde en perp\u00e9tuel mouvement, les entrepreneurs continuent de b\u00e2tir avec confiance et d\u00e9termination. Ils innovent, s\u2019adaptent et portent haut les couleurs du <a href=\"https:\/\/bigmedia.bpifrance.fr\/nos-actualites\/made-france-les-etapes-cles-pour-lancer-sa-marque\" rel=\"noreferrer noopener nofollow\" target=\"_blank\">made in France<\/a>. Avec cette nouvelle \u00e9dition du Prix EY de l\u2019Entrepreneur de l\u2019Ann\u00e9e, nous honorons leur vision, leur engagement et leur capacit\u00e9 \u00e0 fa\u00e7onner un futur plus performant, plus responsable et plus ambitieux. Nos nouveaux laur\u00e9ats r\u00e9gionaux sont la preuve de la transformation quotidienne, de l\u2019innovation, de la t\u00e9nacit\u00e9 ainsi que de l\u2019engagement social et environnemental d\u00e9ploy\u00e9s au niveau local \u201d, a comment\u00e9 Mathieu Jaud de la Jousselini\u00e8re, associ\u00e9 EY, Responsable\u00a0de la r\u00e9gion\u00a0Nord de France.\u00a0<\/p>\n<p lang=\"FR-FR\" paraeid=\"{dbfb7f00-2842-4afe-a029-87305eaa47f9}{166}\" paraid=\"2145074939\" xml:lang=\"FR-FR\">Les laur\u00e9ats ainsi r\u00e9compens\u00e9s jeudi \u00e0 Lille se retrouveront ensuite \u00e0 Paris aux c\u00f4t\u00e9s de leurs homologues des autres r\u00e9gions pour\u00a0<a href=\"https:\/\/bigmedia.bpifrance.fr\/nos-actualites\/le-prix-de-lentrepreneur-de-lannee-decerne-a-leonard-forestier\" rel=\"noreferrer noopener nofollow\" target=\"_blank\">la grande finale<\/a>\u00a0du 13 octobre qui se d\u00e9roulera\u00a0au th\u00e9\u00e2tre du Ch\u00e2telet, \u00e0 Paris. \u00a0<\/p>\n<p lang=\"FR-FR\" paraeid=\"{0d5b9e1c-76c4-4b4a-8b45-9093a0af39c0}{82}\" paraid=\"1314413679\" xml:lang=\"FR-FR\">Pour l\u2019heure, ce Prix organis\u00e9 par EY, en partenariat avec Edmond de Rothschild, banque d\u2019investissement priv\u00e9e, Samsic, leader des services int\u00e9gr\u00e9s aux entreprises et Verlingue, courtier en assurances, et avec le soutien de Bpifrance, a d\u00e9j\u00e0 r\u00e9compens\u00e9 plus de 850 dirigeants en France. De quoi cr\u00e9er un joli r\u00e9seau\u00a0d&rsquo;excellence entrepreneuriale, fruit d\u2019une \u00e9mulation r\u00e9gionale, avec l\u2019objectif de faire \u00e9merger les leaders \u00e9conomiques engag\u00e9s de demain. \u00a0\u00a0<\/p>\n<p lang=\"FR-FR\" paraeid=\"{dbfb7f00-2842-4afe-a029-87305eaa47f9}{51}\" paraid=\"827548538\" xml:lang=\"FR-FR\">\u00a0<\/p>\n","protected":false},"excerpt":{"rendered":"A l\u2019occasion de la 33\u00e8me \u00e9dition du Prix EY de l\u2019Entrepreneur de l\u2019Ann\u00e9e, pour la r\u00e9gion Nord de&hellip;\n","protected":false},"author":2,"featured_media":436245,"comment_status":"","ping_status":"","sticky":false,"template":"","format":"standard","meta":{"footnotes":""},"categories":[1592],"tags":[1111,11,1777,674,1011,27,662,12,626,25],"class_list":{"0":"post-436244","1":"post","2":"type-post","3":"status-publish","4":"format-standard","5":"has-post-thumbnail","7":"category-ile-de-france","8":"tag-actu","9":"tag-actualites","10":"tag-eu","11":"tag-europe","12":"tag-fr","13":"tag-france","14":"tag-ile-de-france","15":"tag-news","16":"tag-paris","17":"tag-republique-francaise"},"share_on_mastodon":{"url":"https:\/\/pubeurope.com\/@fr\/115310438911535821","error":""},"_links":{"self":[{"href":"https:\/\/www.europesays.com\/fr\/wp-json\/wp\/v2\/posts\/436244","targetHints":{"allow":["GET"]}}],"collection":[{"href":"https:\/\/www.europesays.com\/fr\/wp-json\/wp\/v2\/posts"}],"about":[{"href":"https:\/\/www.europesays.com\/fr\/wp-json\/wp\/v2\/types\/post"}],"author":[{"embeddable":true,"href":"https:\/\/www.europesays.com\/fr\/wp-json\/wp\/v2\/users\/2"}],"replies":[{"embeddable":true,"href":"https:\/\/www.europesays.com\/fr\/wp-json\/wp\/v2\/comments?post=436244"}],"version-history":[{"count":0,"href":"https:\/\/www.europesays.com\/fr\/wp-json\/wp\/v2\/posts\/436244\/revisions"}],"wp:featuredmedia":[{"embeddable":true,"href":"https:\/\/www.europesays.com\/fr\/wp-json\/wp\/v2\/media\/436245"}],"wp:attachment":[{"href":"https:\/\/www.europesays.com\/fr\/wp-json\/wp\/v2\/media?parent=436244"}],"wp:term":[{"taxonomy":"category","embeddable":true,"href":"https:\/\/www.europesays.com\/fr\/wp-json\/wp\/v2\/categories?post=436244"},{"taxonomy":"post_tag","embeddable":true,"href":"https:\/\/www.europesays.com\/fr\/wp-json\/wp\/v2\/tags?post=436244"}],"curies":[{"name":"wp","href":"https:\/\/api.w.org\/{rel}","templated":true}]}}