{"id":436246,"date":"2025-10-03T13:20:20","date_gmt":"2025-10-03T13:20:20","guid":{"rendered":"https:\/\/www.europesays.com\/fr\/436246\/"},"modified":"2025-10-03T13:20:20","modified_gmt":"2025-10-03T13:20:20","slug":"plusieurs-des-470-militants-de-la-flottille-pour-gaza-interpelles-par-israel-ont-ete-expulses","status":"publish","type":"post","link":"https:\/\/www.europesays.com\/fr\/436246\/","title":{"rendered":"plusieurs des 470\u00a0militants de\u00a0la flottille pour Gaza interpell\u00e9s par Isra\u00ebl ont \u00e9t\u00e9 expuls\u00e9s"},"content":{"rendered":"<p>   Des dizaines de milliers d\u2019Europ\u00e9ens ont manifest\u00e9 leur soutien \u00e0 la flottille pour Gaza et aux Palestiniens             <\/p>\n<p class=\"post__live-container--answer-text post__space-node\">Des dizaines de milliers de personnes ont d\u00e9fil\u00e9 jeudi 2\u00a0octobre dans de nombreuses villes europ\u00e9ennes pour d\u00e9noncer l\u2019interception par les forces navales isra\u00e9liennes de la flottille d\u2019aide humanitaire \u00e0 destination de Gaza. Partout, un m\u00eame mot d\u2019ordre\u00a0: lib\u00e9rer la flottille, lib\u00e9rer la Palestine.<\/p>\n<p class=\"post__live-container--answer-text post__space-node\">En Italie, o\u00f9 les syndicats ont appel\u00e9 \u00e0 une gr\u00e8ve g\u00e9n\u00e9rale, plusieurs milliers de personnes ont protest\u00e9 contre la pr\u00e9sidente du conseil, Giorgia Meloni, accus\u00e9e de soutenir Isra\u00ebl. A Rome, des cort\u00e8ges se sont form\u00e9s aux abords du Colis\u00e9e, d\u00e9non\u00e7ant \u00ab\u00a0une machine g\u00e9nocidaire qui doit s\u2019arr\u00eater imm\u00e9diatement\u00a0\u00bb.<\/p>\n<p>                 <img decoding=\"async\" class=\"post__live-container--img post__space-node\"  src=\"https:\/\/www.europesays.com\/fr\/wp-content\/uploads\/2025\/10\/cc468a9_ftp-import-images-1-noc8jehri7wd-3377a9301e674b018128133cfaf23dc4-0-b750e759f93b410f8c429ac6.jpeg\" data- alt=\"Manifestants propalestiniens \u00e0 Turin, en Italie, le 2\u00a0octobre\u00a02025.\"\/>   Manifestants propalestiniens \u00e0 Turin, en Italie, le 2\u00a0octobre\u00a02025. GIULIO LAPONE \/ AP               <\/p>\n<p class=\"post__live-container--answer-text post__space-node\">A Barcelone, une foule brandissant des drapeaux palestiniens a converg\u00e9 vers la place des Drassanes, scandant \u00ab\u00a0Gaza, tu n\u2019es pas seul\u00a0\u00bb, \u00ab\u00a0Boycott Isra\u00ebl\u00a0\u00bb ou \u00ab\u00a0Libert\u00e9 pour la Palestine\u00a0\u00bb. A Bruxelles, environ 3\u00a0000\u00a0manifestants se sont rassembl\u00e9s devant le Parlement europ\u00e9en, d\u00e9ployant une banderole \u00ab\u00a0Naviguez vers Gaza et brisez le si\u00e8ge\u00a0\u00bb.<\/p>\n<p class=\"post__live-container--answer-text post__space-node\">En Irlande, des centaines de personnes ont d\u00e9fil\u00e9 devant le Parlement, \u00e0 Dublin. Certaines, comme Miriam McNally, m\u00e8re d\u2019une passag\u00e8re de la flottille, ont d\u00e9nonc\u00e9 un \u00ab\u00a0kidnapping ill\u00e9gal\u00a0\u00bb dans les eaux internationales.<br \/>A La\u00a0Haye, la police anti\u00e9meute a dispers\u00e9 les manifestants du minist\u00e8re des affaires \u00e9trang\u00e8res, mais certains ont envahi les rails de la gare centrale, interrompant le trafic ferroviaire.<\/p>\n<p>                 <img decoding=\"async\" class=\"post__live-container--img post__space-node\"  src=\"https:\/\/www.europesays.com\/fr\/wp-content\/uploads\/2025\/10\/073399b_ftp-import-images-1-f1lzy8qbw3nu-5063540-01-06.jpg\" data- alt=\"Un manifestant brandit un drapeau palestinien \u00e0 Bruxelles, le 2\u00a0octobre 2025.\"\/>   Un manifestant brandit un drapeau palestinien \u00e0 Bruxelles, le 2\u00a0octobre 2025. EMILE WINDAL \/ AFP               <\/p>\n<p class=\"post__live-container--answer-text post__space-node\">En Suisse, 3\u00a0000 manifestants ont d\u00e9fil\u00e9 \u00e0 Gen\u00e8ve, certains affrontant bri\u00e8vement la police et d\u00e9ployant un immense drapeau palestinien.<\/p>\n<p class=\"post__live-container--answer-text post__space-node\">En France, des mobilisations ont eu lieu \u00e0 Paris, Marseille, Lille, Grenoble, Lyon et Rennes.<\/p>\n<p class=\"post__live-container--answer-text post__space-node\">Enfin, la contestation s\u2019est \u00e9tendue hors d\u2019Europe\u00a0: en Malaisie, des dizaines de manifestants se sont regroup\u00e9s devant l\u2019ambassade am\u00e9ricaine \u00e0 Kuala Lumpur, d\u00e9non\u00e7ant une op\u00e9ration qualifi\u00e9e d\u2019inhumaine.<\/p>\n","protected":false},"excerpt":{"rendered":"Des dizaines de milliers d\u2019Europ\u00e9ens ont manifest\u00e9 leur soutien \u00e0 la flottille pour Gaza et aux Palestiniens Des&hellip;\n","protected":false},"author":2,"featured_media":436247,"comment_status":"","ping_status":"","sticky":false,"template":"","format":"standard","meta":{"footnotes":""},"categories":[1888],"tags":[1111,1928,11,1927,1777,674,1011,27,12,1926,626,1925,25],"class_list":{"0":"post-436246","1":"post","2":"type-post","3":"status-publish","4":"format-standard","5":"has-post-thumbnail","7":"category-paris","8":"tag-actu","9":"tag-actu-paris","10":"tag-actualites","11":"tag-actualites-paris","12":"tag-eu","13":"tag-europe","14":"tag-fr","15":"tag-france","16":"tag-news","17":"tag-news-paris","18":"tag-paris","19":"tag-paris-news","20":"tag-republique-francaise"},"share_on_mastodon":{"url":"https:\/\/pubeurope.com\/@fr\/115310443026075337","error":""},"_links":{"self":[{"href":"https:\/\/www.europesays.com\/fr\/wp-json\/wp\/v2\/posts\/436246","targetHints":{"allow":["GET"]}}],"collection":[{"href":"https:\/\/www.europesays.com\/fr\/wp-json\/wp\/v2\/posts"}],"about":[{"href":"https:\/\/www.europesays.com\/fr\/wp-json\/wp\/v2\/types\/post"}],"author":[{"embeddable":true,"href":"https:\/\/www.europesays.com\/fr\/wp-json\/wp\/v2\/users\/2"}],"replies":[{"embeddable":true,"href":"https:\/\/www.europesays.com\/fr\/wp-json\/wp\/v2\/comments?post=436246"}],"version-history":[{"count":0,"href":"https:\/\/www.europesays.com\/fr\/wp-json\/wp\/v2\/posts\/436246\/revisions"}],"wp:featuredmedia":[{"embeddable":true,"href":"https:\/\/www.europesays.com\/fr\/wp-json\/wp\/v2\/media\/436247"}],"wp:attachment":[{"href":"https:\/\/www.europesays.com\/fr\/wp-json\/wp\/v2\/media?parent=436246"}],"wp:term":[{"taxonomy":"category","embeddable":true,"href":"https:\/\/www.europesays.com\/fr\/wp-json\/wp\/v2\/categories?post=436246"},{"taxonomy":"post_tag","embeddable":true,"href":"https:\/\/www.europesays.com\/fr\/wp-json\/wp\/v2\/tags?post=436246"}],"curies":[{"name":"wp","href":"https:\/\/api.w.org\/{rel}","templated":true}]}}