{"id":436248,"date":"2025-10-03T13:21:15","date_gmt":"2025-10-03T13:21:15","guid":{"rendered":"https:\/\/www.europesays.com\/fr\/436248\/"},"modified":"2025-10-03T13:21:15","modified_gmt":"2025-10-03T13:21:15","slug":"ecoscores-la-convergence-des-methodes-francaise-et-europeenne-debattue-a-paris-le-22-octobre","status":"publish","type":"post","link":"https:\/\/www.europesays.com\/fr\/436248\/","title":{"rendered":"\u00c9coscores: la convergence des m\u00e9thodes fran\u00e7aise et europ\u00e9enne d\u00e9battue \u00e0 Paris le 22 octobre"},"content":{"rendered":"<p>\n                                    <b>Publi\u00e9 le<\/b><br \/>\n                                    <\/p>\n<p>                                        3 octobre 2025<\/p>\n<p class=\"article-content col-md-8 offset-md-1\">\n                                Au calendrier de la fili\u00e8re du textile-habillement, le 22 octobre fera date. Les porteurs de l\u2019affichage environnemental fran\u00e7ais (AEF) et ceux du calcul d\u2019empreinte environnementale (PEF) europ\u00e9en se rencontreront \u00e0 La D\u00e9fense pour aborder la convergence de leurs deux m\u00e9thodes. Une convergence des durabilit\u00e9s physiques et non physiques des v\u00eatements qui n\u2019en finit de diviser la fili\u00e8re, et qui pourrait d\u00e9terminer le passage \u00e0 un affichage obligatoire.<\/p>\n<p><img decoding=\"async\" class=\"news-image\" style=\"width:100%;\" src=\"https:\/\/www.europesays.com\/fr\/wp-content\/uploads\/2025\/10\/5ff1.jpg\" alt=\"Au premier plan, l'affichage environnemental fran\u00e7ais d\u00e9ployable de fa\u00e7on volontaire depuis le 1e octobre 2025\" loading=\"lazy\"\/>Au premier plan, l&rsquo;affichage environnemental fran\u00e7ais d\u00e9ployable de fa\u00e7on volontaire depuis le 1e octobre 2025 &#8211; FNW\/Shutterstock<\/p>\n<p>Selon les informations de FashionNetwork.com, cette rencontre prendra la forme de table-rondes, et il s\u2019agira des premiers \u00e9changes sp\u00e9cifiquement tourn\u00e9s vers la convergence des m\u00e9thodes de calculs d\u2019impact fran\u00e7aises et europ\u00e9ennes. Les deux \u00e9quipes ne sont cependant pas \u00e9trang\u00e8res, le Commissariat g\u00e9n\u00e9ral fran\u00e7ais au d\u00e9veloppement durable (CGDD) en charge de l\u2019AEF si\u00e9geant au secr\u00e9tariat technique du PEF.<\/p>\n<p>Cette rencontre interviendra quelques jours apr\u00e8s le lancement officiel, au 1er octobre, <a href=\"https:\/\/fr.fashionnetwork.com\/news\/L-affichage-environnemental-pour-l-habillement-entre-en-vigueur-ce-1er-octobre,1769178.html#acne-studios\" target=\"_blank\" rel=\"noopener\">de l\u2019affichage environnemental fran\u00e7ais pour l\u2019habillement<\/a>. Un dispositif dont la loi pr\u00e9voit qu\u2019il a <a href=\"http:\/\/fr.fashionnetwork.com\/news\/Affichage-environnemental-qu-annonce-le-decret-d-application-publie-au-journal-officiel-,1762188.html#louis-vuitton\" target=\"_blank\" rel=\"noopener\">vocation \u00e0 devenir un jour obligatoire<\/a>. Mais le calendrier de cette \u00e9volution est d\u00e9sormais entour\u00e9 d\u2019inconnues, faute de stabilit\u00e9 gouvernementale.<\/p>\n<p class=\"col-md-8 offset-md-1 article-content--texte\">De sources minist\u00e9rielles, le passage \u00e0 un affichage obligatoire souffre d\u00e9sormais d\u2019une deuxi\u00e8me inconnue: ce passage se fera-t-il via la France, ou via l\u2019Union europ\u00e9enne ? C\u2019est la question qui se pose d\u00e9sormais au niveau national comme communautaire, avec de fortes implications en termes d\u2019obligations pour marques et distributeurs.<\/p>\n<p>Le PEF se diff\u00e9rencie de l\u2019AEF du fait qu\u2019il prend en compte la durabilit\u00e9 physique des produits, \u00e0 savoir leur r\u00e9sistance \u00e0 l\u2019usage et dans le temps. Le score fran\u00e7ais se focalise lui sur la durabilit\u00e9 dite extrins\u00e8que, ou non physique, correspondant aux m\u00e9thodes de production (distance, quantit\u00e9, proc\u00e9d\u00e9s\u2026). Un d\u00e9calage qui est depuis plusieurs mois <a href=\"https:\/\/fr.fashionnetwork.com\/news\/Affichage-environnemental-tensions-toujours-vives-a-la-veille-de-l-etape-europeenne,1702618.html\" target=\"_blank\" rel=\"noopener\">un sujet de vives tensions entre les f\u00e9d\u00e9rations fran\u00e7aises et le minist\u00e8re tricolore de la transition \u00e9cologique<\/a>.<\/p>\n<p>Et c\u2019est d\u2019ailleurs dans ce contexte de grogne que, du c\u00f4t\u00e9 des scores fran\u00e7ais et europ\u00e9ens, les experts en sont venus \u00e0 convenir que les deux m\u00e9thodologies avaient vocation \u00e0 se rapprocher. Cr\u00e9ant au passage un nouveau sujet de d\u00e9but: quelle pond\u00e9ration d\u00e9finir entre les deux formes de durabilit\u00e9 ?<br \/>La r\u00e9union parisienne du 22 octobre, qui se tiendra dans des locaux du minist\u00e8re, aura ainsi \u00e0 l\u2019ordre du jour l\u2019\u00e9volution du PEF et de ses choix techniques, ses emprunts et diff\u00e9rences avec l\u2019AEF, et surtout les perspectives de convergence entre les deux m\u00e9thodologies.<\/p>\n<p>Si la liste des intervenants n\u2019est pas encore officielle, les professionnels du secteurs devinent d\u00e9j\u00e0 les points d\u2019achoppements qui seront d\u00e9battus. En cas d\u2019absence d\u2019une donn\u00e9e sp\u00e9cifique sur un produit, le score fran\u00e7ais pr\u00e9voit par exemple d\u2019appliquer la note m\u00e9diane sur ce type de produit, l\u00e0 o\u00f9 le score europ\u00e9en adoptera la note la plus basse de la cat\u00e9gorie. Ce qui fait craindre que, gr\u00e2ce \u00e0 la m\u00e9thode fran\u00e7aise, certains acteurs peu vertueux puissent capitaliser sur le manque d\u2019information pour am\u00e9liorer artificiellement leur note gr\u00e2ce \u00e0 la note moyenne.<\/p>\n<p>A contrario, la m\u00e9thodologie europ\u00e9enne est redout\u00e9e par certains acteurs de la fili\u00e8re car elle prend en compte la dur\u00e9e de vie des mat\u00e9riaux dans le temps. Or les mat\u00e9riaux synth\u00e9tiques <a href=\"https:\/\/fr.fashionnetwork.com\/news\/Fibres-la-production-de-polyester-progresse-le-coton-recule-et-la-viscose-stagne,1765595.html\" target=\"_blank\" rel=\"noopener\">dont le polyester, la fibre la plus produite au monde<\/a>, s&rsquo;av\u00e8rent plus r\u00e9sistants que les fibres naturelles, et en tireraient donc un bonus en d\u00e9pit de leurs origines hydrocarbures. D\u2019o\u00f9 la crainte de voir ce crit\u00e8re profiter \u00e0 des acteurs de la mode ultra express (ou ultra fast fashion) comme les chinois Shein et Temu.\u00a0<br \/>\u00a0\n                            <\/p>\n<p>\n                                Tous droits de reproduction et de repr\u00e9sentation r\u00e9serv\u00e9s.<br \/>\u00a9 2025 FashionNetwork.com\n                            <\/p>\n","protected":false},"excerpt":{"rendered":"Publi\u00e9 le 3 octobre 2025 Au calendrier de la fili\u00e8re du textile-habillement, le 22 octobre fera date. Les&hellip;\n","protected":false},"author":2,"featured_media":436249,"comment_status":"","ping_status":"","sticky":false,"template":"","format":"standard","meta":{"footnotes":""},"categories":[1888],"tags":[1111,1928,11,1927,2424,537,2423,1777,674,1011,27,2425,985,12,1926,2298,626,1925,2426,2427,25,2421,2422],"class_list":{"0":"post-436248","1":"post","2":"type-post","3":"status-publish","4":"format-standard","5":"has-post-thumbnail","7":"category-paris","8":"tag-actu","9":"tag-actu-paris","10":"tag-actualites","11":"tag-actualites-paris","12":"tag-beaute","13":"tag-contact","14":"tag-cosmetiques","15":"tag-eu","16":"tag-europe","17":"tag-fr","18":"tag-france","19":"tag-luxe","20":"tag-mode","21":"tag-news","22":"tag-news-paris","23":"tag-parfum","24":"tag-paris","25":"tag-paris-news","26":"tag-professionnel","27":"tag-professionnels","28":"tag-republique-francaise","29":"tag-reseau","30":"tag-textile"},"share_on_mastodon":{"url":"https:\/\/pubeurope.com\/@fr\/115310447161945753","error":""},"_links":{"self":[{"href":"https:\/\/www.europesays.com\/fr\/wp-json\/wp\/v2\/posts\/436248","targetHints":{"allow":["GET"]}}],"collection":[{"href":"https:\/\/www.europesays.com\/fr\/wp-json\/wp\/v2\/posts"}],"about":[{"href":"https:\/\/www.europesays.com\/fr\/wp-json\/wp\/v2\/types\/post"}],"author":[{"embeddable":true,"href":"https:\/\/www.europesays.com\/fr\/wp-json\/wp\/v2\/users\/2"}],"replies":[{"embeddable":true,"href":"https:\/\/www.europesays.com\/fr\/wp-json\/wp\/v2\/comments?post=436248"}],"version-history":[{"count":0,"href":"https:\/\/www.europesays.com\/fr\/wp-json\/wp\/v2\/posts\/436248\/revisions"}],"wp:featuredmedia":[{"embeddable":true,"href":"https:\/\/www.europesays.com\/fr\/wp-json\/wp\/v2\/media\/436249"}],"wp:attachment":[{"href":"https:\/\/www.europesays.com\/fr\/wp-json\/wp\/v2\/media?parent=436248"}],"wp:term":[{"taxonomy":"category","embeddable":true,"href":"https:\/\/www.europesays.com\/fr\/wp-json\/wp\/v2\/categories?post=436248"},{"taxonomy":"post_tag","embeddable":true,"href":"https:\/\/www.europesays.com\/fr\/wp-json\/wp\/v2\/tags?post=436248"}],"curies":[{"name":"wp","href":"https:\/\/api.w.org\/{rel}","templated":true}]}}