{"id":436252,"date":"2025-10-03T13:23:11","date_gmt":"2025-10-03T13:23:11","guid":{"rendered":"https:\/\/www.europesays.com\/fr\/436252\/"},"modified":"2025-10-03T13:23:11","modified_gmt":"2025-10-03T13:23:11","slug":"paris-anne-hidalgo-denonce-la-vague-de-haine-visant-la-dj-barbara-butch-a-la-tete-de-la-nuit-blanche-2026","status":"publish","type":"post","link":"https:\/\/www.europesays.com\/fr\/436252\/","title":{"rendered":"Paris. Anne Hidalgo d\u00e9nonce la vague de haine visant la DJ Barbara Butch, \u00e0 la t\u00eate de la Nuit Blanche 2026"},"content":{"rendered":"<p>            Par<br \/>\n        <strong><br \/>\n            <a href=\"https:\/\/actu.fr\/auteur\/glenn-gillet\" title=\"Consulter tous les articles de Glenn Gillet\" target=\"_blank\" rel=\"noopener\">Glenn Gillet<\/a><br \/>\n        <\/strong><\/p>\n<p>        Publi\u00e9 le<\/p>\n<p>            3 oct. 2025 \u00e0 15h13        <\/p>\n<p>\u00ab\u2009Paris est \u00e0 ses c\u00f4t\u00e9s\u2009\u00bb. La maire de la capitale Anne Hidalgo a apport\u00e9 jeudi 2 octobre 2025 son <strong>\u00ab\u2009soutien\u2009\u00bb<\/strong> \u00e0 la <a href=\"https:\/\/actu.fr\/normandie\/rouen_76540\/apres-la-polemique-des-jo-la-dj-barbara-butch-va-se-produire-a-rouen_61454404.html\" target=\"_blank\" rel=\"noopener\">DJ Barbara Butch<\/a>, cible d\u2019une vague de <strong>\u00ab\u2009cyberharc\u00e8lement naus\u00e9abonde\u2009\u00bb<\/strong> apr\u00e8s l\u2019annonce de sa nomination comme <a href=\"https:\/\/actu.fr\/ile-de-france\/paris_75056\/apres-la-ceremonie-d-ouverture-des-jo-de-paris-la-dj-barbara-butch-sera-aux-manettes-de-la-nuit-blanche-2026_63240698.html\" target=\"_blank\" rel=\"noopener\">directrice artistique de la 25e \u00e9dition de la Nuit Blanche<\/a>, cette <a href=\"https:\/\/actu.fr\/ile-de-france\/paris_75056\/pour-tous-100-gratuit-et-sans-snobisme-ce-que-reserve-l-edition-2025-de-la-nuit-blanche-a-paris_62641219.html\" target=\"_blank\" rel=\"noopener\">manifestation artistique annuelle<\/a> qui gardera Paris en \u00e9veil du 6 au 7 juin 2026.<\/p>\n<p>\u00ab\u2009Non n\u2019en resterons pas l\u00e0\u2009\u00bb, promet la maire de Paris<\/p>\n<p class=\" wall-content\">L\u2019artiste, figure de la sc\u00e8ne musicale queer fran\u00e7aise, avait fortement gagn\u00e9 en notori\u00e9t\u00e9 apr\u00e8s sa participation \u00e0 la c\u00e9r\u00e9monie d\u2019ouverture des Jeux olympiques de Paris 2024, une prestation qui lui avait d\u00e9j\u00e0 valu une <strong>vague de haine<\/strong>, notamment sur les r\u00e9seaux sociaux.<\/p>\n<p class=\" wall-content\">Anne Hidalgo s\u2019est dit dans une publication sur <a href=\"https:\/\/bsky.app\/profile\/annehidalgo.bsky.social\/post\/3m27r42jqps24\" target=\"_blank\" rel=\"noopener\">BlueSky<\/a> \u00ab\u2009tr\u00e8s fi\u00e8re\u2009\u00bb de la nomination de Barbara Butch, \u00ab\u2009n\u2019en d\u00e9plaise aux sexistes, aux lesbophobes, grossophobes et antis\u00e9mites qui ha\u00efssent notre ville et ses belles valeurs d\u2019\u00e9galit\u00e9, d\u2019ouverture et de tol\u00e9rance\u2009\u00bb. Sans prendre directement la parole \u00e0 propos de cette nouvelle s\u00e9rie d\u2019attaques, la DJ a <strong>relay\u00e9 le communiqu\u00e9<\/strong> de la maire de Paris.<\/p>\n<p class=\" wall-content\">\u00ab\u2009Non n\u2019en resterons pas l\u00e0\u2009\u00bb, promet \u00e9galement Anne Hidalgo, sans toutefois pr\u00e9ciser si elle a entam\u00e9 une d\u00e9marche sur le <strong>plan judiciaire<\/strong>. Contact\u00e9, le parquet de Paris n\u2019a pas indiqu\u00e9 avoir ouvert de proc\u00e9dure sur ces faits \u00e0 stade.<\/p>\n<p>Proc\u00e8s contre cinq cyberharceleurs<\/p>\n<p class=\" wall-content\">Barbara Butch, 44\u00a0ans, est devenue une ic\u00f4ne de la sc\u00e8ne musicale \u00e9lectro fran\u00e7aise, \u00e0 la faveur notamment de son fort engagement dans les <strong>luttes contre les discriminations<\/strong> contre les personnes LGBTQIA +\u00a0et les personnes grosses, ainsi que dans les milieux de gauche. Autant d\u2019engagements insupportables pour une partie de ses d\u00e9tracteurs, qui n\u2019ont eu de cesse de l\u2019attaquer violemment, notamment en ligne.<\/p>\n<p class=\" wall-content\">Le pic de cette vague de haine est atteint lorsqu\u2019elle remixe The Final Countdown pendant un d\u00e9fil\u00e9 de drag-queens lors de la c\u00e9r\u00e9monie d\u2019ouverture des JO, dans un moment d\u2019hommage \u00e0 l\u2019Union europ\u00e9enne, avant que les artistes posent dans une <a href=\"https:\/\/actu.fr\/societe\/ceremonie-douverture-des-jo-paris-2024-deux-elus-des-yvelines-choques-par-la-scene-de-la-cene_61413848.html\" target=\"_blank\" rel=\"noopener\">mise en sc\u00e8ne rappelant la C\u00e8ne chr\u00e9tienne<\/a>.<\/p>\n<p>    <img   decoding=\"async\" loading=\"lazy\" src=\"https:\/\/www.europesays.com\/fr\/wp-content\/uploads\/2025\/10\/ceremonie-ouverture-jo-katerine-barbara-butch-960x640.jpg\" alt=\"Un tableau qui a heurt\u00e9 certaines sensibilit\u00e9s.\" width=\"960\" height=\"640\"\/><br \/>\n    Barbara Butch, en bleu et argent ici derri\u00e8re Philippe Katerine, lors de la c\u00e9r\u00e9monie d\u2019ouverture des Jeux Olympiques 2024 \u00e0 Paris. (\u00a9France T\u00e9l\u00e9visions)<\/p>\n<p>Votre r\u00e9gion, votre actu !<\/p>\n<p>Recevez chaque jour les infos qui comptent pour vous.<\/p>\n<p>\t<a href=\"https:\/\/actu.fr\/newsletter\" class=\"ac-btn ac-btn--corner ac-btn--medium ac-btn--blue800\" target=\"_blank\" rel=\"noopener\">S&rsquo;incrire<\/a><\/p>\n<p class=\" wall-content\">Une sc\u00e8ne qui d\u00e9clenche une premi\u00e8re vague de haine. Barbara Butch <strong>porte plainte<\/strong> pour menace de mort, de torture et de viol, ainsi que pour insultes \u00e0 caract\u00e8re antis\u00e9mite, homophobe, sexiste et grossophobe. Cinq hommes \u00e2g\u00e9s de 24 \u00e0 57\u00a0ans \u00e9taient jug\u00e9s fin septembre \u00e0 Paris pour avoir particip\u00e9 \u00e0 ce cyberharc\u00e8lement, qui avait \u00e9galement<a href=\"https:\/\/actu.fr\/ile-de-france\/paris_75056\/cyberharcelement-de-thomas-jolly-apres-la-ceremonie-des-jo-de-paris-amendes-et-sursis-pour-sept-prevenus_62596321.html\" target=\"_blank\" rel=\"noopener\"> touch\u00e9 le directeur artistique de la c\u00e9r\u00e9monie, Thomas Jolly<\/a>. Le parquet a requis des <strong>peines d\u2019emprisonnement<\/strong> avec et sans sursis pour les pr\u00e9venus.<\/p>\n<p class=\" wall-content\">Personnalisez votre actualit\u00e9 en ajoutant vos villes et m\u00e9dias en favori avec <a href=\"https:\/\/moncompte.actu.fr\" title=\"D\u00e9couvez Mon Actu\" rel=\"nofollow noopener\" data-trk=\"{&quot;cta&quot;:{&quot;action&quot;:&quot;https:\\\/\\\/moncompte.actu.fr&quot;,&quot;category&quot;:&quot;mon compte&quot;,&quot;from&quot;:&quot;article footer&quot;,&quot;name&quot;:&quot;Mon actu&quot;,&quot;type&quot;:&quot;cta&quot;}}\" target=\"_blank\">Mon Actu<\/a>.<\/p>\n","protected":false},"excerpt":{"rendered":"Par Glenn Gillet Publi\u00e9 le 3 oct. 2025 \u00e0 15h13 \u00ab\u2009Paris est \u00e0 ses c\u00f4t\u00e9s\u2009\u00bb. La maire de&hellip;\n","protected":false},"author":2,"featured_media":436253,"comment_status":"","ping_status":"","sticky":false,"template":"","format":"standard","meta":{"footnotes":""},"categories":[1888],"tags":[11,2618,1777,674,1011,27,8717,9087,12,626,25,104],"class_list":{"0":"post-436252","1":"post","2":"type-post","3":"status-publish","4":"format-standard","5":"has-post-thumbnail","7":"category-paris","8":"tag-actualites","9":"tag-anne-hidalgo","10":"tag-eu","11":"tag-europe","12":"tag-fr","13":"tag-france","14":"tag-homophobie","15":"tag-lgbt","16":"tag-news","17":"tag-paris","18":"tag-republique-francaise","19":"tag-societe"},"share_on_mastodon":{"url":"https:\/\/pubeurope.com\/@fr\/115310455243993384","error":""},"_links":{"self":[{"href":"https:\/\/www.europesays.com\/fr\/wp-json\/wp\/v2\/posts\/436252","targetHints":{"allow":["GET"]}}],"collection":[{"href":"https:\/\/www.europesays.com\/fr\/wp-json\/wp\/v2\/posts"}],"about":[{"href":"https:\/\/www.europesays.com\/fr\/wp-json\/wp\/v2\/types\/post"}],"author":[{"embeddable":true,"href":"https:\/\/www.europesays.com\/fr\/wp-json\/wp\/v2\/users\/2"}],"replies":[{"embeddable":true,"href":"https:\/\/www.europesays.com\/fr\/wp-json\/wp\/v2\/comments?post=436252"}],"version-history":[{"count":0,"href":"https:\/\/www.europesays.com\/fr\/wp-json\/wp\/v2\/posts\/436252\/revisions"}],"wp:featuredmedia":[{"embeddable":true,"href":"https:\/\/www.europesays.com\/fr\/wp-json\/wp\/v2\/media\/436253"}],"wp:attachment":[{"href":"https:\/\/www.europesays.com\/fr\/wp-json\/wp\/v2\/media?parent=436252"}],"wp:term":[{"taxonomy":"category","embeddable":true,"href":"https:\/\/www.europesays.com\/fr\/wp-json\/wp\/v2\/categories?post=436252"},{"taxonomy":"post_tag","embeddable":true,"href":"https:\/\/www.europesays.com\/fr\/wp-json\/wp\/v2\/tags?post=436252"}],"curies":[{"name":"wp","href":"https:\/\/api.w.org\/{rel}","templated":true}]}}