{"id":43626,"date":"2025-04-22T09:34:09","date_gmt":"2025-04-22T09:34:09","guid":{"rendered":"https:\/\/www.europesays.com\/fr\/43626\/"},"modified":"2025-04-22T09:34:09","modified_gmt":"2025-04-22T09:34:09","slug":"porte-par-la-guerre-commerciale-et-les-tensions-aux-etats-unis-lor-depasse-pour-la-premiere-fois-3500-dollars-lonce","status":"publish","type":"post","link":"https:\/\/www.europesays.com\/fr\/43626\/","title":{"rendered":"Port\u00e9 par la guerre commerciale et les tensions aux \u00c9tats-Unis, l\u2019or d\u00e9passe pour la premi\u00e8re fois 3500 dollars l\u2019once"},"content":{"rendered":"<p>De 1528 dollars l\u2019once en janvier 2020, l\u2019or avait d\u00e9j\u00e0 franchi le cap des 3000 dollars en mars 2025.<\/p>\n<p class=\"fig-paragraph\">Le\u00a0<a href=\"http:\/\/www.lefigaro.fr\/conjoncture\/le-cours-de-l-or-bat-un-nouveau-record-a-2790-19-dollars-l-once-20250130\" data-fig-type=\"NewsFlash\" data-gtm-custom-categorie=\"navigation\" data-gtm-custom-action=\"crossclick\" data-gtm-custom-label=\"Contextuel\" data-gtm-event=\"customEventSPE\" data-fig-domain=\"LEFIGARO\" target=\"_blank\" rel=\"noopener\">cours de l\u2019once d\u2019or<\/a>\u00a0a d\u00e9pass\u00e9 la barre des 3500 dollars mardi pour la premi\u00e8re fois de son histoire, port\u00e9 par la guerre commerciale mais aussi par les tensions entre Donald Trump et le pr\u00e9sident de la Fed, qui ont fait chuter Wall Street. L\u2019once d\u2019or s\u2019affichait \u00e0 3467,87 dollars \u00e0 7H30 GMT, apr\u00e8s avoir atteint plus t\u00f4t un record \u00e0 3500,10 dollars.<\/p>\n<p class=\"fig-paragraph\">Le m\u00e9tal jaune profite de la nervosit\u00e9 des Bourses, en particulier Wall Street, plomb\u00e9e par les multiples attaques de Donald Trump contre le patron de la R\u00e9serve f\u00e9d\u00e9rale am\u00e9ricaine (Fed), mais aussi par des incertitudes persistantes concernant la guerre commerciale. Nouveau signe d\u2019escalade entre P\u00e9kin et Washington: la Chine a r\u00e9affirm\u00e9 mardi sa ferme opposition \u00e0 tout accord sign\u00e9 entre les \u00c9tats-Unis et d\u2019autres pays qui la desservirait. Par ailleurs, \u00e0 l\u2019approche de la publication mardi des nouvelles pr\u00e9visions \u00e9conomiques du Fonds mon\u00e9taire international (FMI), les investisseurs restent attentifs aux premi\u00e8res r\u00e9percussions concr\u00e8tes de la guerre commerciale.<\/p>\n<p class=\"fig-paragraph\">Gage de s\u00fbret\u00e9 dans la tourmente commerciale d\u00e9clench\u00e9e par Donald Trump d\u00e9but avril, les investisseurs se ruent depuis des semaines sur l\u2019or, les droits de douane pouvant avoir un effet inflationniste, qui fait baisser la valeur du dollar, contre lequel l\u2019or permet de se couvrir. Convoit\u00e9 pour son utilisation dans la joaillerie, l\u2019industrie ou tout simplement comme actif de r\u00e9serve, le m\u00e9tal jaune conserve sa valeur intrins\u00e8que, bien qu\u2019il ne rapporte pas d\u2019int\u00e9r\u00eats.<\/p>\n","protected":false},"excerpt":{"rendered":"De 1528 dollars l\u2019once en janvier 2020, l\u2019or avait d\u00e9j\u00e0 franchi le cap des 3000 dollars en mars&hellip;\n","protected":false},"author":2,"featured_media":43627,"comment_status":"","ping_status":"","sticky":false,"template":"","format":"standard","meta":{"footnotes":""},"categories":[1589],"tags":[339,11,340,343,345,350,130,344,352,349,33,341,313,73,1866,346,342,353,351,347,12,5190,348,354,1864,1865,1863,308],"class_list":{"0":"post-43626","1":"post","2":"type-post","3":"status-publish","4":"format-standard","5":"has-post-thumbnail","7":"category-etats-unis","8":"tag-actualite-economique","9":"tag-actualites","10":"tag-bourse","11":"tag-cac-40","12":"tag-chef-dentreprise","13":"tag-concurrence","14":"tag-consommation","15":"tag-creation-dentreprise","16":"tag-crise","17":"tag-delocalisations","18":"tag-economie","19":"tag-emploi","20":"tag-entreprises","21":"tag-etats-unis","22":"tag-etats-unis-damerique","23":"tag-grands-patrons","24":"tag-impots","25":"tag-licenciements","26":"tag-monopole","27":"tag-multinationales","28":"tag-news","29":"tag-or","30":"tag-privatisation","31":"tag-unio","32":"tag-united-states","33":"tag-united-states-of-america","34":"tag-us","35":"tag-usa"},"share_on_mastodon":{"url":"https:\/\/pubeurope.com\/@fr\/114380935243793458","error":""},"_links":{"self":[{"href":"https:\/\/www.europesays.com\/fr\/wp-json\/wp\/v2\/posts\/43626","targetHints":{"allow":["GET"]}}],"collection":[{"href":"https:\/\/www.europesays.com\/fr\/wp-json\/wp\/v2\/posts"}],"about":[{"href":"https:\/\/www.europesays.com\/fr\/wp-json\/wp\/v2\/types\/post"}],"author":[{"embeddable":true,"href":"https:\/\/www.europesays.com\/fr\/wp-json\/wp\/v2\/users\/2"}],"replies":[{"embeddable":true,"href":"https:\/\/www.europesays.com\/fr\/wp-json\/wp\/v2\/comments?post=43626"}],"version-history":[{"count":0,"href":"https:\/\/www.europesays.com\/fr\/wp-json\/wp\/v2\/posts\/43626\/revisions"}],"wp:featuredmedia":[{"embeddable":true,"href":"https:\/\/www.europesays.com\/fr\/wp-json\/wp\/v2\/media\/43627"}],"wp:attachment":[{"href":"https:\/\/www.europesays.com\/fr\/wp-json\/wp\/v2\/media?parent=43626"}],"wp:term":[{"taxonomy":"category","embeddable":true,"href":"https:\/\/www.europesays.com\/fr\/wp-json\/wp\/v2\/categories?post=43626"},{"taxonomy":"post_tag","embeddable":true,"href":"https:\/\/www.europesays.com\/fr\/wp-json\/wp\/v2\/tags?post=43626"}],"curies":[{"name":"wp","href":"https:\/\/api.w.org\/{rel}","templated":true}]}}