{"id":436277,"date":"2025-10-03T13:39:13","date_gmt":"2025-10-03T13:39:13","guid":{"rendered":"https:\/\/www.europesays.com\/fr\/436277\/"},"modified":"2025-10-03T13:39:13","modified_gmt":"2025-10-03T13:39:13","slug":"maverick-vinales-envisage-darreter-sa-saison","status":"publish","type":"post","link":"https:\/\/www.europesays.com\/fr\/436277\/","title":{"rendered":"Maverick Vi\u00f1ales envisage d&rsquo;arr\u00eater sa saison"},"content":{"rendered":"<p><a href=\"https:\/\/fr.motorsport.com\/driver\/maverick-vinales\/96553\/\" target=\"_blank\" rel=\"noopener\">Maverick Vi\u00f1ales<\/a> s&rsquo;interroge s\u00e9rieusement sur la suite \u00e0 donner \u00e0 sa saison. Tr\u00e8s bien lanc\u00e9 dans ce championnat, l&rsquo;Espagnol a \u00e9t\u00e9 victime d&rsquo;une lourde chute pendant les qualifications du GP d&rsquo;Allemagne, dont il s&rsquo;est relev\u00e9 avec une blessure complexe \u00e0 l&rsquo;\u00e9paule gauche. Il a par la suite manqu\u00e9 quatre Grands Prix et, s&rsquo;il a tent\u00e9 un premier retour au mois d&rsquo;ao\u00fbt, qu&rsquo;il lui a fallu avorter, il a r\u00e9ellement repris la comp\u00e9tition \u00e0 Barcelone, il y a un mois.<\/p>\n<p>Seulement, \u00e0 son quatri\u00e8me week-end depuis ce retour, le pilote Tech3 est incontestablement en souffrance. Il \u00e9tait pourtant arriv\u00e9 en Indon\u00e9sie confiant de s&rsquo;y sentir mieux qu&rsquo;au Japon le week-end dernier, sauf que la premi\u00e8re journ\u00e9e d&rsquo;essais l&rsquo;a confront\u00e9 \u00e0 une r\u00e9alit\u00e9 douloureuse.<\/p>\n<p>\u00ab\u00a0\u00c7a a \u00e9t\u00e9 une journ\u00e9e tr\u00e8s compliqu\u00e9e\u00a0\u00bb, admet-il. \u00ab\u00a0Je ne m&rsquo;am\u00e9liore pas actuellement, surtout au niveau de la force. Sur cette piste, qui est tr\u00e8s exigeante au niveau des changements de direction, je suis tr\u00e8s lent. Et puis je perds une seconde sur mes co\u00e9quipiers entre les virages 5 et 9. \u00c7a fait beaucoup.\u00a0\u00bb<\/p>\n<p>Lire aussi :<\/p>\n<p>\u00ab\u00a0Je n&rsquo;ai pas de force, j&rsquo;ai tr\u00e8s mal, avec des douleurs soudaines. On pensait que \u00e7a irait mieux sur la moto, mais rien ne s&rsquo;est am\u00e9lior\u00e9. J&rsquo;ai juste gagn\u00e9 un peu de mobilit\u00e9 mais pas de force. Imaginez \u00e0 Phillip Island dans deux semaines, o\u00f9 il n&rsquo;y a que des changements de direction \u00e0 haute vitesse, je ne pourrai m\u00eame pas faire un tour.\u00a0\u00bb<\/p>\n<p>\u00ab\u00a0Pour nous et surtout pour moi, le mieux est que je m&rsquo;arr\u00eate. \u00c7a n&rsquo;a pas de sens de faire 15e ou 18e\u00a0\u00bb, ajoute Maverick Vi\u00f1ales \u00e0 l&rsquo;issue de cette premi\u00e8re journ\u00e9e de piste \u00e0 Mandalika. Il ne cache pas qu&rsquo;il va se pencher sur la question avec son \u00e9quipe, pour potentiellement faire pr\u00e9valoir la raison et prendre un peu de repos suppl\u00e9mentaire d&rsquo;ici au d\u00e9but de l&rsquo;intersaison.<\/p>\n<p>\u00ab\u00a0Il y a beaucoup de choses \u00e0 analyser. On va discuter avec l&rsquo;\u00e9quipe, pour voir ce qu&rsquo;il vaut mieux faire, s&rsquo;il vaut mieux que je m&rsquo;arr\u00eate et que je revienne quand je serai pleinement remis ou bien que je continue comme \u00e7a. Mais continuer comme \u00e7a, c&rsquo;est tr\u00e8s dur pour moi parce que j&rsquo;ai mal et que je perds beaucoup de feedback de la part de la moto. Il faut qu&rsquo;on fasse vraiment preuve d&rsquo;intelligence et qu&rsquo;on voie quelle est la meilleure mani\u00e8re de faire pour que je me remette plus vite.\u00a0\u00bb<\/p>\n<p>\u00ab\u00a0Il faut que je parle avec l&rsquo;\u00e9quipe. Je ne suis pas s\u00fbr, parce que je veux \u00eatre sur la moto. Mais il faut parler avec le staff m\u00e9dical et avec tout le monde pour voir ce qu&rsquo;il est mieux de faire\u00a0\u00bb, ajoute le pilote espagnol, pr\u00e9cisant\u00a0:\u00a0\u00ab\u00a0L&rsquo;id\u00e9e est d&rsquo;arr\u00eater dimanche, mais on verra bien car je dois en parler avec l&rsquo;\u00e9quipe.\u00a0\u00bb<\/p>\n<blockquote>\n<p>\u00c7a valait la peine d&rsquo;essayer, car j&rsquo;ai compris que je devais m&rsquo;arr\u00eater.<\/p>\n<\/blockquote>\n<p>Qu&rsquo;il courre ou non ce week-end, Vi\u00f1ales sait qu&rsquo;il sera \u00e0 bout de forces, et il appara\u00eet d\u00e9j\u00e0 hors de question qu&rsquo;il se rende en Australie dans deux semaines. \u00ab\u00a0Je pense que le plus raisonnable est que je m&rsquo;arr\u00eate et que j&rsquo;attende d&rsquo;\u00eatre en forme. J&rsquo;ai besoin d&rsquo;\u00eatre \u00e0 100%, ou au moins \u00e0 80%, mais pour l&rsquo;instant, j&rsquo;en suis loin. Je pensais avoir plus de force, mais sur ce circuit, je le ressens beaucoup\u00a0\u00bb,\u00a0regrette-t-il.<\/p>\n<p>S&rsquo;arr\u00eater maintenant et peut-\u00eatre revenir au test de Valence<\/p>\n<p>Dans sa chute, Maverick Vi\u00f1ales s&rsquo;est lux\u00e9 l&rsquo;\u00e9paule, mais aussi procur\u00e9 une fracture, ainsi que des l\u00e9sions sur un ligament et un tendon. Op\u00e9r\u00e9 mi-juillet, il a compris qu&rsquo;il allait lui falloir du temps pour pleinement r\u00e9cup\u00e9rer. Bien qu&rsquo;il ait repouss\u00e9 son retour, il a plusieurs fois expliqu\u00e9 <a href=\"https:\/\/fr.motorsport.com\/motogp\/news\/vinales-souffrir-dors-pas-douleur\/10758702\/\" target=\"_self\" rel=\"noopener\">tr\u00e8s mal dormir<\/a>, voire <a href=\"https:\/\/fr.motorsport.com\/motogp\/news\/vinales-douleur-tiens-moto-une-main\/10757921\/\" target=\"_self\" rel=\"noopener\">piloter d&rsquo;une main dans les premiers temps<\/a>.<\/p>\n<p>Aujourd&rsquo;hui, la bonne nouvelle est que sa blessure n&rsquo;a pas empir\u00e9.\u00a0\u00ab\u00a0Elle ne s&rsquo;est pas aggrav\u00e9e, mais je ne vais pas mieux\u00a0\u00bb, dit-il. \u00ab\u00a0Je pensais que Misano serait le plus difficile, mais Mandalika est bien pire. Mon probl\u00e8me, c&rsquo;est que dans les virages \u00e0 droite, \u00e7a va tr\u00e8s bien, j&rsquo;ai la vitesse normale. Mais quand je veux changer vers la gauche, je ne le fais pas parce que je n&rsquo;ai pas de force\u00a0;\u00a0alors j&rsquo;arrive en retard et je veux quand m\u00eame prendre le virage parce que je suis t\u00eatu, mais je mets 62\u00b0 d&rsquo;angle et elle se d\u00e9robe.\u00a0\u00bb<\/p>\n<p>   <img decoding=\"async\" draggable=\"false\" src=\"https:\/\/www.europesays.com\/fr\/wp-content\/uploads\/2025\/10\/maverick-vinales-red-bull-ktm-.jpg\" alt=\"Maverick Vi\u00f1ales est particuli\u00e8rement en difficult\u00e9 dans les virages \u00e0 gauche.\" width=\"1200\" height=\"800\" loading=\"lazy\"\/> <\/p>\n<p class=\"title\">Maverick Vi\u00f1ales est particuli\u00e8rement en difficult\u00e9 dans les virages \u00e0 gauche.<\/p>\n<p class=\"photographer\">Photo de: Gold and Goose Photography \/ LAT Images \/ via Getty Images<\/p>\n<p>Compte tenu de la nature de sa blessure et de l&rsquo;op\u00e9ration pratiqu\u00e9e, Vi\u00f1ales sait qu&rsquo;il doit composer avec un long processus pour pleinement se remettre. \u00ab\u00a0Le premier mois, le bras est en \u00e9charpe\u00a0:\u00a0du deuxi\u00e8me au quatri\u00e8me mois, il s&rsquo;agit de r\u00e9cup\u00e9rer la mobilit\u00e9, et j&rsquo;en suis \u00e0 deux mois et demi\u00a0;\u00a0puis, du quatri\u00e8me au sixi\u00e8me mois, on reprend un peu de force. \u00c0 partir de six mois, on peut d\u00e9j\u00e0 avoir des forces, mais \u00e7a me m\u00e8ne d\u00e9j\u00e0 \u00e0 la saison prochaine.\u00a0\u00bb<\/p>\n<p>Il appara\u00eet \u00e0 pr\u00e9sent que seul le repos lui permettrait de se remettre plus rapidement. Le plan se dessine donc clairement\u00a0:\u00a0\u00ab\u00a0Maintenant, je m&rsquo;arr\u00eate et je me r\u00e9tablis autant que me le permet la douleur. Ce qu&rsquo;on se dit, c&rsquo;est que plus t\u00f4t je m&rsquo;arr\u00eate, plus t\u00f4t je me r\u00e9tablis. On est en train de discuter du fait d&rsquo;aller \u00e0 Valence pour faire le test d&rsquo;intersaison.\u00a0\u00bb<\/p>\n<p>Une chose est d&rsquo;ores et d\u00e9j\u00e0 certaine\u00a0:\u00a0Maverick Vi\u00f1ales ne regrette pas ce qu&rsquo;il a tent\u00e9 de faire malgr\u00e9 l&rsquo;issue qui est en train de prendre corps :\u00a0\u00ab\u00a0\u00c7a valait la peine d&rsquo;essayer, car j&rsquo;ai compris que je devais m&rsquo;arr\u00eater. Si je n&rsquo;avais pas essay\u00e9, j&rsquo;aurais eu d&rsquo;\u00e9normes remords. Maintenant, je sais que je dois m&rsquo;arr\u00eater, je ne peux pas r\u00e9cup\u00e9rer entre deux courses, je n&rsquo;en ai pas le temps.\u00a0\u00bb<\/p>\n<p>Lire aussi :<\/p>\n<p>            Votre avis nous int\u00e9resse !<\/p>\n<p class=\"mt-auto\">Qu&rsquo;aimeriez-vous voir sur Motorsport.com ?<\/p>\n<p>            <a href=\"#\" class=\"ms-link text-link font-bold\">R\u00e9pondez \u00e0 notre enqu\u00eate de 5 minutes.<\/a><\/p>\n<p class=\"mt-1 font-info text-body\">&#8211; L&rsquo;\u00e9quipe Motorsport.com<\/p>\n","protected":false},"excerpt":{"rendered":"Maverick Vi\u00f1ales s&rsquo;interroge s\u00e9rieusement sur la suite \u00e0 donner \u00e0 sa saison. Tr\u00e8s bien lanc\u00e9 dans ce championnat,&hellip;\n","protected":false},"author":2,"featured_media":436278,"comment_status":"","ping_status":"","sticky":false,"template":"","format":"standard","meta":{"footnotes":""},"categories":[1413],"tags":[1011,27,55763,55764,5712,56369,1457,1456,1458,60,3374],"class_list":{"0":"post-436277","1":"post","2":"type-post","3":"status-publish","4":"format-standard","5":"has-post-thumbnail","7":"category-moto","8":"tag-fr","9":"tag-france","10":"tag-gp-dindonu00e9sie","11":"tag-mandalika-international-street-circuit","12":"tag-maverick-viu00f1ales","13":"tag-maverick-viu00f1ales-envisage-darru00eater-sa-saison","14":"tag-moto","15":"tag-motocycle","16":"tag-motogp","17":"tag-sports","18":"tag-tech-3"},"share_on_mastodon":{"url":"https:\/\/pubeurope.com\/@fr\/115310517890978312","error":""},"_links":{"self":[{"href":"https:\/\/www.europesays.com\/fr\/wp-json\/wp\/v2\/posts\/436277","targetHints":{"allow":["GET"]}}],"collection":[{"href":"https:\/\/www.europesays.com\/fr\/wp-json\/wp\/v2\/posts"}],"about":[{"href":"https:\/\/www.europesays.com\/fr\/wp-json\/wp\/v2\/types\/post"}],"author":[{"embeddable":true,"href":"https:\/\/www.europesays.com\/fr\/wp-json\/wp\/v2\/users\/2"}],"replies":[{"embeddable":true,"href":"https:\/\/www.europesays.com\/fr\/wp-json\/wp\/v2\/comments?post=436277"}],"version-history":[{"count":0,"href":"https:\/\/www.europesays.com\/fr\/wp-json\/wp\/v2\/posts\/436277\/revisions"}],"wp:featuredmedia":[{"embeddable":true,"href":"https:\/\/www.europesays.com\/fr\/wp-json\/wp\/v2\/media\/436278"}],"wp:attachment":[{"href":"https:\/\/www.europesays.com\/fr\/wp-json\/wp\/v2\/media?parent=436277"}],"wp:term":[{"taxonomy":"category","embeddable":true,"href":"https:\/\/www.europesays.com\/fr\/wp-json\/wp\/v2\/categories?post=436277"},{"taxonomy":"post_tag","embeddable":true,"href":"https:\/\/www.europesays.com\/fr\/wp-json\/wp\/v2\/tags?post=436277"}],"curies":[{"name":"wp","href":"https:\/\/api.w.org\/{rel}","templated":true}]}}