{"id":436279,"date":"2025-10-03T13:40:11","date_gmt":"2025-10-03T13:40:11","guid":{"rendered":"https:\/\/www.europesays.com\/fr\/436279\/"},"modified":"2025-10-03T13:40:11","modified_gmt":"2025-10-03T13:40:11","slug":"comment-christian-horner-prepare-son-retour-en-formule-1","status":"publish","type":"post","link":"https:\/\/www.europesays.com\/fr\/436279\/","title":{"rendered":"Comment Christian Horner pr\u00e9pare son retour en Formule 1 ?"},"content":{"rendered":"<p>Il y a des CV qui p\u00e8sent forc\u00e9ment plus que d\u2019autres. Lorsque <a href=\"https:\/\/www.autohebdo.fr\/pilote\/f1\/lewis-hamilton-2\" data-internallinksmanager029f6b8e52c=\"41\" title=\"Lewis Hamilton\" target=\"_blank\" rel=\"noopener\">Lewis Hamilton<\/a> a pos\u00e9 le pied pour la premi\u00e8re fois \u00e0 <a href=\"https:\/\/www.autohebdo.fr\/actualites\/ecurie\/ferrari\" data-internallinksmanager029f6b8e52c=\"74\" title=\"Ferrari\" target=\"_blank\" rel=\"noopener\">Maranello<\/a> en janvier dernier, le monde de la <a href=\"https:\/\/www.autohebdo.fr\/actualites\/f1\" data-internallinksmanager029f6b8e52c=\"1\" title=\"F1\" target=\"_blank\" rel=\"noopener\">Formule 1<\/a> avait le regard braqu\u00e9 sur l\u2019Italie et sur la piste de Fiorano, o\u00f9 le champion a effectu\u00e9 ses premiers tours de roue en rouge. Quand Adrian Newey est arriv\u00e9 \u00e0 Monaco en mai, v\u00eatu pour la premi\u00e8re fois du vert d\u2019<a href=\"https:\/\/www.autohebdo.fr\/actualites\/ecurie\/aston-martin\" data-internallinksmanager029f6b8e52c=\"77\" title=\"Ecurie Aston Martin F1 Team\" target=\"_blank\" rel=\"noopener\">Aston Martin<\/a>, le paddock a particuli\u00e8rement scrut\u00e9 les faits et gestes du g\u00e9nial ing\u00e9nieur britannique. Christian Horner est de cette trempe-l\u00e0. De la race des \u00ab game changers \u00bb, comme on les appelle outre-Manche. Ces personnalit\u00e9s capables, soit par leur pilotage, leur g\u00e9nie ou leur leadership, de transfigurer une \u00e9quipe et de la conduire vers la victoire.<br \/>\ufeff<\/p>\n<p>En vingt ans \u00e0 la t\u00eate de <a href=\"https:\/\/www.autohebdo.fr\/actualites\/ecurie\/red-bull-racing\" data-internallinksmanager029f6b8e52c=\"78\" title=\"Ecurie F1 Red Bull Racing\" target=\"_blank\" rel=\"noopener\">Red Bull<\/a>, le Britannique en a fait une machine \u00e0 gagner, sacr\u00e9e huit fois chez les pilotes et six fois chez les constructeurs gr\u00e2ce \u00e0 une m\u00e9thode novatrice, un management empreint d\u2019exigence et, bien s\u00fbr, des pilotes de g\u00e9nie comme <a href=\"https:\/\/www.autohebdo.fr\/pilote\/f1\/sebastian-vettel\" data-internallinksmanager029f6b8e52c=\"13\" title=\"Sebastian Vettel\" target=\"_blank\" rel=\"noopener\">Sebastian Vettel<\/a> et <a href=\"https:\/\/www.autohebdo.fr\/pilote\/f1\/max-verstappen\" data-internallinksmanager029f6b8e52c=\"2\" title=\"Max Verstappen\" target=\"_blank\" rel=\"noopener\">Max Verstappen<\/a>. Alors forc\u00e9ment, le statut d\u2019agent libre de Christian Horner n\u2019est pas pour d\u00e9plaire \u00e0 certaines \u00e9curies du plateau, qui verraient bien le mari de la Spice Girl Geri Halliwell venir porter leurs couleurs.<\/p>\n<p>\u00ab Je pense que le palmar\u00e8s de Christian parle de lui-m\u00eame, conc\u00e8de Andy Cowell, Team Principal d\u2019Aston Martin. C\u2019est un grand comp\u00e9titeur. Je suppose que c\u2019est \u00e0 Christian de d\u00e9cider ce qu\u2019il veut faire. Nous avons un plan et nous allons de l\u2019avant. Je pense que Christian doit d\u00e9terminer o\u00f9 il souhaite jouer un r\u00f4le \u00e0 l\u2019avenir. Et qui sait ce que l\u2019avenir r\u00e9serve ? \u00bb poursuit le Britannique, qui ne r\u00e9fute pas l\u2019int\u00e9r\u00eat \u00e9ventuel de son \u00e9quipe pour l\u2019ancien patron de Red Bull Racing. Chez Aston Martin, Christian Horner retrouverait Adrian Newey, avec qui il a construit le succ\u00e8s du Taureau Ail\u00e9 ces deux derni\u00e8res d\u00e9cennies. Mais si le sexag\u00e9naire a quitt\u00e9 Milton Keynes, est-ce vraiment pour collaborer \u00e0 nouveau avec Horner ?<\/p>\n<p><strong>Un retour dans un nouveau r\u00f4le pour Horner ?<\/strong><\/p>\n<p>Le natif de Leamington Spa dans le Warwickshire a \u00e9galement \u00e9t\u00e9 annonc\u00e9 un temps du c\u00f4t\u00e9 d\u2019<a href=\"https:\/\/www.autohebdo.fr\/actualites\/monoplace\/fr-alpine\" data-internallinksmanager029f6b8e52c=\"18\" title=\"Alpine\" target=\"_blank\" rel=\"noopener\">Alpine<\/a>, o\u00f9 il \u00e9tait question d\u2019un trio Flavio Briatore \u2013 Bernie Ecclestone \u2013 Christian Horner \u00e0 la t\u00eate du A fl\u00e9ch\u00e9, que <a href=\"https:\/\/www.autohebdo.fr\/actualites\/tag\/toto-wolff\" data-internallinksmanager029f6b8e52c=\"17\" title=\"Toto Wolff\" target=\"_blank\" rel=\"noopener\">Toto Wolff<\/a> s\u2019\u00e9tait empress\u00e9 de critiquer : \u00ab Si ces trois gars se r\u00e9unissaient, toute la mafia r\u00e9unie, cela donnerait du bon contenu \u00e0 \u00e9crire, je suppose \u00bb, avait l\u00e2ch\u00e9 le patron de <a href=\"https:\/\/www.autohebdo.fr\/actualites\/ecurie\/mercedes\" data-internallinksmanager029f6b8e52c=\"80\" title=\"Ecurie Mercedes F1\" target=\"_blank\" rel=\"noopener\">Mercedes<\/a>. Depuis plusieurs semaines, les rumeurs autour de l\u2019arriv\u00e9e possible de Christian Horner \u00e0 <a href=\"https:\/\/www.autohebdo.fr\/actualites\/ecurie\/alpine\" data-internallinksmanager029f6b8e52c=\"79\" title=\"Ecurie Alpine F1\" target=\"_blank\" rel=\"noopener\">Enstone<\/a> se sont tass\u00e9es, ce qu\u2019approuve G\u00fcnther Steiner, l\u2019ancien team principal de <a href=\"https:\/\/www.autohebdo.fr\/actualites\/ecurie\/haas\" data-internallinksmanager029f6b8e52c=\"82\" title=\"Ecurie Haas F1 Team\" target=\"_blank\" rel=\"noopener\">Haas<\/a>, pas franchement emball\u00e9 \u00e0 l\u2019id\u00e9e de voir Briatore et Horner collaborer.<\/p>\n<p>\u00ab Je sais qu\u2019il a beaucoup d\u2019argent, mais ce qu\u2019il a n\u2019est pas suffisant pour acheter une \u00e9curie. Il ne ferait rien d\u2019autre que d\u2019\u00eatre directeur d\u2019\u00e9curie, m\u00eame s\u2019il allait chez Alpine pour travailler avec Flavio. \u00c7a ne marcherait pas d\u2019avoir Flavio et lui aux postes les plus hauts \u00bb, ass\u00e8ne l\u2019Italien dans le podcast The Red Flags. \u00ab Flavio devrait partir, et il ne semble pas qu\u2019il soit pr\u00eat \u00e0 partir de sit\u00f4t. Il peut attendre. Christian n\u2019a pas besoin de se pr\u00e9cipiter. \u00bb<\/p>\n<p>Horner, qui a empoch\u00e9 la coquette somme de 100 millions d\u2019euros pour quitter Red Bull, n\u2019a visiblement pas envie d\u2019attendre. Bloqu\u00e9 par une p\u00e9riode de \u00ab jardinage \u00bb (temps d\u00e9fini o\u00f9 le personnel quittant une \u00e9quipe ne peut pas travailler pour une autre structure, NDLR), le Britannique commence d\u00e9j\u00e0 \u00e0 t\u00e2ter le terrain, notamment chez Haas, l\u2019ancienne formation de G\u00fcnther Steiner.<\/p>\n<p>Dans le paddock de Singapour, Ayao Komatsu, le successeur de Steiner, a confirm\u00e9 que Christian Horner avait approch\u00e9 l\u2019\u00e9quipe de Banbury ces derni\u00e8res semaines : \u00ab Oui, c\u2019est vrai qu\u2019il nous a approch\u00e9s. Et ensuite, quelqu\u2019un de chez nous a eu une discussion exploratoire. Et c\u2019est tout. Rien n\u2019est all\u00e9 plus loin. \u00bb Christian Horner pourrait donc revenir en Formule 1 dans un r\u00f4le bien diff\u00e9rent, en cherchant \u00e0 acqu\u00e9rir totalement ou partiellement une \u00e9quipe.<\/p>\n<p>Ce r\u00f4le d\u00e9cisionnel changerait drastiquement de l\u2019op\u00e9rationnel que commandait le Britannique de 51 ans, mais la trajectoire semble naturelle pour Horner, \u00e9galement cit\u00e9 du c\u00f4t\u00e9 de Cadillac ces derniers mois \u2013 ce qu\u2019avait fermement d\u00e9menti le team principal des Am\u00e9ricains, Graeme Lowdon. Des rumeurs plus n\u00e9buleuses font \u00e9tat d\u2019un \u00e9ventuel projet de 12\u1d49 \u00e9curie que pourrait lancer Christian Horner, mais les d\u00e9lais pour une entr\u00e9e d\u00e8s 2026 sont intenables, et d\u00e9barquer sur la grille un an apr\u00e8s le d\u00e9but de la nouvelle r\u00e9glementation serait un d\u00e9savantage cons\u00e9quent face aux autres formations qui auront eu une ann\u00e9e d\u2019apprentissage et de d\u00e9veloppement.<\/p>\n<p>Face \u00e0 toutes ces options, Horner n\u2019a pas communiqu\u00e9 et il n\u2019est pas exclu qu\u2019il attende patiemment la bonne opportunit\u00e9, en profitant pour l\u2019heure d\u2019un peu de calme et de r\u00e9pit qui lui a certainement manqu\u00e9 ces vingt derni\u00e8res ann\u00e9es. Mais quand on a la passion de la Formule 1 chevill\u00e9e au corps, l\u2019appel de la piste n\u2019est jamais loin\u2026<\/p>\n<p><strong>\u00c0 LIRE AUSSI &gt; <a href=\"https:\/\/www.autohebdo.fr\/actualites\/f1\/christian-horner-et-red-bull-officialisent-le-divorce-avec-une-indemnite-consequente.html\" target=\"_blank\" rel=\"noopener\">Christian Horner et Red Bull officialisent le divorce avec une indemnit\u00e9 cons\u00e9quente<\/a><\/strong><\/p>\n","protected":false},"excerpt":{"rendered":"Il y a des CV qui p\u00e8sent forc\u00e9ment plus que d\u2019autres. Lorsque Lewis Hamilton a pos\u00e9 le pied&hellip;\n","protected":false},"author":2,"featured_media":436280,"comment_status":"","ping_status":"","sticky":false,"template":"","format":"standard","meta":{"footnotes":""},"categories":[1412],"tags":[1451,1452,1453,1454,1455,1011,27,60],"class_list":{"0":"post-436279","1":"post","2":"type-post","3":"status-publish","4":"format-standard","5":"has-post-thumbnail","7":"category-f1","8":"tag-f1","9":"tag-formula-1","10":"tag-formula1","11":"tag-formule-1","12":"tag-formule1","13":"tag-fr","14":"tag-france","15":"tag-sports"},"share_on_mastodon":{"url":"https:\/\/pubeurope.com\/@fr\/115310521464203967","error":""},"_links":{"self":[{"href":"https:\/\/www.europesays.com\/fr\/wp-json\/wp\/v2\/posts\/436279","targetHints":{"allow":["GET"]}}],"collection":[{"href":"https:\/\/www.europesays.com\/fr\/wp-json\/wp\/v2\/posts"}],"about":[{"href":"https:\/\/www.europesays.com\/fr\/wp-json\/wp\/v2\/types\/post"}],"author":[{"embeddable":true,"href":"https:\/\/www.europesays.com\/fr\/wp-json\/wp\/v2\/users\/2"}],"replies":[{"embeddable":true,"href":"https:\/\/www.europesays.com\/fr\/wp-json\/wp\/v2\/comments?post=436279"}],"version-history":[{"count":0,"href":"https:\/\/www.europesays.com\/fr\/wp-json\/wp\/v2\/posts\/436279\/revisions"}],"wp:featuredmedia":[{"embeddable":true,"href":"https:\/\/www.europesays.com\/fr\/wp-json\/wp\/v2\/media\/436280"}],"wp:attachment":[{"href":"https:\/\/www.europesays.com\/fr\/wp-json\/wp\/v2\/media?parent=436279"}],"wp:term":[{"taxonomy":"category","embeddable":true,"href":"https:\/\/www.europesays.com\/fr\/wp-json\/wp\/v2\/categories?post=436279"},{"taxonomy":"post_tag","embeddable":true,"href":"https:\/\/www.europesays.com\/fr\/wp-json\/wp\/v2\/tags?post=436279"}],"curies":[{"name":"wp","href":"https:\/\/api.w.org\/{rel}","templated":true}]}}