{"id":43628,"date":"2025-04-22T09:35:13","date_gmt":"2025-04-22T09:35:13","guid":{"rendered":"https:\/\/www.europesays.com\/fr\/43628\/"},"modified":"2025-04-22T09:35:13","modified_gmt":"2025-04-22T09:35:13","slug":"webinaire-calcul-de-la-retraite-entre-la-france-et-le-royaume-uni","status":"publish","type":"post","link":"https:\/\/www.europesays.com\/fr\/43628\/","title":{"rendered":"[Webinaire] Calcul de la retraite entre la France et le Royaume-Uni"},"content":{"rendered":"<p>Rejoignez-nous jeudi 22 mai pour un webinaire gratuit o\u00f9 nous aborderons le th\u00e8me du calcul de la retraite des expatri\u00e9s au Royaume-Uni.<\/p>\n<p>Avec <strong>Philippe Plantadi <\/strong>de Novelvy Retraite, nous d\u00e9velopperons les sujets suivants :\u00a0<br \/>\ud83d\udc49 Pr\u00e9sentation des r\u00e8gles d\u2019obtention et de calcul<br \/>\ud83d\udc49 L\u2019impact des conventions de s\u00e9curit\u00e9 sociale<br \/>\ud83d\udc49 Les options qui s\u2019offrent aux assur\u00e9s (affiliation volontaire aux r\u00e9gimes fran\u00e7ais, rachat de trimestres, cumul emploi-retraite)\u00a0<br \/>\ud83d\udc49 Les pr\u00e9cautions \u00e0 prendre au moment du retour en France<\/p>\n<p>Jeudi 22 mai \u00e0 14h<br \/>[<a href=\"https:\/\/us02web.zoom.us\/webinar\/register\/WN_x7Z3ycEuRcSnZP8zmGeZhw#\/registration\" target=\"_blank\" rel=\"noreferrer noopener nofollow\">Inscription gratuite<\/a>]<\/p>\n<p>Vous aurez l\u2019occasion de poser vos questions en direct pendant le webinaire. Vous pouvez \u00e9galement nous les envoyer en amont du webinaire, \u00e0: <a href=\"https:\/\/london.frenchmorning.com\/cdn-cgi\/l\/email-protection\" class=\"__cf_email__\" data-cfemail=\"5d2f2d32342f32291d3b2f38333e3530322f3334333a733e3230\" rel=\"nofollow noopener\" target=\"_blank\">[email\u00a0protected]<\/a><\/p>\n","protected":false},"excerpt":{"rendered":"Rejoignez-nous jeudi 22 mai pour un webinaire gratuit o\u00f9 nous aborderons le th\u00e8me du calcul de la retraite&hellip;\n","protected":false},"author":2,"featured_media":43629,"comment_status":"","ping_status":"","sticky":false,"template":"","format":"standard","meta":{"footnotes":""},"categories":[1588],"tags":[11,1777,674,12,13101,473,1853,1851,1850,1852,13102],"class_list":{"0":"post-43628","1":"post","2":"type-post","3":"status-publish","4":"format-standard","5":"has-post-thumbnail","7":"category-royaume-uni","8":"tag-actualites","9":"tag-eu","10":"tag-europe","11":"tag-news","12":"tag-novelvy","13":"tag-royaume-uni","14":"tag-royaume-uni-de-grande-bretagne-et-dirlande-du-nord","15":"tag-uk","16":"tag-united-kingdom","17":"tag-united-kingdom-of-great-britain-and-northern-ireland","18":"tag-webinaire"},"share_on_mastodon":{"url":"https:\/\/pubeurope.com\/@fr\/114380939324621055","error":""},"_links":{"self":[{"href":"https:\/\/www.europesays.com\/fr\/wp-json\/wp\/v2\/posts\/43628","targetHints":{"allow":["GET"]}}],"collection":[{"href":"https:\/\/www.europesays.com\/fr\/wp-json\/wp\/v2\/posts"}],"about":[{"href":"https:\/\/www.europesays.com\/fr\/wp-json\/wp\/v2\/types\/post"}],"author":[{"embeddable":true,"href":"https:\/\/www.europesays.com\/fr\/wp-json\/wp\/v2\/users\/2"}],"replies":[{"embeddable":true,"href":"https:\/\/www.europesays.com\/fr\/wp-json\/wp\/v2\/comments?post=43628"}],"version-history":[{"count":0,"href":"https:\/\/www.europesays.com\/fr\/wp-json\/wp\/v2\/posts\/43628\/revisions"}],"wp:featuredmedia":[{"embeddable":true,"href":"https:\/\/www.europesays.com\/fr\/wp-json\/wp\/v2\/media\/43629"}],"wp:attachment":[{"href":"https:\/\/www.europesays.com\/fr\/wp-json\/wp\/v2\/media?parent=43628"}],"wp:term":[{"taxonomy":"category","embeddable":true,"href":"https:\/\/www.europesays.com\/fr\/wp-json\/wp\/v2\/categories?post=43628"},{"taxonomy":"post_tag","embeddable":true,"href":"https:\/\/www.europesays.com\/fr\/wp-json\/wp\/v2\/tags?post=43628"}],"curies":[{"name":"wp","href":"https:\/\/api.w.org\/{rel}","templated":true}]}}