{"id":436288,"date":"2025-10-03T13:45:13","date_gmt":"2025-10-03T13:45:13","guid":{"rendered":"https:\/\/www.europesays.com\/fr\/436288\/"},"modified":"2025-10-03T13:45:13","modified_gmt":"2025-10-03T13:45:13","slug":"reve-de-predateur-liberation","status":"publish","type":"post","link":"https:\/\/www.europesays.com\/fr\/436288\/","title":{"rendered":"r\u00eave de pr\u00e9dateur \u2013 Lib\u00e9ration"},"content":{"rendered":"<p class=\"sc-cPiKLX AiZTS text-element\">Il y a eu une dictature militaire au Br\u00e9sil, entre 1964 et 1985. Elle a ses nostalgiques. Dans un h\u00f4tel de Brasilia, au d\u00e9but de cette \u00e9poque pas si lointaine, un homme rencontre un grad\u00e9 et enregistre, en douce, leur conversation. Il n\u2019a pourtant rien d\u2019un justicier. Il est l\u00e0 pour s\u2019enrichir gr\u00e2ce au militaire qui touchera une commission. Alors, pourquoi enregistrer ? La vie, comme les bons livres, offre plus de contradictions que de r\u00e9ponses et plus de myst\u00e8res que de certitudes.<\/p>\n<p class=\"sc-cPiKLX AiZTS text-element\">L\u2019enfant de cet homme, alors \u00e2g\u00e9 de 7 ans, est le personnage central des Rempla\u00e7ants, nouveau roman du <a href=\"https:\/\/www.liberation.fr\/culture\/livres\/la-derniere-joie-du-monde-de-bernardo-carvalho-virus-et-coutumes-20240126_477U4E5PT5A33D5GFRAYMWBZMI\/\" target=\"_blank\" rel=\"noopener\" title=\"https:\/\/www.liberation.fr\/culture\/livres\/la-derniere-joie-du-monde-de-bernardo-carvalho-virus-et-coutumes-20240126_477U4E5PT5A33D5GFRAYMWBZMI\/\">Br\u00e9silien Bernardo Carvalho<\/a>. Plus tard, il \u00e9coute l\u2019enregistrement. Le grad\u00e9 fait au p\u00e8re une proposition lucrative que celui-ci ne va pas refuser (\u00abParce que son p\u00e8re vendait son \u00e2me, si tant est qu\u2019il en ait une\u00bb). On est entre \u00abpionniers\u00bb. Ce que le militaire dit, et comment il le dit, annonce la spoliation des terres indiennes, leur d\u00e9forestation, et la bonne et brutale conscience du fascisme : \u00abNous avons un plan. Et nous n\u2019allons pas g\u00e2cher cette chance. Notre r\u00eave est plus grand que tout ce qu\u2019on a d\u00e9j\u00e0 imagin\u00e9 pour ce pays. Nous n\u2019allons pa <\/p>\n","protected":false},"excerpt":{"rendered":"Il y a eu une dictature militaire au Br\u00e9sil, entre 1964 et 1985. Elle a ses nostalgiques. Dans&hellip;\n","protected":false},"author":2,"featured_media":436289,"comment_status":"","ping_status":"","sticky":false,"template":"","format":"standard","meta":{"footnotes":""},"categories":[1357],"tags":[1379,2548,10488,58,59,1011,27,1380],"class_list":{"0":"post-436288","1":"post","2":"type-post","3":"status-publish","4":"format-standard","5":"has-post-thumbnail","7":"category-livres","8":"tag-books","9":"tag-bresil","10":"tag-cahier-livres","11":"tag-divertissement","12":"tag-entertainment","13":"tag-fr","14":"tag-france","15":"tag-livres"},"share_on_mastodon":{"url":"https:\/\/pubeurope.com\/@fr\/115310541206052506","error":""},"_links":{"self":[{"href":"https:\/\/www.europesays.com\/fr\/wp-json\/wp\/v2\/posts\/436288","targetHints":{"allow":["GET"]}}],"collection":[{"href":"https:\/\/www.europesays.com\/fr\/wp-json\/wp\/v2\/posts"}],"about":[{"href":"https:\/\/www.europesays.com\/fr\/wp-json\/wp\/v2\/types\/post"}],"author":[{"embeddable":true,"href":"https:\/\/www.europesays.com\/fr\/wp-json\/wp\/v2\/users\/2"}],"replies":[{"embeddable":true,"href":"https:\/\/www.europesays.com\/fr\/wp-json\/wp\/v2\/comments?post=436288"}],"version-history":[{"count":0,"href":"https:\/\/www.europesays.com\/fr\/wp-json\/wp\/v2\/posts\/436288\/revisions"}],"wp:featuredmedia":[{"embeddable":true,"href":"https:\/\/www.europesays.com\/fr\/wp-json\/wp\/v2\/media\/436289"}],"wp:attachment":[{"href":"https:\/\/www.europesays.com\/fr\/wp-json\/wp\/v2\/media?parent=436288"}],"wp:term":[{"taxonomy":"category","embeddable":true,"href":"https:\/\/www.europesays.com\/fr\/wp-json\/wp\/v2\/categories?post=436288"},{"taxonomy":"post_tag","embeddable":true,"href":"https:\/\/www.europesays.com\/fr\/wp-json\/wp\/v2\/tags?post=436288"}],"curies":[{"name":"wp","href":"https:\/\/api.w.org\/{rel}","templated":true}]}}