{"id":436290,"date":"2025-10-03T13:46:29","date_gmt":"2025-10-03T13:46:29","guid":{"rendered":"https:\/\/www.europesays.com\/fr\/436290\/"},"modified":"2025-10-03T13:46:29","modified_gmt":"2025-10-03T13:46:29","slug":"a-40-degres-en-plein-soleil-cetait-complique-folco-marchi-ludo-devoile-les-coulisses-du-tournage-de-lintrigue-de-la-secheresse","status":"publish","type":"post","link":"https:\/\/www.europesays.com\/fr\/436290\/","title":{"rendered":"\u00ab\u00a0\u00c0 40 degr\u00e9s, en plein soleil, c&rsquo;\u00e9tait compliqu\u00e9\u00a0\u00bb, Folco Marchi (Ludo) d\u00e9voile les coulisses du tournage de l&rsquo;intrigue de la s\u00e8cheresse"},"content":{"rendered":"<p>Dans l&rsquo;\u00e9pisode d&rsquo;Un si grand soleil diffus\u00e9 ce mardi 30 septembre 2025 sur France 3, la s\u00e8cheresse continue de frapper dans la r\u00e9gion de Montpellier et met \u00e0 mal les exploitations agricoles, dont celle de Ludo et Elodie. L&rsquo;interpr\u00e8te de ce dernier, Folco Marchi, a d\u00e9voil\u00e9 \u00e0 T\u00e9l\u00e9-Loisirs les coulisses de cette intrigues.<\/p>\n<p>Depuis des jours et des jours, nulle goutte de pluie \u00e0 l&rsquo;horizon dans <b>Un si grand soleil<\/b> sur France 3. Cette situation de s\u00e9cheresse s&rsquo;av\u00e8re des plus dramatiques pour les agriculteurs de la r\u00e9gion montpelli\u00e9raine, \u00e0 commencer par <b>Ludo<\/b> (<a href=\"https:\/\/www.programme-tv.net\/news\/series-tv\/384060-jai-beaucoup-aime-tourner-ma-mort-folco-marchi-se-confie-avec-humour-sur-son-role-dans-opj-sur-france-3\/\" data-api-deeplink=\"teleloisirs:\/\/news\/384060\" target=\"_blank\" rel=\"noopener\">Folco Marchi apparu cet \u00e9t\u00e9 dans OPJ<\/a>) et Elodie. Pour maintenir les b\u00eates et les cultures de leur<a href=\"https:\/\/www.programme-tv.net\/news\/series-tv\/384178-un-si-grand-soleil-on-sy-croirait-vraiment-folco-marchi-fan-du-nouveau-decor-de-la-coloc-a-la-ferme-il-nous-raconte\/\" data-api-deeplink=\"teleloisirs:\/\/news\/384178\" target=\"_blank\" rel=\"noopener\"> ferme<\/a> en vie, ils doivent donc d\u00e9penser de grosses sommes afin de remplir d\u2019eau leur citerne. Dans <a href=\"https:\/\/www.programme-tv.net\/news\/series-tv\/388566-un-si-grand-soleil-en-avance-hugo-retrouve-l-arme-qui-a-blesse-pauline-charlotte-a-des-doutes-a-propos-d-achille-le-resume-de-l-episode-1760-du-mardi-30-septembre-2025\/\" data-api-deeplink=\"teleloisirs:\/\/news\/388566\" target=\"_blank\" rel=\"noopener\">l&rsquo;\u00e9pisode diffus\u00e9 ce mardi 30 septembre 2025<\/a>, la situation s&rsquo;aggrave encore et leur exploitation passe en zone rouge.<\/p>\n<p>Un si grand soleil : Ce qui vous attend dans l&rsquo;\u00e9pisode du mardi 30 septembre 2025<\/p>\n<p>Dans Un si grand soleil ce mardi 30 septembre, Ludo annonce \u00e0 Louis et R\u00e9mi qu&rsquo;il va devoir \u00e0 nouveau commander un plein pour la citerne d&rsquo;eau. Il pr\u00e9vient \u00e9galement Elodie que L\u00e9o a \u00e9t\u00e9 plac\u00e9 en garde-\u00e0-vue dans le cadre de l&rsquo;enqu\u00eate sur l&rsquo;agression de Pauline. Plus tard, William vient dire \u00e0 Elodie et Ludo que Jean Laverne, \u00e0 la t\u00eate du syndicat des agriculteurs de la r\u00e9gion, va organiser une r\u00e9union pour trouver des moyens d&rsquo;action afin que leurs exploitations survivent \u00e0 cette s\u00e9cheresse. De leur c\u00f4t\u00e9, Yann (Constantin Balsan) et Hugo (Bibi Tanga) partent faire une perquisition sur la propri\u00e9t\u00e9 de Pauline et L\u00e9o. Ils y retrouvent un pied de chaise qui a tout l&rsquo;air d&rsquo;\u00eatre l&rsquo;arme de l&rsquo;agression de la jeune femme.<\/p>\n<p>                        Un si grand soleil : \u00ab\u00a0Il faisait vraiment chaud\u00a0\u00bb, Folco Marchi (Ludo) \u00e9voque les coulisses de cette intrigue<\/p>\n<p>Ce tournage dans la r\u00e9gion de Montpellier n&rsquo;a pas \u00e9t\u00e9 de tout repos pour les acteurs d&rsquo;Un si grand soleil : \u00ab\u00a0C&rsquo;est tr\u00e8s sympa \u00e0 jouer, tr\u00e8s intense, parce qu&rsquo;il faisait vraiment chaud, pour de vrai. \u00c0 40 degr\u00e9s, en plein soleil, c&rsquo;\u00e9tait compliqu\u00e9. Mais c&rsquo;\u00e9tait tr\u00e8s agr\u00e9able. On a de magnifiques d\u00e9cors aussi\u00a0\u00bb, nous a confi\u00e9 Folco Marchi. Cette intrigue est en tout cas loin d&rsquo;\u00eatre termin\u00e9e et promet quelques rebondissements inattendus !<\/p>\n<p>Propos recueillis par Thomas Robert<\/p>\n","protected":false},"excerpt":{"rendered":"Dans l&rsquo;\u00e9pisode d&rsquo;Un si grand soleil diffus\u00e9 ce mardi 30 septembre 2025 sur France 3, la s\u00e8cheresse continue&hellip;\n","protected":false},"author":2,"featured_media":436291,"comment_status":"","ping_status":"","sticky":false,"template":"","format":"standard","meta":{"footnotes":""},"categories":[1356],"tags":[244,58,59,56373,1011,27,876,252,1364,9766],"class_list":{"0":"post-436290","1":"post","2":"type-post","3":"status-publish","4":"format-standard","5":"has-post-thumbnail","7":"category-television","8":"tag-commentaire","9":"tag-divertissement","10":"tag-entertainment","11":"tag-folco-marchi","12":"tag-fr","13":"tag-france","14":"tag-france-3","15":"tag-television","16":"tag-tv","17":"tag-un-si-grand-soleil"},"share_on_mastodon":{"url":"https:\/\/pubeurope.com\/@fr\/115310545253844787","error":""},"_links":{"self":[{"href":"https:\/\/www.europesays.com\/fr\/wp-json\/wp\/v2\/posts\/436290","targetHints":{"allow":["GET"]}}],"collection":[{"href":"https:\/\/www.europesays.com\/fr\/wp-json\/wp\/v2\/posts"}],"about":[{"href":"https:\/\/www.europesays.com\/fr\/wp-json\/wp\/v2\/types\/post"}],"author":[{"embeddable":true,"href":"https:\/\/www.europesays.com\/fr\/wp-json\/wp\/v2\/users\/2"}],"replies":[{"embeddable":true,"href":"https:\/\/www.europesays.com\/fr\/wp-json\/wp\/v2\/comments?post=436290"}],"version-history":[{"count":0,"href":"https:\/\/www.europesays.com\/fr\/wp-json\/wp\/v2\/posts\/436290\/revisions"}],"wp:featuredmedia":[{"embeddable":true,"href":"https:\/\/www.europesays.com\/fr\/wp-json\/wp\/v2\/media\/436291"}],"wp:attachment":[{"href":"https:\/\/www.europesays.com\/fr\/wp-json\/wp\/v2\/media?parent=436290"}],"wp:term":[{"taxonomy":"category","embeddable":true,"href":"https:\/\/www.europesays.com\/fr\/wp-json\/wp\/v2\/categories?post=436290"},{"taxonomy":"post_tag","embeddable":true,"href":"https:\/\/www.europesays.com\/fr\/wp-json\/wp\/v2\/tags?post=436290"}],"curies":[{"name":"wp","href":"https:\/\/api.w.org\/{rel}","templated":true}]}}