{"id":436292,"date":"2025-10-03T13:47:21","date_gmt":"2025-10-03T13:47:21","guid":{"rendered":"https:\/\/www.europesays.com\/fr\/436292\/"},"modified":"2025-10-03T13:47:21","modified_gmt":"2025-10-03T13:47:21","slug":"un-album-commun-en-preparation","status":"publish","type":"post","link":"https:\/\/www.europesays.com\/fr\/436292\/","title":{"rendered":"un album commun en pr\u00e9paration !"},"content":{"rendered":"<p itemprop=\"description\"><strong>D\u00e9cid\u00e9ment, Young Thug a bien chang\u00e9 ces derniers mois.<\/strong><\/p>\n<p>Les choses sont en train de bouger rapidement du c\u00f4t\u00e9 d&rsquo;Atlanta depuis <a href=\"https:\/\/generations.fr\/news\/musique\/80355\/young-thug-s-explique-sur-sa-whiteface-pour-al-cover-de-uy-scuti-on-a-toujours-blague-la-dessus-au-quartier\" target=\"_blank\" rel=\"noopener nofollow\"><strong>la sortie de l&rsquo;album de Young Thug, le tr\u00e8s attendu \u00ab\u00a0UY Scuti\u00a0\u00bb<\/strong><\/a>. Un projet avec lequel Thugger semble prendre un nouveau d\u00e9part, et <strong>met fin \u00e0 de nombreuses rumeurs de clash : avec Future, Drake, YFN Lucci, mais aussi avec Lil Wayne.<\/strong> Alors qu&rsquo;il \u00e9tait <strong>suspect\u00e9 d&rsquo;avoir eu un r\u00f4le dans la tentative d&rsquo;assassinat de Lil Wayne qui a eu lieu en 2015<\/strong>, les deux artistes semblent aujourd&rsquo;hui avoir fait la paix, et <a href=\"https:\/\/generations.fr\/news\/musique\/80351\/young-thug-fait-polemique-avec-sa-whiteface-sur-la-cover-de-uy-scuti\" target=\"_blank\" rel=\"noopener nofollow\">Young Thug<\/a> vient m\u00eame d&rsquo;annoncer qu&rsquo;<strong>un album commun \u00e9tait en pr\u00e9paration<\/strong> !<\/p>\n<p>Lors de son passage sur \u00ab\u00a0The Pivot Podcast\u00a0\u00bb, Young Thug a beaucoup parl\u00e9 de sa relation avec Weezy et sur la mani\u00e8re dont leur pr\u00e9tendue rivalit\u00e9 avait \u00e9t\u00e9 amplifi\u00e9e par Internet :<\/p>\n<blockquote><p>&#13;<\/p>\n<p><strong>Il n&rsquo;est pas sur Internet. Il se fiait simplement \u00e0 ce que les gens lui disaient ou \u00e0 ce que les fans disaient. Donc, il ne regardait pas Internet. Il devait juste \u00eatre \u00e0 un de ses concerts, et ses fans disaient genre &lsquo;Nique Young Thug, ce mec veut juste \u00eatre toi. C&rsquo;est une salope. Il porte une robe&rsquo;. Il a \u00e9t\u00e9 nourri avec ce genre de merdes.<\/strong><\/p>\n<p>&#13;<\/p>\n<p><strong>On a une bien meilleure relation maintenant. On a un album en route et tout \u00e7a. On s\u2019est juste pas encore pos\u00e9s pour vraiment tout mettre ensemble et sortir l\u2019album ensemble.<\/strong><\/p>\n<p>&#13;\n<\/p><\/blockquote>\n<p>Voil\u00e0 une nouvelle int\u00e9ressante pour le rap game : <strong>un album commun entre Young Thug et Lil Wayne devrait donc bient\u00f4t voir le jour<\/strong>, m\u00eame si on n&rsquo;a aucune id\u00e9e de la date exacte. Au vu du <a href=\"https:\/\/generations.fr\/news\/musique\/79895\/lil-wayne-devoile-son-album-tha-carter-vi-avec-bono-2-chainz-big-sean-kodak-black\" target=\"_blank\" rel=\"noopener nofollow\">dernier album en date de Lil Wayne<\/a>, on peut se dire que la qualit\u00e9 ne sera peut-\u00eatre pas au rendez-vous, mais ne serait-ce que pour le symbole, ce serait un grand moment pour le rap US. Cependant, il va vraiment falloir un jour r\u00e9gler cette historie de tentative d&rsquo;assassinat par certains membres de YSL&#8230;<\/p>\n<blockquote class=\"twitter-tweet\"><p>&#13;<\/p>\n<p dir=\"ltr\" lang=\"en\">Young Thug says everything is cool between him and Lil Wayne, and their issues have been settled since 2018. <\/p>\n<p>Thug explains what he think happened that made their beef more complicated.<\/p>\n<p>\u00ab\u00a0He [Lil Wayne] ain&rsquo;t on the internet,\u00a0\u00bb Thug tells The Pivot Podcast. \u00ab\u00a0He was just like\u2026 <a href=\"https:\/\/t.co\/XgbjwgvhHP\" rel=\"nofollow\">pic.twitter.com\/XgbjwgvhHP<\/a><\/p>\n<p>&#13;<br \/>\n\u2014 XXL Magazine (@XXL) <a href=\"https:\/\/twitter.com\/XXL\/status\/1972665659969470800?ref_src=twsrc%5Etfw\" rel=\"nofollow noopener\" target=\"_blank\">September 29, 2025<\/a><\/p><\/blockquote>\n<p>\t\t\t\t\t\t\t\t\t\t\t\t\t\t\t\t\t\t\t<script async src=\"https:\/\/platform.twitter.com\/widgets.js\" charset=\"utf-8\"><\/script><\/p>\n","protected":false},"excerpt":{"rendered":"D\u00e9cid\u00e9ment, Young Thug a bien chang\u00e9 ces derniers mois. Les choses sont en train de bouger rapidement du&hellip;\n","protected":false},"author":2,"featured_media":436293,"comment_status":"","ping_status":"","sticky":false,"template":"","format":"standard","meta":{"footnotes":""},"categories":[1355],"tags":[3627,3628,3626,3632,3631,3630,3629,3649,3634,3647,3663,3625,3623,3646,2163,3648,3645,58,59,3660,1011,27,3612,3620,3606,3607,3605,3608,3665,3657,3622,3613,3617,3615,3609,3614,3659,3654,3643,3653,3650,3641,3636,3642,3638,3651,3635,1361,873,12,3624,626,3639,2189,3658,1825,3618,3616,3661,3656,3619,3621,3662,3640,3664,3633,3644,3611,3610,3637,1863,2955,3655,3652],"class_list":{"0":"post-436292","1":"post","2":"type-post","3":"status-publish","4":"format-standard","5":"has-post-thumbnail","7":"category-musique","8":"tag-3627","9":"tag-3628","10":"tag-3626","11":"tag-3632","12":"tag-3631","13":"tag-3630","14":"tag-3629","15":"tag-al-peco","16":"tag-alibi","17":"tag-alpeco","18":"tag-b2o","19":"tag-banlieue","20":"tag-black","21":"tag-booba","22":"tag-chroniques","23":"tag-despo","24":"tag-diams","25":"tag-divertissement","26":"tag-entertainment","27":"tag-exclus","28":"tag-fr","29":"tag-france","30":"tag-freestyles","31":"tag-funk","32":"tag-generation","33":"tag-generation88-2","34":"tag-generations","35":"tag-generations88-2","36":"tag-generationslive","37":"tag-genratio","38":"tag-grime","39":"tag-hip","40":"tag-hip-hop","41":"tag-hiphop","42":"tag-hiphopsoul","43":"tag-hop","44":"tag-hotlist","45":"tag-james","46":"tag-k1fry","47":"tag-kerry","48":"tag-larsen","49":"tag-lim","50":"tag-lskadrille","51":"tag-mafia","52":"tag-mctyer","53":"tag-medine","54":"tag-montana","55":"tag-music","56":"tag-musique","57":"tag-news","58":"tag-noir","59":"tag-paris","60":"tag-parishiphop","61":"tag-photos","62":"tag-playlist","63":"tag-radio","64":"tag-ragga","65":"tag-rap","66":"tag-rap-francais","67":"tag-rapfr","68":"tag-reggae","69":"tag-rnb","70":"tag-roh2f","71":"tag-rue","72":"tag-ruskov-molotov","73":"tag-sefyu","74":"tag-sinik","75":"tag-sons","76":"tag-soul","77":"tag-tandem","78":"tag-us","79":"tag-videos","80":"tag-webradio","81":"tag-youssoupha"},"share_on_mastodon":{"url":"","error":"Validation failed: Text character limit of 500 exceeded"},"_links":{"self":[{"href":"https:\/\/www.europesays.com\/fr\/wp-json\/wp\/v2\/posts\/436292","targetHints":{"allow":["GET"]}}],"collection":[{"href":"https:\/\/www.europesays.com\/fr\/wp-json\/wp\/v2\/posts"}],"about":[{"href":"https:\/\/www.europesays.com\/fr\/wp-json\/wp\/v2\/types\/post"}],"author":[{"embeddable":true,"href":"https:\/\/www.europesays.com\/fr\/wp-json\/wp\/v2\/users\/2"}],"replies":[{"embeddable":true,"href":"https:\/\/www.europesays.com\/fr\/wp-json\/wp\/v2\/comments?post=436292"}],"version-history":[{"count":0,"href":"https:\/\/www.europesays.com\/fr\/wp-json\/wp\/v2\/posts\/436292\/revisions"}],"wp:featuredmedia":[{"embeddable":true,"href":"https:\/\/www.europesays.com\/fr\/wp-json\/wp\/v2\/media\/436293"}],"wp:attachment":[{"href":"https:\/\/www.europesays.com\/fr\/wp-json\/wp\/v2\/media?parent=436292"}],"wp:term":[{"taxonomy":"category","embeddable":true,"href":"https:\/\/www.europesays.com\/fr\/wp-json\/wp\/v2\/categories?post=436292"},{"taxonomy":"post_tag","embeddable":true,"href":"https:\/\/www.europesays.com\/fr\/wp-json\/wp\/v2\/tags?post=436292"}],"curies":[{"name":"wp","href":"https:\/\/api.w.org\/{rel}","templated":true}]}}