{"id":436296,"date":"2025-10-03T13:49:09","date_gmt":"2025-10-03T13:49:09","guid":{"rendered":"https:\/\/www.europesays.com\/fr\/436296\/"},"modified":"2025-10-03T13:49:09","modified_gmt":"2025-10-03T13:49:09","slug":"il-nous-faut-la-verite-la-detresse-de-lex-petite-amie-doussama-decede-de-la-rage-a-perpignan-le-parisien","status":"publish","type":"post","link":"https:\/\/www.europesays.com\/fr\/436296\/","title":{"rendered":"\u00ab Il nous faut la v\u00e9rit\u00e9 \u00bb : la d\u00e9tresse de l\u2019ex-petite amie d\u2019Oussama, d\u00e9c\u00e9d\u00e9 de la rage \u00e0 Perpignan &#8211; Le Parisien"},"content":{"rendered":"<ol>\n<li><a href=\"https:\/\/news.google.com\/rss\/articles\/CBMihAJBVV95cUxOb1dnWHk3dkxnR3BkS2FZeFpEZl9PUUNzSzhYVHlISENwcVBObmtrQVZSRFhVUUJYMUdBa05CQVVMOWpJU2pLQm40enA1cTdPd3Z5ZmFuWVJfY0FDOGRMdFBZa216aGd0VXlmREVRYmdmdlUteUZtWmROUEJXQ0NyQ2hyVU1TZ3l1TlB4QnBIUzV1aDBXXzZUay1WV2UzSmFqQUNaalk4LTlULWVsVjFVMEFUMDUxNFRrWFEwcGxvamVxVkZCblBXZVV1Wk0tX3l6UVg5aTBjX0MwSTRYXzVTV0NVZnQtbkdybTZmUFFJcWE3eUo2SlZVSGRWc05GZEdRTVIycg?oc=5\" target=\"_blank\" rel=\"noopener\">\u00ab Il nous faut la v\u00e9rit\u00e9 \u00bb : la d\u00e9tresse de l\u2019ex-petite amie d\u2019Oussama, d\u00e9c\u00e9d\u00e9 de la rage \u00e0 Perpignan<\/a>&nbsp;&nbsp;Le Parisien<\/li>\n<li><a href=\"https:\/\/news.google.com\/rss\/articles\/CBMiiAJBVV95cUxQcHdWWGNqbGk2bERHMHNkcTkzUnRNb09NSUxHeHY3ZU9ScGx4a2NVOHZTVVBHTVU0bmxTRWl3bFdUOUxheTM2WHhJc3lzaWdIbV8wUWVnZ3dORDNaZDAyLVBXOURFeTFwczk0MDNGRlRzZXlYZG1tQmlzb3VIMWl5c2YxeXIyT0ZXYVpuZENXN1p3Q3UxWmtvNUg1bnNzRHQ1LXN2UHF2SWVYczN2RnBya2tYN2N6Rkg3aXA5SnptNFBWRnBtZmdER1VXYndJVDg5bnd3eGxHOTlBeURET1FHRzM1MnB6WG9PaVBPMk1vNTI5cm50T1lXQlh2S0M5TlNTWU9vOG9uamY?oc=5\" target=\"_blank\" rel=\"noopener\">Jeune homme mort de la rage : son ex-compagne estime que la victime a tr\u00e8s bien pu attraper le virus \u00e0 Perpignan et non en Alg\u00e9rie<\/a>&nbsp;&nbsp;Midi Libre<\/li>\n<li><a href=\"https:\/\/news.google.com\/rss\/articles\/CBMi1gFBVV95cUxPdGR3SVhZSWg1MWhJRVdoVkZJWkdLVWYzMEx0dkZfWUtaU0c4WkthRmItNU1kZU05aHBGendScUpONEdGTXMzekRtVjVyM29XYXRpM0VVdDVtRzlsZk9Lb0RuWE5IZ3BuVDBnTDVnOFg3ajdjV1NQbkpGM3hBWVNlMS1hU0NVNHZVWHpwU2NQNEZOckh3cTN0RXBlR05GdGp3T2pCVHF0Y2tsbnA2OHlIbE9SQ0JyVC1LbXpQVTFXbE4xVm96ZGhvWHk4cUptekEtZ3VfOXV3?oc=5\" target=\"_blank\" rel=\"noopener\">Cas mortel de rage \u00e0 Perpignan : sympt\u00f4mes, temps d&rsquo;incubation&#8230; Comment r\u00e9agir en cas de morsure<\/a>&nbsp;&nbsp;RTL.fr<\/li>\n<li><a href=\"https:\/\/news.google.com\/rss\/articles\/CBMi_wFBVV95cUxPX2ZvOEZPSFhCc1NvTV9lYjV0a0NlVlpYQVk3TlNpLTdEV0dFajc2Y090RWluc2xMYmZwbmNwbmdyZFoxWjdxV0V5UUlyT3VHOXJyZlUwQlFuem90TkpsSjFfWV9mbUhPZXpkWGY0QXR1QjhkT2swNjM2ZVgyOTE2cENLZFJqYW9OM1BRTk8zdlY0b2JRWmpySVp0b0MxVWsxZGhyYVpvZGdlSXg4NThxdk8wdGRXdUN5RHF5Mk94eEY2dEFXRXQxRXFwR3ZwTWhUMy1XeVg3WWxxR2xiWkZ5MWJRZGRlUGxYdzVvc3dMaFFPWUd3cVhzOEdoYjc0dzg?oc=5\" target=\"_blank\" rel=\"noopener\">\u00ab\u00a0Des investigations sont en cours afin de d\u00e9terminer l\u2019origine de la contamination\u00a0\u00bb : un homme meurt de la rage \u00e0 Perpignan<\/a>&nbsp;&nbsp;L&rsquo;Ind\u00e9pendant<\/li>\n<li><a href=\"https:\/\/news.google.com\/rss\/articles\/CBMi-gFBVV95cUxOUE91bl9JQk15LXpzSHJ6MEJ6N1psSGhOR0JlYlhWR1NDdGFzdWVKT2RXV2xVVXZDdW0tSHFJN0NQcFlUTTUwYll5dWlWbWpzWmJtWVNFbG5LanFxSC1aNEI4SlNHRnR6bVB2NEpFRWlxQVNWSlpMWFh6WW1DazBRR2ZlcFdIcWRaM3NITzgtejlRclI4WlVyMW5vV0E5NWVoWjlJTjl1eDdxeWZ0M2RWQXEtY0pBNmJMbmxVck1jUk53NF9NQnM2ZHR4cW56ZTJGTy1zeVpTM3BWTjFwTm5mZUMtRll3TC1kaE94N1lKalVIZWpUdHZsMm5R?oc=5\" target=\"_blank\" rel=\"noopener\">D\u00e9c\u00e8s d\u2019un homme de la rage \u00e0 Perpignan : 8 questions sur ce virus qui tue 59 000 personnes par an<\/a>&nbsp;&nbsp;Ouest-France<\/li>\n<\/ol>\n","protected":false},"excerpt":{"rendered":"\u00ab Il nous faut la v\u00e9rit\u00e9 \u00bb : la d\u00e9tresse de l\u2019ex-petite amie d\u2019Oussama, d\u00e9c\u00e9d\u00e9 de la rage&hellip;\n","protected":false},"author":2,"featured_media":436297,"comment_status":"","ping_status":"","sticky":false,"template":"","format":"standard","meta":{"footnotes":""},"categories":[10],"tags":[917,459,1011,27,72,71,104],"class_list":{"0":"post-436296","1":"post","2":"type-post","3":"status-publish","4":"format-standard","5":"has-post-thumbnail","7":"category-sante","8":"tag-actu-locale","9":"tag-departements-horsidfo","10":"tag-fr","11":"tag-france","12":"tag-health","13":"tag-sante","14":"tag-societe"},"share_on_mastodon":{"url":"https:\/\/pubeurope.com\/@fr\/115310557091847881","error":""},"_links":{"self":[{"href":"https:\/\/www.europesays.com\/fr\/wp-json\/wp\/v2\/posts\/436296","targetHints":{"allow":["GET"]}}],"collection":[{"href":"https:\/\/www.europesays.com\/fr\/wp-json\/wp\/v2\/posts"}],"about":[{"href":"https:\/\/www.europesays.com\/fr\/wp-json\/wp\/v2\/types\/post"}],"author":[{"embeddable":true,"href":"https:\/\/www.europesays.com\/fr\/wp-json\/wp\/v2\/users\/2"}],"replies":[{"embeddable":true,"href":"https:\/\/www.europesays.com\/fr\/wp-json\/wp\/v2\/comments?post=436296"}],"version-history":[{"count":0,"href":"https:\/\/www.europesays.com\/fr\/wp-json\/wp\/v2\/posts\/436296\/revisions"}],"wp:featuredmedia":[{"embeddable":true,"href":"https:\/\/www.europesays.com\/fr\/wp-json\/wp\/v2\/media\/436297"}],"wp:attachment":[{"href":"https:\/\/www.europesays.com\/fr\/wp-json\/wp\/v2\/media?parent=436296"}],"wp:term":[{"taxonomy":"category","embeddable":true,"href":"https:\/\/www.europesays.com\/fr\/wp-json\/wp\/v2\/categories?post=436296"},{"taxonomy":"post_tag","embeddable":true,"href":"https:\/\/www.europesays.com\/fr\/wp-json\/wp\/v2\/tags?post=436296"}],"curies":[{"name":"wp","href":"https:\/\/api.w.org\/{rel}","templated":true}]}}