{"id":436298,"date":"2025-10-03T13:50:13","date_gmt":"2025-10-03T13:50:13","guid":{"rendered":"https:\/\/www.europesays.com\/fr\/436298\/"},"modified":"2025-10-03T13:50:13","modified_gmt":"2025-10-03T13:50:13","slug":"un-diner-de-gala-a-300-euros-pour-prendre-une-photo-avec-la-mere-de-lamine-yamal-cest-quoi-encore-ce-delire","status":"publish","type":"post","link":"https:\/\/www.europesays.com\/fr\/436298\/","title":{"rendered":"Un d\u00eener de gala \u00e0 300 euros pour prendre une photo avec la m\u00e8re de Lamine Yamal, c\u2019est quoi encore ce d\u00e9lire\u00a0?"},"content":{"rendered":"<p>La poule aux \u0153ufs n\u2019en finit plus de pondre. Pass\u00e9 de \u00ab\u00a0simple\u00a0\u00bb ph\u00e9nom\u00e8ne du football a v\u00e9ritable ph\u00e9nom\u00e8ne de soci\u00e9t\u00e9, scrut\u00e9 dans ses moindres mouvements par la presse people, le prodige barcelonais <a href=\"https:\/\/www.20minutes.fr\/sport\/football\/lamine-yamal\/\" target=\"_blank\" class=\"c-link c-link--is-underlined\" rel=\"nofollow noopener\">Lamine Yamal<\/a> est devenue ces derniers mois une mine d\u2019or pour les sponsors qui se l\u2019arrachent.<\/p>\n<p>Mais pas que lui, ses parents aussi. En t\u00e9moigne ce d\u00eener de gala organis\u00e9 le 7\u00a0novembre prochain \u00e0 Londres par une soci\u00e9t\u00e9 sp\u00e9cialis\u00e9e dans l\u2019organisation d\u2019\u00e9v\u00e9nements autour du sport, Jen C Events, et dont Sheila Ebana, la m\u00e8re de Yamal, sera la t\u00eate d\u2019affiche. Pour avoir le privil\u00e8ge de participer \u00e0 ce d\u00eener mondain intitul\u00e9 la \u00ab\u00a0Football Fans Christmas Party\u00a0\u00bb, il faudra d\u00e9bourser entre 150 et 360 euros. Les d\u00e9tenteurs des billets les plus chers auront m\u00eame la chance &#8211; et quelle chance\u00a0! &#8211; de se faire prendre en photo avec la m\u00e8re du Barcelonais.<\/p>\n<blockquote class=\"twitter-tweet\" align=\"center\" data-lang=\"fr_FR\">\n<p lang=\"fr\" dir=\"ltr\">\ud83d\ude44  On vient de m&rsquo;envoyer cette affiche &#8230; Il s&rsquo;agit d&rsquo;une gala organis\u00e9 \u00e0 Londres par la m\u00e8re de Lamine Yamal avec des places entre 150 et 800 \u20ac.<\/p>\n<p>Au menu, du champagne, un buffet, un DJ, et la possibilit\u00e9 de faire une photo avec Sheila Ebana.<\/p>\n<p>Au-del\u00e0 du fait que je ne suis\u2026 <a href=\"https:\/\/t.co\/k4q584stX5\" rel=\"nofollow\">pic.twitter.com\/k4q584stX5<\/a><\/p>\n<p>\u2014 EspoirsduFootball (@EspoirsduFoot) <a href=\"https:\/\/twitter.com\/EspoirsduFoot\/status\/1974051831157289256?ref_src=twsrc%5Etfw\" rel=\"nofollow noopener\" target=\"_blank\">October 3, 2025<\/a><\/p><\/blockquote>\n<p class=\"mb-xxl@xs color-ultramarine font-weight-semi-bold@xs font-source-serif-pro heading-s@xs\">L\u2019acc\u00e8s \u00e0 ce contenu a \u00e9t\u00e9 bloqu\u00e9 afin de respecter votre choix de consentement<\/p>\n<p class=\"mb-m@xs text-l@xs\">En cliquant sur\u00ab J\u2019accepte \u00bb, vous acceptez le d\u00e9p\u00f4t de cookies par des services externes et aurez ainsi acc\u00e8s aux contenus de nos partenaires.<\/p>\n<p class=\"mb-xl@xs text-s@xs\">Plus d\u2019informations sur la page<a href=\"https:\/\/www.20minutes.fr\/gestion-cookies\" class=\"mx-xxs@xs color-ultramarine\" rel=\"nofollow noopener\" target=\"_blank\">Politique de gestion des cookies<\/a><\/p>\n<p>J\u2019accepteUne famille qui aime la lumi\u00e8re et les paillettes<\/p>\n<p>\u00ab\u00a0Pr\u00e9parez-vous \u00e0 rencontrer Sheila Ebana-La m\u00e8re de Lamine Yamal, la m\u00e8re de l\u2019un des meilleurs footballeurs au monde\u00a0\u00bb, est-il explicitement pr\u00e9cis\u00e9 sur <a href=\"https:\/\/www.eventbrite.co.uk\/e\/christmas-sports-dinner-gala-party-with-lamine-yamals-mother-sheila-ebana-tickets-1732517248729\" rel=\"nofollow noopener\" target=\"_blank\" class=\"c-link c-link--is-underlined\">le site<\/a> qui commercialise les tickets. On se demande bien en quoi avoir une photo de la m\u00e8re de Yamal pourrait avoir un quelconque int\u00e9r\u00eat, ni m\u00eame pourquoi la soci\u00e9t\u00e9 d\u2019\u00e9v\u00e9nementiel centre sa soir\u00e9e sur Sheila Ebana, mais il faut croire que de nos jours, \u00eatre la \u00ab\u00a0m\u00e8re de\u00a0\u00bb suffit \u00e0 attirer le chaland aux poches pleines.<\/p>\n<\/p>\n<p>Pendant que le p\u00e8re de Lamine Yamal vit sa meilleure vie d\u2019influenceur\/papa de prodige du ballon rond, <a href=\"https:\/\/www.20minutes.fr\/sport\/football\/ligue_des_champions\/4176241-20251001-barca-psg-doit-remettre-pieds-terre-barcelone-face-crainte-voir-yamal-perdre-route\" target=\"_blank\" class=\"c-link c-link--is-underlined\" rel=\"nofollow noopener\">n\u2019h\u00e9sitant pas \u00e0 prendre beaucoup (trop\u00a0?) de place<\/a> dans la vie extra-sportive de sa prog\u00e9niture, voici maintenant sa m\u00e8re qui pr\u00eate son image pour app\u00e2ter les curieux dans un gala dont les vis\u00e9es n\u2019ont rien de caritatif. Le <a href=\"https:\/\/www.20minutes.fr\/sport\/fc_barcelone\/\" target=\"_blank\" class=\"c-link c-link--is-underlined\" rel=\"nofollow noopener\">FC Barcelone<\/a> devra suivre cela de pr\u00e8s (il le fait d\u00e9j\u00e0) afin d\u2019\u00eatre s\u00fbr que leur petit g\u00e9nie et son entourage ne basculent pas du c\u00f4t\u00e9 obscur de la force.<\/p>\n<p><script async src=\"https:\/\/platform.twitter.com\/widgets.js\" charset=\"utf-8\"><\/script><\/p>\n","protected":false},"excerpt":{"rendered":"La poule aux \u0153ufs n\u2019en finit plus de pondre. Pass\u00e9 de \u00ab\u00a0simple\u00a0\u00bb ph\u00e9nom\u00e8ne du football a v\u00e9ritable ph\u00e9nom\u00e8ne&hellip;\n","protected":false},"author":2,"featured_media":436299,"comment_status":"","ping_status":"","sticky":false,"template":"","format":"standard","meta":{"footnotes":""},"categories":[9],"tags":[652,5695,63,1011,27,16748,6972,517,60],"class_list":{"0":"post-436298","1":"post","2":"type-post","3":"status-publish","4":"format-standard","5":"has-post-thumbnail","7":"category-sports","8":"tag-famille","9":"tag-fc-barcelone","10":"tag-football","11":"tag-fr","12":"tag-france","13":"tag-lamine-yamal","14":"tag-marketing","15":"tag-sport","16":"tag-sports"},"share_on_mastodon":{"url":"https:\/\/pubeurope.com\/@fr\/115310561037174662","error":""},"_links":{"self":[{"href":"https:\/\/www.europesays.com\/fr\/wp-json\/wp\/v2\/posts\/436298","targetHints":{"allow":["GET"]}}],"collection":[{"href":"https:\/\/www.europesays.com\/fr\/wp-json\/wp\/v2\/posts"}],"about":[{"href":"https:\/\/www.europesays.com\/fr\/wp-json\/wp\/v2\/types\/post"}],"author":[{"embeddable":true,"href":"https:\/\/www.europesays.com\/fr\/wp-json\/wp\/v2\/users\/2"}],"replies":[{"embeddable":true,"href":"https:\/\/www.europesays.com\/fr\/wp-json\/wp\/v2\/comments?post=436298"}],"version-history":[{"count":0,"href":"https:\/\/www.europesays.com\/fr\/wp-json\/wp\/v2\/posts\/436298\/revisions"}],"wp:featuredmedia":[{"embeddable":true,"href":"https:\/\/www.europesays.com\/fr\/wp-json\/wp\/v2\/media\/436299"}],"wp:attachment":[{"href":"https:\/\/www.europesays.com\/fr\/wp-json\/wp\/v2\/media?parent=436298"}],"wp:term":[{"taxonomy":"category","embeddable":true,"href":"https:\/\/www.europesays.com\/fr\/wp-json\/wp\/v2\/categories?post=436298"},{"taxonomy":"post_tag","embeddable":true,"href":"https:\/\/www.europesays.com\/fr\/wp-json\/wp\/v2\/tags?post=436298"}],"curies":[{"name":"wp","href":"https:\/\/api.w.org\/{rel}","templated":true}]}}