{"id":436300,"date":"2025-10-03T13:51:10","date_gmt":"2025-10-03T13:51:10","guid":{"rendered":"https:\/\/www.europesays.com\/fr\/436300\/"},"modified":"2025-10-03T13:51:10","modified_gmt":"2025-10-03T13:51:10","slug":"dans-la-speciale-medievale-du-bigdil-je-serai-le-roi-samuse-vincent-lagaf","status":"publish","type":"post","link":"https:\/\/www.europesays.com\/fr\/436300\/","title":{"rendered":"\u00ab\u00a0Dans la sp\u00e9ciale m\u00e9di\u00e9vale du \u00a0\u00bbBigdil\u00a0\u00bb, je serai le roi\u00a0\u00bb, s\u2019amuse Vincent Lagaf"},"content":{"rendered":"<p>Bip biiiip\u00a0! Ce vendredi \u00e0 21h10 sur RMC Story, le plateau du \u00ab\u00a0Bigdil\u00a0\u00bb va faire un saut dans le temps, avec une sp\u00e9ciale m\u00e9di\u00e9vale. Pour l\u2019occasion, Vincent Lagaf revient, pour 20 Minutes, sur cet in\u00e9dit. L\u2019animateur vedette de la cha\u00eene a accept\u00e9, lui aussi, de faire un bond dans le pass\u00e9 en revenant sur son \u00e9poque TF1. Une cha\u00eene avec qui il aurait m\u00eame pu renouer en cette rentr\u00e9e\u2026<\/p>\n<p>Avant toute chose, comment allez-vous\u00a0?<\/p>\n<p>Je suis plus en forme que je ne l\u2019\u00e9tais il y a dix ou quinze ans. Apr\u00e8s, je me serais bien pass\u00e9 de la frayeur que j\u2019ai eue. Cet \u00e9t\u00e9, je suis rentr\u00e9 \u00e0 l\u2019h\u00f4pital avec un pronostic vital engag\u00e9 pour un quintuple pontage. J\u2019avais une art\u00e8re bouch\u00e9e entre 95 et 97\u00a0%. Le cholest\u00e9rol qui l\u2019a bouch\u00e9 n\u2019est pas li\u00e9 \u00e0 mon alimentation, mais au stress et l\u2019adr\u00e9naline de mon m\u00e9tier. J\u2019ai eu la chance d\u2019\u00eatre op\u00e9r\u00e9 avant l\u2019accident.<\/p>\n<p>\u00cates-vous contraint de lever le pied\u00a0?<\/p>\n<p>Oui, on va tourner deux \u00ab\u00a0Bigdil\u00a0\u00bb par jour au lieu de trois. Pour \u00ab\u00a0SOS Garage\u00a0\u00bb [sur RMC D\u00e9couverte], il y en a quatre \u00e0 faire dans l\u2019ann\u00e9e, et \u00e7a demande moins de temps. Je ne fais plus de gala ni de th\u00e9\u00e2tre. J\u2019ai une vie de \u00ab\u00a0semi-retrait\u00e9\u00a0\u00bb.<\/p>\n<p>Ce vendredi, vous remettez la gomme avec une sp\u00e9ciale m\u00e9di\u00e9vale du \u00ab\u00a0Bigdil\u00a0\u00bb\u2026<\/p>\n<p>Et je serai le roi (rires)\u00a0! On va am\u00e9nager le plateau, on va tous avoir des costumes d\u2019\u00e9poque. De grands chapeaux, des voiles\u2026 On va bien s\u2019amuser.<\/p>\n<p>Avez-vous un rapport particulier au <a href=\"https:\/\/www.20minutes.fr\/dossier\/moyen_age\" class=\"c-link c-link--is-underlined\" rel=\"nofollow noopener\" target=\"_blank\">Moyen Age<\/a>\u00a0?<\/p>\n<p>Du tout. Si ce n\u2019est que j\u2019adore visiter les vieux ch\u00e2teaux et les petites ruines. Conna\u00eetre les histoires, les combats, les horreurs de ces lieux, \u00e7a me pla\u00eet.<\/p>\n<blockquote class=\"mx-m@xs mx-xxl@md color-ultramarine c-citation\">\n<p class=\"font-weight-regular@xs text-italic font-source-serif-pro text-l@xs c-citation__content\">\u00ab\u00a0Lorsque j&rsquo;ai fait 1,8 millions et le record historique de RMC Story, j&rsquo;\u00e9tais tr\u00e8s tr\u00e8s fier pour toute l&rsquo;\u00e9quipe qui a remont\u00e9 avec moi \u00a0\u00bbLe Bigdil\u00a0\u00bb\u00a0\u00bb<\/p>\n<\/blockquote>\n<p>Cette saison 2 du \u00ab\u00a0Bigdil\u00a0\u00bb, c\u2019\u00e9tait une \u00e9vidence au regard des audiences de la saison 1\u2026<\/p>\n<p>Je n\u2019ai pas le nez sur les audiences. RMC Story est contente avec 600.000 ou 800.000 t\u00e9l\u00e9spectateurs avec un seul \u00e9pisode du \u00ab\u00a0Bigdil\u00a0\u00bb, en additionnant les chiffres du replay. Le canal 23 se retrouve alors premier de la <a href=\"https:\/\/www.20minutes.fr\/dossier\/tnt\" class=\"c-link c-link--is-underlined\" rel=\"nofollow noopener\" target=\"_blank\">TNT<\/a> et dans le top 5 des cha\u00eenes nationales.<\/p>\n<p>Avez-vous bien v\u00e9cu le triomphe du retour du \u00ab\u00a0Bigdil\u00a0\u00bb \u00e0 l\u2019antenne, en janvier\u00a0?<\/p>\n<p>Je dormais quand les audiences sont tomb\u00e9es (rires). Lorsque j\u2019ai fait 1,8\u00a0million et le record historique de RMC Story, j\u2019\u00e9tais tr\u00e8s fier pour l\u2019\u00e9quipe qui a remont\u00e9 avec moi \u00ab\u00a0Le Bigdil\u00a0\u00bb. Apr\u00e8s, je savais qu\u2019on n\u2019allait pas rester au-dessus du million \u00e0 chaque num\u00e9ro. Et puis, la concurrence est redoutable, notamment celle de <a href=\"https:\/\/www.20minutes.fr\/dossier\/tf1\" class=\"c-link c-link--is-underlined\" rel=\"nofollow noopener\" target=\"_blank\">TF1<\/a>. D\u2019ailleurs, ils m\u2019ont fait une tr\u00e8s grosse proposition\u2026<\/p>\n<p>TF1 a tent\u00e9 de vous d\u00e9marcher, vous et \u00ab\u00a0Le Bigdil\u00a0\u00bb\u2026<\/p>\n<p>Oui, TF1 m\u2019a propos\u00e9 financi\u00e8rement le double de ce que j\u2019ai sur RMC Story. Pour la petite histoire, AH\u00a0! Production [qui produit \u00ab\u00a0Le Bigdil\u00a0\u00bb] avait \u00e9t\u00e9 voir TF1 avant le retour du jeu, en leur proposant. La personne qui a re\u00e7u la production n\u2019a m\u00eame pas remont\u00e9 l\u2019information \u00e0 la direction de la cha\u00eene. Apr\u00e8s la premi\u00e8re saison, les dirigeants de TF1 m\u2019ont fait une proposition pour la saison 2. J\u2019ai refus\u00e9. Du coup, le vendredi, on se retrouve face \u00e0 \u00ab\u00a0<a href=\"https:\/\/www.20minutes.fr\/arts-stars\/television\/mask-singer\/\" class=\"c-link c-link--is-underlined\" rel=\"nofollow noopener\" target=\"_blank\">Mask Singer<\/a>\u00a0\u00bb, avec un budget quatre fois plus important que le n\u00f4tre.<\/p>\n<p>A aucun moment vous vous \u00eates dit\u00a0: \u00ab\u00a0J\u2019y retourne\u00a0\u00bb\u00a0?<\/p>\n<p>J\u2019aurais eu du mal \u00e0 me regarder dans le miroir. Je me voyais mal quitter RMC, qui m\u2019a permis de renouer avec le succ\u00e8s gr\u00e2ce au \u00ab\u00a0Bigdil\u00a0\u00bb, en disant\u00a0: \u00ab\u00a0Merci, mais je pars pour le pognon\u00a0\u00bb. Je ne suis pas s\u00fbr que le public aurait appr\u00e9ci\u00e9. J\u2019ai eu la chance de tr\u00e8s bien gagner ma vie, ce qui m\u2019offre aujourd\u2019hui le luxe de travailler comme j\u2019ai envie.<\/p>\n<p>Donc aucune nostalgie de la Une\u00a0?<\/p>\n<p>Je n\u2019ai pas la nostalgie de la personne qui m\u2019appelait le matin pour me dire\u00a0: \u00ab\u00a0Tu es en fin de carri\u00e8re, tu es pass\u00e9 sous la barre des 5\u00a0millions [de t\u00e9l\u00e9spectateurs]\u00a0\u00bb. Je suis tr\u00e8s content d\u2019\u00eatre dans un groupe familial comme <a href=\"https:\/\/www.20minutes.fr\/dossier\/rmc\" class=\"c-link c-link--is-underlined\" rel=\"nofollow noopener\" target=\"_blank\">RMC<\/a>. Mais je ne regrette pas mes dix-huit ann\u00e9es pass\u00e9es sur TF1, l\u00e0 o\u00f9 j\u2019ai eu ma plus grande notori\u00e9t\u00e9 et le plus d\u2019argent.<\/p>\n<p>Qu\u2019est ce qui a chang\u00e9 entre \u00ab\u00a0Le Bigdil\u00a0\u00bb de RMC et celui de TF1, qui cartonnait il y a vingt-cinq ans\u00a0?<\/p>\n<p>Tout d\u2019abord, \u00e0 65 ans, je ne fais plus les m\u00eames choses qu\u2019\u00e0 45. Je suis plus statique. La mentalit\u00e9 aussi a chang\u00e9. Je l\u2019ai vu lorsque avec les gafettes. On m\u2019a dit\u00a0: \u00ab\u00a0Vous reprenez deux plantes vertes\u00a0\u00bb. A quoi j\u2019ai r\u00e9pondu\u00a0: \u00ab\u00a0Pardon, il y en a une qui est r\u00e9alisatrice et qui a une entreprise de bien-\u00eatre et l\u2019autre qui est r\u00e9alisatrice et organisatrice de spectacles\u00a0\u00bb. Ce sont des collaboratrices, elles ont des micros. J\u2019aurais pris que des mecs, on aurait dit que j\u2019\u00e9tais machiste. Aussi, on parle moins du physique et on joue moins avec les accents.<\/p>\n<p>Les candidats, eux-m\u00eames, ont-ils chang\u00e9\u00a0?<\/p>\n<p>Il y a beaucoup de candidats qui ont fait d\u2019autres \u00e9missions de jeu et qui viennent sur \u00ab\u00a0Le Bigdil\u00a0\u00bb. Ils sont, de mani\u00e8re g\u00e9n\u00e9rale, plus pr\u00e9par\u00e9s, beaucoup moins timides. Et ce n\u2019est pas pour me d\u00e9plaire.<\/p>\n<p><\/p>\n<p>Est-ce qu\u2019il y a des sp\u00e9ciales \u00e0 venir qui vous ont particuli\u00e8rement marqu\u00e9\u00a0?<\/p>\n<p>On a fait quarante-quatre sp\u00e9ciales pour cette saison 2. Il y aura une sp\u00e9ciale <a href=\"https:\/\/www.20minutes.fr\/dossier\/johnny_hallyday\" class=\"c-link c-link--is-underlined\" rel=\"nofollow noopener\" target=\"_blank\">Johnny Hallyday<\/a>. Je suis un grand fan. Il y aura aussi de supers sp\u00e9ciales sur la m\u00e9canique, le cirque et les pirates.<\/p>\n","protected":false},"excerpt":{"rendered":"Bip biiiip\u00a0! Ce vendredi \u00e0 21h10 sur RMC Story, le plateau du \u00ab\u00a0Bigdil\u00a0\u00bb va faire un saut dans&hellip;\n","protected":false},"author":2,"featured_media":436301,"comment_status":"","ping_status":"","sticky":false,"template":"","format":"standard","meta":{"footnotes":""},"categories":[8],"tags":[58,59,1011,27,10319,252,199,3171],"class_list":{"0":"post-436300","1":"post","2":"type-post","3":"status-publish","4":"format-standard","5":"has-post-thumbnail","7":"category-divertissement","8":"tag-divertissement","9":"tag-entertainment","10":"tag-fr","11":"tag-france","12":"tag-rmc","13":"tag-television","14":"tag-tf1","15":"tag-tnt"},"share_on_mastodon":{"url":"https:\/\/pubeurope.com\/@fr\/115310564812008577","error":""},"_links":{"self":[{"href":"https:\/\/www.europesays.com\/fr\/wp-json\/wp\/v2\/posts\/436300","targetHints":{"allow":["GET"]}}],"collection":[{"href":"https:\/\/www.europesays.com\/fr\/wp-json\/wp\/v2\/posts"}],"about":[{"href":"https:\/\/www.europesays.com\/fr\/wp-json\/wp\/v2\/types\/post"}],"author":[{"embeddable":true,"href":"https:\/\/www.europesays.com\/fr\/wp-json\/wp\/v2\/users\/2"}],"replies":[{"embeddable":true,"href":"https:\/\/www.europesays.com\/fr\/wp-json\/wp\/v2\/comments?post=436300"}],"version-history":[{"count":0,"href":"https:\/\/www.europesays.com\/fr\/wp-json\/wp\/v2\/posts\/436300\/revisions"}],"wp:featuredmedia":[{"embeddable":true,"href":"https:\/\/www.europesays.com\/fr\/wp-json\/wp\/v2\/media\/436301"}],"wp:attachment":[{"href":"https:\/\/www.europesays.com\/fr\/wp-json\/wp\/v2\/media?parent=436300"}],"wp:term":[{"taxonomy":"category","embeddable":true,"href":"https:\/\/www.europesays.com\/fr\/wp-json\/wp\/v2\/categories?post=436300"},{"taxonomy":"post_tag","embeddable":true,"href":"https:\/\/www.europesays.com\/fr\/wp-json\/wp\/v2\/tags?post=436300"}],"curies":[{"name":"wp","href":"https:\/\/api.w.org\/{rel}","templated":true}]}}