{"id":436303,"date":"2025-10-03T13:53:12","date_gmt":"2025-10-03T13:53:12","guid":{"rendered":"https:\/\/www.europesays.com\/fr\/436303\/"},"modified":"2025-10-03T13:53:12","modified_gmt":"2025-10-03T13:53:12","slug":"le-premier-ministre-sebastien-lecornu-propose-au-ps-la-creation-dune-taxe-sur-le-patrimoine-financier-mais-ne-soutiendra-pas-une-taxe-zucman","status":"publish","type":"post","link":"https:\/\/www.europesays.com\/fr\/436303\/","title":{"rendered":"Le Premier ministre S\u00e9bastien Lecornu propose au PS la cr\u00e9ation d&rsquo;une taxe sur le patrimoine financier, mais ne soutiendra pas une taxe Zucman"},"content":{"rendered":"\n<p class=\"c-chapo \">\n  \u00ab\u00a0Il y a bien un d\u00e9but de rupture sur la forme mais sur le fond, rien n&rsquo;a chang\u00e9\u00a0\u00bb, a r\u00e9agi le premier secr\u00e9taire du PS, Olivier Faure.\n<\/p>\n<p>      lire plus tard<\/p>\n<p id=\"dialog__title\" class=\"dialog__title\">Pour sauvegarder cet article, connectez-vous ou cr\u00e9ez un compte franceinfo<\/p>\n<p class=\"dialog__description\">Sans paiement. Sans abonnement.<\/p>\n<p>        Fermer la fen\u00eatre d\u2019activation des notifications France Info<\/p>\n<p>      cr\u00e9er votre compte<\/p>\n<p>      se connecter<\/p>\n<p>        Fermer la fen\u00eatre de pr\u00e9sentation<\/p>\n<p>    <img loading=\"lazy\" decoding=\"async\" class=\"signature__image lazyload\" width=\"100\" height=\"100\" data- alt=\"\" src=\"https:\/\/www.europesays.com\/fr\/wp-content\/uploads\/2025\/05\/64a68815cd1a7_placeholder-36b69ec8.png\"\/><\/p>\n<p>    Publi\u00e9 le 03\/10\/2025 13:24<\/p>\n<p>      Mis \u00e0 jour le 03\/10\/2025 13:36<\/p>\n<p>        Temps de lecture : 1min<\/p>\n<p>    <img decoding=\"async\"  alt=\"Le Premier ministre S\u00e9bastien Lecornu, le 3 octobre 2025 \u00e0 Matignon. (ALAIN JOCARD \/ POOL \/ AFP)\" width=\"432\" height=\"243\" src=\"https:\/\/www.europesays.com\/fr\/wp-content\/uploads\/2025\/10\/000-77kc9j2-68dfa158ab95e687984714.jpg\" fetchpriority=\"high\"\/><\/p>\n<p>      Le Premier ministre S\u00e9bastien Lecornu, le 3 octobre 2025 \u00e0 Matignon. (ALAIN JOCARD \/ POOL \/ AFP)<\/p>\n<p>Un (petit) pas vers la gauche\u00a0? S\u00e9bastien Lecornu a fait savoir vendredi 3 octobre, avant m\u00eame la fin de son entretien avec les socialistes, qu&rsquo;il proposait la cr\u00e9ation d&rsquo;une \u00ab\u00a0taxe sur le patrimoine financier\u00a0\u00bb, au lieu de <a href=\"https:\/\/www.franceinfo.fr\/economie\/impots\/exil-fiscal\/mesure-de-justice-fiscale-ou-frein-pour-l-economie-l-article-a-lire-pour-comprendre-le-debat-sur-la-taxe-zucman-qui-vise-les-ultrariches_7507126.html\" rel=\"nofollow noopener\" target=\"_blank\">la taxe Zucman<\/a> sur les hauts patrimoines, qu&rsquo;il juge \u00ab\u00a0dangereuse\u00a0\u00bb pour l&rsquo;\u00e9conomie et l&#8217;emploi, selon son entourage. \u00ab\u00a0Certaines optimisations fiscales de tr\u00e8s grandes fortunes ne sont pas d\u00e9fendables\u00a0\u00bb, consid\u00e8re le Premier ministre, d&rsquo;apr\u00e8s son entourage.<\/p>\n<p>Le Premier ministre a \u00e9galement promis \u00e0 la gauche une mesure de pouvoir d&rsquo;achat dans le budget. \u00ab\u00a0Tous les sc\u00e9narios sont sur la table\u00a0\u00bb, a soulign\u00e9 son entourage. Mais \u00e0 leur sortie de Matignon, les dirigeants socialistes se sont montr\u00e9s critiques sur le projet global de budget esquiss\u00e9 par le Premier ministre. Olivier Faure a \u00e9voqu\u00e9 \u00ab\u00a0une copie alarmante et insuffisante\u00a0\u00bb. \u00ab\u00a0Il y a bien un d\u00e9but de rupture sur la forme mais sur le fond, rien n&rsquo;a chang\u00e9\u00a0\u00bb, a-t-il estim\u00e9.<\/p>\n<p>S\u00e9bastien Lecornu s&rsquo;est entretenu avec les socialistes pendant pr\u00e8s de deux heures, dans un rendez-vous consid\u00e9r\u00e9 par ces derniers comme celui de la derni\u00e8re chance pour \u00e9viter la censure. Avant ses rendez-vous avec les oppositions, le Premier ministre avait annonc\u00e9 qu&rsquo;il renon\u00e7ait \u00e0 utiliser l&rsquo;article 49.3 de la Constitution. Un geste salu\u00e9 par le PS, le RN et les Ecologistes, mais que ces derniers jugent insuffisant pour ne pas censurer.<\/p>\n","protected":false},"excerpt":{"rendered":"\u00ab\u00a0Il y a bien un d\u00e9but de rupture sur la forme mais sur le fond, rien n&rsquo;a chang\u00e9\u00a0\u00bb,&hellip;\n","protected":false},"author":2,"featured_media":436304,"comment_status":"","ping_status":"","sticky":false,"template":"","format":"standard","meta":{"footnotes":""},"categories":[6],"tags":[35,33,34,1011,27],"class_list":{"0":"post-436303","1":"post","2":"type-post","3":"status-publish","4":"format-standard","5":"has-post-thumbnail","7":"category-economie","8":"tag-business","9":"tag-economie","10":"tag-economy","11":"tag-fr","12":"tag-france"},"share_on_mastodon":{"url":"https:\/\/pubeurope.com\/@fr\/115310573259887708","error":""},"_links":{"self":[{"href":"https:\/\/www.europesays.com\/fr\/wp-json\/wp\/v2\/posts\/436303","targetHints":{"allow":["GET"]}}],"collection":[{"href":"https:\/\/www.europesays.com\/fr\/wp-json\/wp\/v2\/posts"}],"about":[{"href":"https:\/\/www.europesays.com\/fr\/wp-json\/wp\/v2\/types\/post"}],"author":[{"embeddable":true,"href":"https:\/\/www.europesays.com\/fr\/wp-json\/wp\/v2\/users\/2"}],"replies":[{"embeddable":true,"href":"https:\/\/www.europesays.com\/fr\/wp-json\/wp\/v2\/comments?post=436303"}],"version-history":[{"count":0,"href":"https:\/\/www.europesays.com\/fr\/wp-json\/wp\/v2\/posts\/436303\/revisions"}],"wp:featuredmedia":[{"embeddable":true,"href":"https:\/\/www.europesays.com\/fr\/wp-json\/wp\/v2\/media\/436304"}],"wp:attachment":[{"href":"https:\/\/www.europesays.com\/fr\/wp-json\/wp\/v2\/media?parent=436303"}],"wp:term":[{"taxonomy":"category","embeddable":true,"href":"https:\/\/www.europesays.com\/fr\/wp-json\/wp\/v2\/categories?post=436303"},{"taxonomy":"post_tag","embeddable":true,"href":"https:\/\/www.europesays.com\/fr\/wp-json\/wp\/v2\/tags?post=436303"}],"curies":[{"name":"wp","href":"https:\/\/api.w.org\/{rel}","templated":true}]}}